{"id":31821,"date":"2025-07-07T08:03:00","date_gmt":"2025-07-07T11:03:00","guid":{"rendered":"https:\/\/minutobahia24h.com.br\/?p=31821"},"modified":"2025-07-07T08:03:02","modified_gmt":"2025-07-07T11:03:02","slug":"frio-avanca-no-interior-da-bahia-e-termometros-marcam-135-oc","status":"publish","type":"post","link":"https:\/\/minutobahia24h.com.br\/?p=31821","title":{"rendered":"Frio avan\u00e7a no interior da Bahia e term\u00f4metros marcam 13,5 \u00baC"},"content":{"rendered":"<div class=\"wp-block-image\">\n<figure class=\"aligncenter size-full\"><img data-recalc-dims=\"1\" fetchpriority=\"high\" decoding=\"async\" width=\"600\" height=\"420\" src=\"https:\/\/i0.wp.com\/minutobahia24h.com.br\/wp-content\/uploads\/2025\/07\/Sem-titulo-79.jpg?resize=600%2C420&#038;ssl=1\" alt=\"\" class=\"wp-image-31822\" srcset=\"https:\/\/i0.wp.com\/minutobahia24h.com.br\/wp-content\/uploads\/2025\/07\/Sem-titulo-79.jpg?w=600&amp;ssl=1 600w, https:\/\/i0.wp.com\/minutobahia24h.com.br\/wp-content\/uploads\/2025\/07\/Sem-titulo-79.jpg?resize=300%2C210&amp;ssl=1 300w\" sizes=\"(max-width: 600px) 100vw, 600px\" \/><figcaption class=\"wp-element-caption\">Foto: Jamile Amine\/bahia.ba<br><\/figcaption><\/figure>\n<\/div>\n\n\n<p>O munic\u00edpio de Lu\u00eds Eduardo Magalh\u00e3es, no oeste da Bahia, registrou 13,5 \u00baC no s\u00e1bado (5) e liderou o ranking estadual das menores temperaturas do dia, segundo levantamento do Instituto Nacional de Meteorologia (Inmet). Apesar do frio, a cidade ocupou apenas a 243\u00aa posi\u00e7\u00e3o entre os munic\u00edpios mais gelados do pa\u00eds.<\/p>\n\n\n\n<p>A queda de temperatura tamb\u00e9m foi sentida em outras regi\u00f5es baianas. Barreiras (13,9 \u00baC), Vit\u00f3ria da Conquista (15,1 \u00baC), Correntina (15,5 \u00baC), Itiru\u00e7u (16,3 \u00baC), Barra (16,6 \u00baC), Amargosa (16,9 \u00baC) e Irec\u00ea (17,5 \u00baC) completam a lista dos munic\u00edpios com marcas inferiores aos 17 \u00baC.<\/p>\n\n\n\n<p><strong>Inverno traz temperaturas baixas e alerta de umidade<\/strong><\/p>\n\n\n\n<p>O cen\u00e1rio \u00e9 t\u00edpico do inverno no interior baiano, esta\u00e7\u00e3o que teve in\u00edcio no dia 20 de junho e segue at\u00e9 22 de setembro.<\/p>\n\n\n\n<p>No ano passado, Vit\u00f3ria da Conquista chegou a registrar 6,5 \u00baC, uma das menores marcas desde o in\u00edcio da s\u00e9rie hist\u00f3rica de medi\u00e7\u00f5es do Instituto do Meio Ambiente e Recursos H\u00eddricos (Inema), em 1976.<\/p>\n\n\n\n<p>Al\u00e9m do frio, seis dessas oito cidades est\u00e3o sob alerta de baixa umidade do Inmet, com \u00edndices podendo atingir 20%. Apenas Itiru\u00e7u e Amargosa ficaram de fora do aviso, v\u00e1lido at\u00e9 a segunda-feira (7).<\/p>\n\n\n\n<p>De acordo com a Organiza\u00e7\u00e3o Mundial da Sa\u00fade (OMS), o ideal \u00e9 que a umidade relativa do ar fique entre 40% e 60%.<\/p>\n\n\n\n<p><strong>Salvador segue com instabilidade e chuva nos pr\u00f3ximos dias<\/strong><\/p>\n\n\n\n<p>Na capital baiana, o clima \u00e9 de instabilidade. Entre este domingo (6) e a segunda-feira (7), a previs\u00e3o aponta continuidade das chuvas, provocadas pela atua\u00e7\u00e3o de uma frente fria e um cavado, fen\u00f4meno atmosf\u00e9rico que indica regi\u00f5es de baixa press\u00e3o.<\/p>\n\n\n\n<p>Segundo a Defesa Civil de Salvador (Codesal), os bairros com maior ac\u00famulo de chuva nas \u00faltimas 48 horas foram S\u00e3o Marcos (77 mm), Brotas (65,8 mm) e Patamares (65,2 mm).<\/p>\n\n\n\n<p>A menor temperatura na capital, no s\u00e1bado, foi de 20,4 \u00baC. A expectativa \u00e9 de que o tempo comece a melhorar a partir de quarta-feira (9), com redu\u00e7\u00e3o gradual das precipita\u00e7\u00f5es.<\/p>\n\n\n\n<p>Bahia.ba<\/p>\n","protected":false},"excerpt":{"rendered":"<p>O munic\u00edpio de Lu\u00eds Eduardo Magalh\u00e3es, no oeste da Bahia, registrou 13,5 \u00baC no s\u00e1bado (5) e liderou o ranking estadual das menores temperaturas do dia, segundo levantamento do Instituto Nacional de Meteorologia (Inmet). Apesar do frio, a cidade ocupou apenas a 243\u00aa posi\u00e7\u00e3o entre os munic\u00edpios mais gelados do pa\u00eds. A queda de temperatura [&hellip;]<\/p>\n","protected":false},"author":2,"featured_media":31822,"comment_status":"open","ping_status":"open","sticky":false,"template":"","format":"standard","meta":{"_jetpack_memberships_contains_paid_content":false,"footnotes":""},"categories":[21],"tags":[],"class_list":["post-31821","post","type-post","status-publish","format-standard","has-post-thumbnail","hentry","category-bahia"],"aioseo_notices":[],"jetpack_featured_media_url":"https:\/\/i0.wp.com\/minutobahia24h.com.br\/wp-content\/uploads\/2025\/07\/Sem-titulo-79.jpg?fit=600%2C420&ssl=1","jetpack_sharing_enabled":true,"_links":{"self":[{"href":"https:\/\/minutobahia24h.com.br\/index.php?rest_route=\/wp\/v2\/posts\/31821","targetHints":{"allow":["GET"]}}],"collection":[{"href":"https:\/\/minutobahia24h.com.br\/index.php?rest_route=\/wp\/v2\/posts"}],"about":[{"href":"https:\/\/minutobahia24h.com.br\/index.php?rest_route=\/wp\/v2\/types\/post"}],"author":[{"embeddable":true,"href":"https:\/\/minutobahia24h.com.br\/index.php?rest_route=\/wp\/v2\/users\/2"}],"replies":[{"embeddable":true,"href":"https:\/\/minutobahia24h.com.br\/index.php?rest_route=%2Fwp%2Fv2%2Fcomments&post=31821"}],"version-history":[{"count":1,"href":"https:\/\/minutobahia24h.com.br\/index.php?rest_route=\/wp\/v2\/posts\/31821\/revisions"}],"predecessor-version":[{"id":31823,"href":"https:\/\/minutobahia24h.com.br\/index.php?rest_route=\/wp\/v2\/posts\/31821\/revisions\/31823"}],"wp:featuredmedia":[{"embeddable":true,"href":"https:\/\/minutobahia24h.com.br\/index.php?rest_route=\/wp\/v2\/media\/31822"}],"wp:attachment":[{"href":"https:\/\/minutobahia24h.com.br\/index.php?rest_route=%2Fwp%2Fv2%2Fmedia&parent=31821"}],"wp:term":[{"taxonomy":"category","embeddable":true,"href":"https:\/\/minutobahia24h.com.br\/index.php?rest_route=%2Fwp%2Fv2%2Fcategories&post=31821"},{"taxonomy":"post_tag","embeddable":true,"href":"https:\/\/minutobahia24h.com.br\/index.php?rest_route=%2Fwp%2Fv2%2Ftags&post=31821"}],"curies":[{"name":"wp","href":"https:\/\/api.w.org\/{rel}","templated":true}]}}