{"id":31775,"date":"2025-07-07T07:20:10","date_gmt":"2025-07-07T10:20:10","guid":{"rendered":"https:\/\/minutobahia24h.com.br\/?p=31775"},"modified":"2025-07-07T07:20:11","modified_gmt":"2025-07-07T10:20:11","slug":"em-curaca-governador-prestigia-tradicional-festa-dos-vaqueiros-e-anuncia-novos-investimentos-para-o-municipio","status":"publish","type":"post","link":"https:\/\/minutobahia24h.com.br\/?p=31775","title":{"rendered":"Em Cura\u00e7\u00e1, governador prestigia tradicional Festa dos Vaqueiros e anuncia novos investimentos para o munic\u00edpio"},"content":{"rendered":"<div class=\"wp-block-image\">\n<figure class=\"aligncenter size-full\"><img data-recalc-dims=\"1\" fetchpriority=\"high\" decoding=\"async\" width=\"698\" height=\"402\" src=\"https:\/\/i0.wp.com\/minutobahia24h.com.br\/wp-content\/uploads\/2025\/07\/Sem-titulo-64.jpg?resize=698%2C402&#038;ssl=1\" alt=\"\" class=\"wp-image-31776\" srcset=\"https:\/\/i0.wp.com\/minutobahia24h.com.br\/wp-content\/uploads\/2025\/07\/Sem-titulo-64.jpg?w=698&amp;ssl=1 698w, https:\/\/i0.wp.com\/minutobahia24h.com.br\/wp-content\/uploads\/2025\/07\/Sem-titulo-64.jpg?resize=300%2C173&amp;ssl=1 300w\" sizes=\"(max-width: 698px) 100vw, 698px\" \/><\/figure>\n<\/div>\n\n\n<p>O governador Jer\u00f4nimo Rodrigues esteve, neste domingo (6), no munic\u00edpio de Cura\u00e7\u00e1, no norte da Bahia, onde participou da tradicional Festa dos Vaqueiros, que chegou \u00e0 sua 72\u00aa edi\u00e7\u00e3o em 2025.<\/p>\n\n\n\n<p>O evento, que celebra a cultura sertaneja com o tema &#8220;F\u00e9 e Tradi\u00e7\u00e3o que une o Sert\u00e3o&#8221;, \u00e9 considerado Patrim\u00f4nio Cultural Imaterial da Bahia e movimenta anualmente a economia e o turismo da regi\u00e3o. Durante a visita, o governador tamb\u00e9m entregou obras e anunciou novos investimentos para o munic\u00edpio.<\/p>\n\n\n\n<p>A Festa dos Vaqueiros \u00e9 um s\u00edmbolo da cultura do sert\u00e3o, um momento de f\u00e9, tradi\u00e7\u00e3o e orgulho para o povo baiano. Estar aqui \u00e9 valorizar essa identidade e, ao mesmo tempo, trazer a\u00e7\u00f5es concretas, como a entrega de uma retroescavadeira para apoiar os servi\u00e7os urbanos e a zona rural, al\u00e9m da autoriza\u00e7\u00e3o da licita\u00e7\u00e3o para a pavimenta\u00e7\u00e3o com ciclofaixa, que vai garantir mais mobilidade e desenvolvimento&#8221;, afirmou Jer\u00f4nimo Rodrigues.<\/p>\n\n\n\n<p>Os investimentos apresentados pelo governador somam cerca de R$ 8 milh\u00f5es. A retroescavadeira entregue vai refor\u00e7ar a infraestrutura de Cura\u00e7\u00e1, com impacto na manuten\u00e7\u00e3o de estradas, limpeza e apoio \u00e0 agricultura familiar. Tamb\u00e9m foi autorizada a licita\u00e7\u00e3o para restaurar e duplicar o trecho entre o entroncamento da BA-120 e o centro, com constru\u00e7\u00e3o de ciclofaixa. A obra visa melhorar o tr\u00e1fego, ampliar a seguran\u00e7a e impulsionar o desenvolvimento urbano.<\/p>\n\n\n\n<p>Para os moradores, a obra na rodovia representa uma conquista importante. &#8220;Esse trecho \u00e9 muito movimentado e estava precisando de uma aten\u00e7\u00e3o. Vai melhorar muito pra quem depende da estrada pra trabalhar ou estudar.&#8221;, disse Jos\u00e9 Carlos dos Santos, morador da regi\u00e3o.<\/p>\n\n\n\n<p>Secom Bahia<\/p>\n","protected":false},"excerpt":{"rendered":"<p>O governador Jer\u00f4nimo Rodrigues esteve, neste domingo (6), no munic\u00edpio de Cura\u00e7\u00e1, no norte da Bahia, onde participou da tradicional Festa dos Vaqueiros, que chegou \u00e0 sua 72\u00aa edi\u00e7\u00e3o em 2025. O evento, que celebra a cultura sertaneja com o tema &#8220;F\u00e9 e Tradi\u00e7\u00e3o que une o Sert\u00e3o&#8221;, \u00e9 considerado Patrim\u00f4nio Cultural Imaterial da Bahia [&hellip;]<\/p>\n","protected":false},"author":2,"featured_media":31776,"comment_status":"open","ping_status":"open","sticky":false,"template":"","format":"standard","meta":{"_jetpack_memberships_contains_paid_content":false,"footnotes":""},"categories":[3],"tags":[],"class_list":["post-31775","post","type-post","status-publish","format-standard","has-post-thumbnail","hentry","category-regional"],"aioseo_notices":[],"jetpack_featured_media_url":"https:\/\/i0.wp.com\/minutobahia24h.com.br\/wp-content\/uploads\/2025\/07\/Sem-titulo-64.jpg?fit=698%2C402&ssl=1","jetpack_sharing_enabled":true,"_links":{"self":[{"href":"https:\/\/minutobahia24h.com.br\/index.php?rest_route=\/wp\/v2\/posts\/31775","targetHints":{"allow":["GET"]}}],"collection":[{"href":"https:\/\/minutobahia24h.com.br\/index.php?rest_route=\/wp\/v2\/posts"}],"about":[{"href":"https:\/\/minutobahia24h.com.br\/index.php?rest_route=\/wp\/v2\/types\/post"}],"author":[{"embeddable":true,"href":"https:\/\/minutobahia24h.com.br\/index.php?rest_route=\/wp\/v2\/users\/2"}],"replies":[{"embeddable":true,"href":"https:\/\/minutobahia24h.com.br\/index.php?rest_route=%2Fwp%2Fv2%2Fcomments&post=31775"}],"version-history":[{"count":1,"href":"https:\/\/minutobahia24h.com.br\/index.php?rest_route=\/wp\/v2\/posts\/31775\/revisions"}],"predecessor-version":[{"id":31777,"href":"https:\/\/minutobahia24h.com.br\/index.php?rest_route=\/wp\/v2\/posts\/31775\/revisions\/31777"}],"wp:featuredmedia":[{"embeddable":true,"href":"https:\/\/minutobahia24h.com.br\/index.php?rest_route=\/wp\/v2\/media\/31776"}],"wp:attachment":[{"href":"https:\/\/minutobahia24h.com.br\/index.php?rest_route=%2Fwp%2Fv2%2Fmedia&parent=31775"}],"wp:term":[{"taxonomy":"category","embeddable":true,"href":"https:\/\/minutobahia24h.com.br\/index.php?rest_route=%2Fwp%2Fv2%2Fcategories&post=31775"},{"taxonomy":"post_tag","embeddable":true,"href":"https:\/\/minutobahia24h.com.br\/index.php?rest_route=%2Fwp%2Fv2%2Ftags&post=31775"}],"curies":[{"name":"wp","href":"https:\/\/api.w.org\/{rel}","templated":true}]}}