{"id":31772,"date":"2025-07-07T07:18:29","date_gmt":"2025-07-07T10:18:29","guid":{"rendered":"https:\/\/minutobahia24h.com.br\/?p=31772"},"modified":"2025-07-07T07:18:30","modified_gmt":"2025-07-07T10:18:30","slug":"maratonista-de-petrolina-e-convocado-para-selecao-brasileira-no-pan-americano-de-maratona","status":"publish","type":"post","link":"https:\/\/minutobahia24h.com.br\/?p=31772","title":{"rendered":"Maratonista de Petrolina \u00e9 convocado para sele\u00e7\u00e3o brasileira no Pan-Americano de Maratona"},"content":{"rendered":"<div class=\"wp-block-image\">\n<figure class=\"aligncenter size-full\"><img data-recalc-dims=\"1\" fetchpriority=\"high\" decoding=\"async\" width=\"768\" height=\"610\" src=\"https:\/\/i0.wp.com\/minutobahia24h.com.br\/wp-content\/uploads\/2025\/07\/Sem-titulo-63.jpg?resize=768%2C610&#038;ssl=1\" alt=\"\" class=\"wp-image-31773\" srcset=\"https:\/\/i0.wp.com\/minutobahia24h.com.br\/wp-content\/uploads\/2025\/07\/Sem-titulo-63.jpg?w=768&amp;ssl=1 768w, https:\/\/i0.wp.com\/minutobahia24h.com.br\/wp-content\/uploads\/2025\/07\/Sem-titulo-63.jpg?resize=300%2C238&amp;ssl=1 300w, https:\/\/i0.wp.com\/minutobahia24h.com.br\/wp-content\/uploads\/2025\/07\/Sem-titulo-63.jpg?resize=750%2C596&amp;ssl=1 750w\" sizes=\"(max-width: 768px) 100vw, 768px\" \/><\/figure>\n<\/div>\n\n\n<p>O maratonista Justino Pedro da Silva, atleta da Associa\u00e7\u00e3o Petrolinense de Atletismo (APA), foi convocado para integrar a sele\u00e7\u00e3o brasileira no Campeonato Pan-Americano de Maratona, que acontecer\u00e1 no dia 27 de julho, em S\u00e3o Paulo. Justino \u00e9 um dos principais nomes das corridas de rua no Brasil atualmente, acumulando t\u00edtulos nacionais e participa\u00e7\u00f5es em competi\u00e7\u00f5es internacionais.<\/p>\n\n\n\n<p>Recentemente, em junho, Justino foi o melhor brasileiro na Maratona do Rio, conquistando o terceiro lugar geral. Sobre a convoca\u00e7\u00e3o, o atleta comemorou:<br>\u201c<em>Estou muito feliz pela convoca\u00e7\u00e3o e por ter, mais uma vez, a oportunidade de representar o Brasil. \u00c9 uma conquista fruto de muito treino, muita luta. Agrade\u00e7o \u00e0 APA e a toda a comiss\u00e3o t\u00e9cnica. Agora \u00e9 seguir treinando e me preparar bem para fazer uma grande prova<\/em>.\u201d<\/p>\n\n\n\n<p>Com essa convoca\u00e7\u00e3o, a APA alcan\u00e7a um marco in\u00e9dito: tr\u00eas atletas da mesma equipe est\u00e3o na sele\u00e7\u00e3o brasileira para uma competi\u00e7\u00e3o internacional. Justino se junta aos companheiros Jos\u00e9 M\u00e1rcio Le\u00e3o e Mirela Saturnino, tamb\u00e9m confirmados para o Pan-Americano.<\/p>\n\n\n\n<p>O treinador Marciano Barros destacou a import\u00e2ncia desse resultado: \u201cEssa convoca\u00e7\u00e3o tripla \u00e9 a prova da for\u00e7a do trabalho que desenvolvemos na APA. \u00c9 um resultado que nos enche de orgulho e reafirma o comprometimento da equipe t\u00e9cnica e o potencial do atletismo no sert\u00e3o pernambucano. Agradecemos a toda a nossa diretoria, torcedores e aos nossos patrocinadores, Nubank, Seiva do Vale e GDM, por acreditarem nesse projeto e tornarem tudo isso poss\u00edvel.\u201d<\/p>\n\n\n\n<p>O Campeonato Pan-Americano ser\u00e1 realizado em conjunto com a Maratona Internacional de S\u00e3o Paulo, que deve reunir cerca de 20 mil corredores nas modalidades meia maratona e maratona. A largada dos 42,195 km ocorrer\u00e1 na Pra\u00e7a Charles Miller, no Pacaembu, passando por 18 bairros at\u00e9 a chegada no Jockey Club de S\u00e3o Paulo, no bairro Cidade Jardim.<\/p>\n\n\n\n<p>carlosbritto<\/p>\n","protected":false},"excerpt":{"rendered":"<p>O maratonista Justino Pedro da Silva, atleta da Associa\u00e7\u00e3o Petrolinense de Atletismo (APA), foi convocado para integrar a sele\u00e7\u00e3o brasileira no Campeonato Pan-Americano de Maratona, que acontecer\u00e1 no dia 27 de julho, em S\u00e3o Paulo. Justino \u00e9 um dos principais nomes das corridas de rua no Brasil atualmente, acumulando t\u00edtulos nacionais e participa\u00e7\u00f5es em competi\u00e7\u00f5es [&hellip;]<\/p>\n","protected":false},"author":2,"featured_media":31773,"comment_status":"open","ping_status":"open","sticky":false,"template":"","format":"standard","meta":{"_jetpack_memberships_contains_paid_content":false,"footnotes":""},"categories":[3],"tags":[],"class_list":["post-31772","post","type-post","status-publish","format-standard","has-post-thumbnail","hentry","category-regional"],"aioseo_notices":[],"jetpack_featured_media_url":"https:\/\/i0.wp.com\/minutobahia24h.com.br\/wp-content\/uploads\/2025\/07\/Sem-titulo-63.jpg?fit=768%2C610&ssl=1","jetpack_sharing_enabled":true,"_links":{"self":[{"href":"https:\/\/minutobahia24h.com.br\/index.php?rest_route=\/wp\/v2\/posts\/31772","targetHints":{"allow":["GET"]}}],"collection":[{"href":"https:\/\/minutobahia24h.com.br\/index.php?rest_route=\/wp\/v2\/posts"}],"about":[{"href":"https:\/\/minutobahia24h.com.br\/index.php?rest_route=\/wp\/v2\/types\/post"}],"author":[{"embeddable":true,"href":"https:\/\/minutobahia24h.com.br\/index.php?rest_route=\/wp\/v2\/users\/2"}],"replies":[{"embeddable":true,"href":"https:\/\/minutobahia24h.com.br\/index.php?rest_route=%2Fwp%2Fv2%2Fcomments&post=31772"}],"version-history":[{"count":1,"href":"https:\/\/minutobahia24h.com.br\/index.php?rest_route=\/wp\/v2\/posts\/31772\/revisions"}],"predecessor-version":[{"id":31774,"href":"https:\/\/minutobahia24h.com.br\/index.php?rest_route=\/wp\/v2\/posts\/31772\/revisions\/31774"}],"wp:featuredmedia":[{"embeddable":true,"href":"https:\/\/minutobahia24h.com.br\/index.php?rest_route=\/wp\/v2\/media\/31773"}],"wp:attachment":[{"href":"https:\/\/minutobahia24h.com.br\/index.php?rest_route=%2Fwp%2Fv2%2Fmedia&parent=31772"}],"wp:term":[{"taxonomy":"category","embeddable":true,"href":"https:\/\/minutobahia24h.com.br\/index.php?rest_route=%2Fwp%2Fv2%2Fcategories&post=31772"},{"taxonomy":"post_tag","embeddable":true,"href":"https:\/\/minutobahia24h.com.br\/index.php?rest_route=%2Fwp%2Fv2%2Ftags&post=31772"}],"curies":[{"name":"wp","href":"https:\/\/api.w.org\/{rel}","templated":true}]}}