{"id":3164,"date":"2023-10-31T08:24:32","date_gmt":"2023-10-31T11:24:32","guid":{"rendered":"https:\/\/minutobahia24h.com.br\/?p=3164"},"modified":"2023-10-31T08:24:33","modified_gmt":"2023-10-31T11:24:33","slug":"dia-de-finados-e-o-penultimo-feriadao-nacional-e-2024-tera-poucos-veja-quais","status":"publish","type":"post","link":"https:\/\/minutobahia24h.com.br\/?p=3164","title":{"rendered":"Dia de Finados \u00e9 o pen\u00faltimo feriad\u00e3o nacional e 2024 ter\u00e1 poucos; veja quais"},"content":{"rendered":"<div class=\"wp-block-image\">\n<figure class=\"aligncenter size-full\"><img data-recalc-dims=\"1\" fetchpriority=\"high\" decoding=\"async\" width=\"800\" height=\"537\" src=\"https:\/\/i0.wp.com\/minutobahia24h.com.br\/wp-content\/uploads\/2023\/10\/Sem-titulo-196.jpg?resize=800%2C537&#038;ssl=1\" alt=\"\" class=\"wp-image-3166\" srcset=\"https:\/\/i0.wp.com\/minutobahia24h.com.br\/wp-content\/uploads\/2023\/10\/Sem-titulo-196.jpg?w=882&amp;ssl=1 882w, https:\/\/i0.wp.com\/minutobahia24h.com.br\/wp-content\/uploads\/2023\/10\/Sem-titulo-196.jpg?resize=300%2C201&amp;ssl=1 300w, https:\/\/i0.wp.com\/minutobahia24h.com.br\/wp-content\/uploads\/2023\/10\/Sem-titulo-196.jpg?resize=768%2C515&amp;ssl=1 768w, https:\/\/i0.wp.com\/minutobahia24h.com.br\/wp-content\/uploads\/2023\/10\/Sem-titulo-196.jpg?resize=750%2C503&amp;ssl=1 750w\" sizes=\"(max-width: 800px) 100vw, 800px\" \/><figcaption class=\"wp-element-caption\">Dia de Finados cai nesta quinta-feira \u2014 Foto: Domingos Peixoto \/ Ag\u00eancia O Globo<br><\/figcaption><\/figure>\n<\/div>\n\n\n<p>Celebrado em 2 de novembro, o\u00a0<a class=\"\" href=\"https:\/\/oglobo.globo.com\/busca\/click?q=dia+de+finados&amp;p=2&amp;r=1698709749075&amp;u=https%3A%2F%2Foglobo.globo.com%2Frio%2Fbairros%2Fana-claudia-guimaraes%2Fpost%2F2023%2F10%2Fdia-de-finados-memorial-campo-da-paz-cemiterio-ecologico-lanca-uma-urna-biodegradavel.ghtml&amp;syn=False&amp;key=4a7f154227d05709b812d22583131dfe\">Dia de Finados<\/a>\u00a0\u00e9 o pr\u00f3ximo e \u00faltimo feriado prolongado de 2023. Por cair em uma quinta-feira, diferentes empresas e \u00f3rg\u00e3os p\u00fablicos adotam a sexta-feira como ponto facultativo e emendam a folga. Este ano, quem gosta de viajar teve um prato cheio, com sete feriad\u00f5es.<\/p>\n\n\n\n<p>Assim como Finados, Independ\u00eancia do Brasil (7 de setembro) e Nossa Senhora Aparecida (12 de outubro) tamb\u00e9m ca\u00edram em quintas-feiras, com a possibilidade da \u201cfamosa\u201d emenda. Outros quatro foram na segunda ou na sexta-feira: Paix\u00e3o de Cristo (7 de abril), Tiradentes (21 de abril), Dia Mundial do Trabalho (1\u00ba de maio). O Natal (25 de dezembro) tamb\u00e9m ser\u00e1 em uma segunda-feira.<\/p>\n\n\n\n<p>Com poucos meses para a virada, muitos brasileiros j\u00e1 querem se programar para 2024, que, ao contr\u00e1rio deste ano, vai contar apenas com tr\u00eas feriados prolongados de cunho nacional. O Dia da Confraterniza\u00e7\u00e3o Universal (1 de janeiro) cair\u00e1 numa segunda-feira, enquanto Paix\u00e3o de Cristo (29 de mar\u00e7o) e Proclama\u00e7\u00e3o da Rep\u00fablica (15 de novembro) ser\u00e3o em duas sextas-feiras, conferindo a possibilidade de emenda com o final de semana.<\/p>\n\n\n\n<p>O calend\u00e1rio oficial do Governo Federal deve ser divulgado em dezembro deste ano, com os feriados nacionais e pontos facultativos.<\/p>\n\n\n\n<h2 class=\"wp-block-heading\"><strong>Confira os feriados e pontos facultativos de 2024:<\/strong><\/h2>\n\n\n\n<p><strong>Feriados nacionais:<\/strong><\/p>\n\n\n\n<ul class=\"wp-block-list\">\n<li><strong>1\u00b0 de janeiro:<\/strong>&nbsp;Confraterniza\u00e7\u00e3o Universal (segunda-feira);<\/li>\n\n\n\n<li><strong>29 de mar\u00e7o:<\/strong>&nbsp;Sexta-Feira Santa\/Paix\u00e3o de Cristo (sexta-feira);<\/li>\n\n\n\n<li><strong>21 de abril:<\/strong>&nbsp;Tiradentes (domingo);<\/li>\n\n\n\n<li><strong>1\u00ba de maio:&nbsp;<\/strong>Dia Mundial do Trabalho (quarta-feira);<\/li>\n\n\n\n<li><strong>7 de setembro:<\/strong>&nbsp;Independ\u00eancia do Brasil (s\u00e1bado);<\/li>\n\n\n\n<li><strong>12 de outubro:<\/strong>&nbsp;Nossa Senhora Aparecida (s\u00e1bado);<\/li>\n\n\n\n<li><strong>2 de novembro:<\/strong>&nbsp;Finados (s\u00e1bado);<\/li>\n\n\n\n<li><strong>15 de novembro:<\/strong>&nbsp;Proclama\u00e7\u00e3o da Rep\u00fablica (sexta-feira);<\/li>\n\n\n\n<li><strong>25 de dezembro:<\/strong>&nbsp;Natal (quarta-feira).<\/li>\n<\/ul>\n\n\n\n<p><strong>Pontos facultativos:<\/strong><\/p>\n\n\n\n<ul class=\"wp-block-list\">\n<li><strong>12 de fevereiro:<\/strong>&nbsp;Carnaval (segunda-feira);<\/li>\n\n\n\n<li><strong>13 de fevereiro:<\/strong>&nbsp;Carnaval (ter\u00e7a-feira);<\/li>\n\n\n\n<li><strong>14 de fevereiro:&nbsp;<\/strong>Quarta-Feira de Cinzas (quarta-feira);<\/li>\n\n\n\n<li><strong>30 de maio:<\/strong>&nbsp;Corpus Christi (quinta-feira);<\/li>\n\n\n\n<li><strong>28 de outubro:<\/strong>&nbsp;Dia do Servidor P\u00fablico (segunda-feira).<\/li>\n<\/ul>\n","protected":false},"excerpt":{"rendered":"<p>Celebrado em 2 de novembro, o\u00a0Dia de Finados\u00a0\u00e9 o pr\u00f3ximo e \u00faltimo feriado prolongado de 2023. Por cair em uma quinta-feira, diferentes empresas e \u00f3rg\u00e3os p\u00fablicos adotam a sexta-feira como ponto facultativo e emendam a folga. Este ano, quem gosta de viajar teve um prato cheio, com sete feriad\u00f5es. Assim como Finados, Independ\u00eancia do Brasil [&hellip;]<\/p>\n","protected":false},"author":2,"featured_media":3166,"comment_status":"open","ping_status":"open","sticky":false,"template":"","format":"standard","meta":{"_jetpack_memberships_contains_paid_content":false,"footnotes":""},"categories":[2],"tags":[],"class_list":["post-3164","post","type-post","status-publish","format-standard","has-post-thumbnail","hentry","category-nacional"],"aioseo_notices":[],"jetpack_featured_media_url":"https:\/\/i0.wp.com\/minutobahia24h.com.br\/wp-content\/uploads\/2023\/10\/Sem-titulo-196.jpg?fit=882%2C592&ssl=1","jetpack_sharing_enabled":true,"_links":{"self":[{"href":"https:\/\/minutobahia24h.com.br\/index.php?rest_route=\/wp\/v2\/posts\/3164","targetHints":{"allow":["GET"]}}],"collection":[{"href":"https:\/\/minutobahia24h.com.br\/index.php?rest_route=\/wp\/v2\/posts"}],"about":[{"href":"https:\/\/minutobahia24h.com.br\/index.php?rest_route=\/wp\/v2\/types\/post"}],"author":[{"embeddable":true,"href":"https:\/\/minutobahia24h.com.br\/index.php?rest_route=\/wp\/v2\/users\/2"}],"replies":[{"embeddable":true,"href":"https:\/\/minutobahia24h.com.br\/index.php?rest_route=%2Fwp%2Fv2%2Fcomments&post=3164"}],"version-history":[{"count":1,"href":"https:\/\/minutobahia24h.com.br\/index.php?rest_route=\/wp\/v2\/posts\/3164\/revisions"}],"predecessor-version":[{"id":3167,"href":"https:\/\/minutobahia24h.com.br\/index.php?rest_route=\/wp\/v2\/posts\/3164\/revisions\/3167"}],"wp:featuredmedia":[{"embeddable":true,"href":"https:\/\/minutobahia24h.com.br\/index.php?rest_route=\/wp\/v2\/media\/3166"}],"wp:attachment":[{"href":"https:\/\/minutobahia24h.com.br\/index.php?rest_route=%2Fwp%2Fv2%2Fmedia&parent=3164"}],"wp:term":[{"taxonomy":"category","embeddable":true,"href":"https:\/\/minutobahia24h.com.br\/index.php?rest_route=%2Fwp%2Fv2%2Fcategories&post=3164"},{"taxonomy":"post_tag","embeddable":true,"href":"https:\/\/minutobahia24h.com.br\/index.php?rest_route=%2Fwp%2Fv2%2Ftags&post=3164"}],"curies":[{"name":"wp","href":"https:\/\/api.w.org\/{rel}","templated":true}]}}