{"id":31633,"date":"2025-07-02T08:07:10","date_gmt":"2025-07-02T11:07:10","guid":{"rendered":"https:\/\/minutobahia24h.com.br\/?p=31633"},"modified":"2025-07-02T08:07:11","modified_gmt":"2025-07-02T11:07:11","slug":"aumentam-os-casos-de-cancer-entre-os-mais-jovens-por-que","status":"publish","type":"post","link":"https:\/\/minutobahia24h.com.br\/?p=31633","title":{"rendered":"Aumentam os casos de c\u00e2ncer entre os mais jovens. Por qu\u00ea?"},"content":{"rendered":"<div class=\"wp-block-image\">\n<figure class=\"aligncenter size-full\"><img data-recalc-dims=\"1\" fetchpriority=\"high\" decoding=\"async\" width=\"800\" height=\"538\" src=\"https:\/\/i0.wp.com\/minutobahia24h.com.br\/wp-content\/uploads\/2025\/07\/Sem-titulo-30.jpg?resize=800%2C538&#038;ssl=1\" alt=\"\" class=\"wp-image-31635\" srcset=\"https:\/\/i0.wp.com\/minutobahia24h.com.br\/wp-content\/uploads\/2025\/07\/Sem-titulo-30.jpg?w=881&amp;ssl=1 881w, https:\/\/i0.wp.com\/minutobahia24h.com.br\/wp-content\/uploads\/2025\/07\/Sem-titulo-30.jpg?resize=300%2C202&amp;ssl=1 300w, https:\/\/i0.wp.com\/minutobahia24h.com.br\/wp-content\/uploads\/2025\/07\/Sem-titulo-30.jpg?resize=768%2C516&amp;ssl=1 768w, https:\/\/i0.wp.com\/minutobahia24h.com.br\/wp-content\/uploads\/2025\/07\/Sem-titulo-30.jpg?resize=750%2C504&amp;ssl=1 750w\" sizes=\"(max-width: 800px) 100vw, 800px\" \/><figcaption class=\"wp-element-caption\">Globalmente, os casos de tumores de mama, tireoide e colo do \u00fatero subiram 26% entre pessoas de 20 a 39 anos em 2022, em compara\u00e7\u00e3o a 2012 \u2014 Foto: Freepik<br><\/figcaption><\/figure>\n<\/div>\n\n\n<p>Muitas vezes associado a idades mais avan\u00e7adas, o c\u00e2ncer est\u00e1 sendo diagnosticado cada vez mais cedo. Essa situa\u00e7\u00e3o preocupante vem sendo observada no mundo inteiro. Um levantamento global revisitou dados impactantes a esse respeito. Em apenas tr\u00eas d\u00e9cadas, houve um aumento de 79% na quantidade de novos casos de c\u00e2ncer descobertos anualmente em pessoas com menos de 50 anos.<\/p>\n\n\n\n<p>Tumores de mama, intestino, pr\u00f3stata, entre outros, est\u00e3o surgindo precocemente. O risco parece crescer a cada gera\u00e7\u00e3o, e essa tend\u00eancia tem se manifestado de v\u00e1rias formas. Globalmente, destacaram-se os tumores de mama, tireoide e colo do \u00fatero, com os casos novos de c\u00e2ncer subindo 26% entre pessoas de 20 a 39 anos em 2022, em compara\u00e7\u00e3o a 2012.<\/p>\n\n\n\n<p>Nos Estados Unidos, o not\u00e1vel aumento do c\u00e2ncer de intestino em jovens, nas \u00faltimas d\u00e9cadas, tornou esse tumor a principal causa de morte por c\u00e2ncer em homens com menos de 50 anos no pa\u00eds. Al\u00e9m destes, tumores menos comuns, como os de intestino delgado, ves\u00edcula e o sarcoma de Kaposi, v\u00eam mostrando uma incid\u00eancia crescente.<\/p>\n\n\n\n<p>A realidade no Brasil n\u00e3o parece ser diferente. Estamos vendo, por exemplo, um aumento da propor\u00e7\u00e3o de c\u00e2ncer de mama entre mulheres com menos de 40 anos. Em uma avalia\u00e7\u00e3o feita no ICESP (Instituto do C\u00e2ncer do Estado de S\u00e3o Paulo), essa propor\u00e7\u00e3o passou de 8% em 2009 para 22% em 2020. Esses dados se contrap\u00f5em \u00e0 antiga ideia de que c\u00e2ncer \u00e9 uma doen\u00e7a apenas de indiv\u00edduos mais velhos.<\/p>\n\n\n\n<h2 class=\"wp-block-heading\">O c\u00e2ncer pode ser mais agressivo em jovens<\/h2>\n\n\n\n<p>Precisamos, ainda, destacar um ponto crucial: em pessoas mais novas, o c\u00e2ncer tende a se manifestar de forma mais agressiva e ser descoberto em est\u00e1gios mais avan\u00e7ados. Vejamos o caso do c\u00e2ncer de mama, por exemplo. Existem tr\u00eas subtipos principais: o luminal (aquele que possui receptores hormonais, mas n\u00e3o tem uma prote\u00edna chamada HER-2 em grande quantidade); o HER-2 positivo (que tem a prote\u00edna HER-2 em excesso) e o triplo-negativo (sem receptores hormonais e sem HER-2 em abund\u00e2ncia).<\/p>\n\n\n\n<p>Mulheres jovens t\u00eam maiores possibilidades de apresentar subtipos mais graves de c\u00e2ncer de mama, com maior risco de recorr\u00eancia e dissemina\u00e7\u00e3o para outros \u00f3rg\u00e3os, como o triplo-negativo. Este \u00e9 um dos subtipos mais desafiadores, sendo bem menos comum em mulheres mais velhas, nas quais o tumor luminal costuma prevalecer.<\/p>\n\n\n\n<p>A maior agressividade e a tend\u00eancia a diagn\u00f3sticos mais tardios fazem com que o c\u00e2ncer de mama nessa faixa et\u00e1ria se apresente em estadiamentos mais avan\u00e7ados. Isso porque muitas jovens est\u00e3o fora da idade recomendada para os exames de rotina (como a mamografia) e costumam subestimar os sintomas iniciais, pela baixa conscientiza\u00e7\u00e3o sobre o risco de c\u00e2ncer nessa idade. Sem contar que a maior densidade das mamas em mulheres mais novas pode dificultar a precis\u00e3o dos exames.<\/p>\n\n\n\n<p>Por essa raz\u00e3o, os programas de conscientiza\u00e7\u00e3o s\u00e3o fundamentais, assim como a revis\u00e3o das estrat\u00e9gias de preven\u00e7\u00e3o. Exemplo disso \u00e9 a colonoscopia para c\u00e2ncer de intestino, agora indicada mais precocemente, a partir dos 45 anos (e n\u00e3o mais 50 anos). Ao mesmo tempo, iniciativas promissoras, como o uso de intelig\u00eancia artificial para an\u00e1lise de mamografias, tamb\u00e9m buscam melhorar a detec\u00e7\u00e3o de tumores, especialmente em mamas mais densas.<\/p>\n\n\n\n<p>Al\u00e9m desses aspectos, n\u00e3o podemos ignorar que os jovens com c\u00e2ncer enfrentam desafios f\u00edsicos e emocionais \u00fanicos devido \u00e0 doen\u00e7a e ao tratamento, com impactos significativos na qualidade de vida na totalidade. A queda de cabelo, as altera\u00e7\u00f5es de peso, cirurgias e eventuais cicatrizes podem ter um efeito profundo na autoimagem, nos relacionamentos, na sa\u00fade mental e tamb\u00e9m na sexualidade. Somado a isso, alguns tratamentos podem causar altera\u00e7\u00f5es nos n\u00edveis hormonais e at\u00e9 mesmo menopausa precoce e infertilidade permanente, com todas as consequ\u00eancias f\u00edsicas e emocionais para uma popula\u00e7\u00e3o em plena idade f\u00e9rtil.<\/p>\n\n\n\n<p>Igualmente, a jornada do diagn\u00f3stico, tratamento e recupera\u00e7\u00e3o afeta a vida di\u00e1ria e a conviv\u00eancia social, bem como as finan\u00e7as, os estudos e a carreira profissional desses pacientes em idade ativa. Tudo isso deve ser levado em conta no tratamento e acompanhamento desses indiv\u00edduos.<\/p>\n\n\n\n<h2 class=\"wp-block-heading\">Mudan\u00e7a de h\u00e1bitos para prevenir<\/h2>\n\n\n\n<p>Diante disso, o que podemos fazer para mudar esse cen\u00e1rio? Acima de tudo, precisamos melhorar o nosso estilo de vida. \u00c9 verdade que os fatores gen\u00e9ticos s\u00e3o particularmente relevantes em pessoas jovens, por\u00e9m eles n\u00e3o s\u00e3o os \u00fanicos culpados. Na realidade, mais de 80% dos tumores nessa popula\u00e7\u00e3o n\u00e3o t\u00eam origem heredit\u00e1ria. Por isso, os resultados dos testes gen\u00e9ticos devem sempre ser avaliados por um m\u00e9dico especialista. S\u00f3 ele saber\u00e1 informar o real impacto dos resultados desses testes no risco de c\u00e2ncer e o que precisa ser feito.<\/p>\n\n\n\n<p>Assim, ainda que a gen\u00e9tica tenha seu papel, s\u00e3o os h\u00e1bitos de vida pouco saud\u00e1veis (cada vez mais comuns no mundo inteiro) os grandes respons\u00e1veis por essa tend\u00eancia mundial. Estima-se que ao menos 30% de todos os casos de c\u00e2ncer poderiam ser evitados com mudan\u00e7as no estilo de vida.<\/p>\n\n\n\n<p>At\u00e9 mesmo pacientes com muta\u00e7\u00f5es gen\u00e9ticas, que apresentam alto risco de desenvolver um c\u00e2ncer, podem ter este risco diminu\u00eddo por mudan\u00e7as de h\u00e1bitos de vida. Estamos falando de uma alimenta\u00e7\u00e3o desequilibrada, rica em a\u00e7\u00facar, farinha refinada (p\u00e3o, arroz branco), ultraprocessados e carne vermelha. Esse tipo de dieta aumenta o risco de c\u00e2ncer ao induzir uma inflama\u00e7\u00e3o cr\u00f4nica no organismo, o que cria um ambiente prop\u00edcio para o surgimento e a sobreviv\u00eancia de c\u00e9lulas tumorais. Isso porque a inflama\u00e7\u00e3o persistente pode prejudicar a imunidade, causar danos ao DNA e liberar subst\u00e2ncias que estimulam o crescimento de c\u00e9lulas cancer\u00edgenas.<\/p>\n\n\n\n<p>O tabagismo, o consumo de \u00e1lcool, a obesidade e o sedentarismo tamb\u00e9m t\u00eam um impacto negativo. No caso da obesidade, ela n\u00e3o s\u00f3 induz uma inflama\u00e7\u00e3o cr\u00f4nica no corpo, como tamb\u00e9m gera um desequil\u00edbrio hormonal que favorece o surgimento de tumores. Por outro lado, a pr\u00e1tica regular de atividade f\u00edsica possui um efeito protetor, podendo diminuir em 10% a 40% o risco de c\u00e2ncer.<\/p>\n\n\n\n<p>Por tudo isso, precisamos melhorar o quanto antes os nossos h\u00e1bitos de vida para reduzirmos a possibilidade dessa doen\u00e7a no longo prazo. Quanto mais mudan\u00e7as favor\u00e1veis adotarmos, mesmo na idade adulta , maior ser\u00e1 o impacto na nossa sa\u00fade e na redu\u00e7\u00e3o do risco de c\u00e2ncer.<\/p>\n\n\n\n<p>O aumento do c\u00e2ncer em jovens \u00e9 uma realidade que exige a nossa aten\u00e7\u00e3o. \u00c9 importante refor\u00e7ar que n\u00e3o somos impotentes diante dessa realidade. Assumir o controle da nossa sa\u00fade adotando h\u00e1bitos saud\u00e1veis \u00e9 uma ferramenta poderosa na luta e preven\u00e7\u00e3o do c\u00e2ncer.<\/p>\n\n\n\n<p><em>*Ant\u00f4nio Carlos Buzaid \u00e9 m\u00e9dico oncologista, diretor m\u00e9dico geral do Centro Oncol\u00f3gico da Benefic\u00eancia Portuguesa de S\u00e3o Paulo e cofundador do Instituto Vencer o C\u00e2ncer. J\u00e9ssica Ribeiro Gomes \u00e9 oncologista cl\u00ednica, consultora m\u00e9dica do Manual de Oncologia Cl\u00ednica do Brasil (MOC) e redatora m\u00e9dica da DENDRIX, do Instituto Vencer o C\u00e2ncer.<\/em><\/p>\n\n\n\n<p><em>* Este artigo foi republicado de The Conversation sob licen\u00e7a Creative Commons.&nbsp;<\/em><a class=\"\" href=\"https:\/\/theconversation.com\/aumentam-os-casos-de-cancer-entre-os-mais-jovens-por-que-259126\" target=\"_blank\" rel=\"noreferrer noopener\"><strong><em>Leia o original.<\/em><\/strong><\/a><\/p>\n","protected":false},"excerpt":{"rendered":"<p>Muitas vezes associado a idades mais avan\u00e7adas, o c\u00e2ncer est\u00e1 sendo diagnosticado cada vez mais cedo. Essa situa\u00e7\u00e3o preocupante vem sendo observada no mundo inteiro. Um levantamento global revisitou dados impactantes a esse respeito. Em apenas tr\u00eas d\u00e9cadas, houve um aumento de 79% na quantidade de novos casos de c\u00e2ncer descobertos anualmente em pessoas com [&hellip;]<\/p>\n","protected":false},"author":2,"featured_media":31635,"comment_status":"open","ping_status":"open","sticky":false,"template":"","format":"standard","meta":{"_jetpack_memberships_contains_paid_content":false,"footnotes":""},"categories":[18],"tags":[],"class_list":["post-31633","post","type-post","status-publish","format-standard","has-post-thumbnail","hentry","category-saude"],"aioseo_notices":[],"jetpack_featured_media_url":"https:\/\/i0.wp.com\/minutobahia24h.com.br\/wp-content\/uploads\/2025\/07\/Sem-titulo-30.jpg?fit=881%2C592&ssl=1","jetpack_sharing_enabled":true,"_links":{"self":[{"href":"https:\/\/minutobahia24h.com.br\/index.php?rest_route=\/wp\/v2\/posts\/31633","targetHints":{"allow":["GET"]}}],"collection":[{"href":"https:\/\/minutobahia24h.com.br\/index.php?rest_route=\/wp\/v2\/posts"}],"about":[{"href":"https:\/\/minutobahia24h.com.br\/index.php?rest_route=\/wp\/v2\/types\/post"}],"author":[{"embeddable":true,"href":"https:\/\/minutobahia24h.com.br\/index.php?rest_route=\/wp\/v2\/users\/2"}],"replies":[{"embeddable":true,"href":"https:\/\/minutobahia24h.com.br\/index.php?rest_route=%2Fwp%2Fv2%2Fcomments&post=31633"}],"version-history":[{"count":1,"href":"https:\/\/minutobahia24h.com.br\/index.php?rest_route=\/wp\/v2\/posts\/31633\/revisions"}],"predecessor-version":[{"id":31636,"href":"https:\/\/minutobahia24h.com.br\/index.php?rest_route=\/wp\/v2\/posts\/31633\/revisions\/31636"}],"wp:featuredmedia":[{"embeddable":true,"href":"https:\/\/minutobahia24h.com.br\/index.php?rest_route=\/wp\/v2\/media\/31635"}],"wp:attachment":[{"href":"https:\/\/minutobahia24h.com.br\/index.php?rest_route=%2Fwp%2Fv2%2Fmedia&parent=31633"}],"wp:term":[{"taxonomy":"category","embeddable":true,"href":"https:\/\/minutobahia24h.com.br\/index.php?rest_route=%2Fwp%2Fv2%2Fcategories&post=31633"},{"taxonomy":"post_tag","embeddable":true,"href":"https:\/\/minutobahia24h.com.br\/index.php?rest_route=%2Fwp%2Fv2%2Ftags&post=31633"}],"curies":[{"name":"wp","href":"https:\/\/api.w.org\/{rel}","templated":true}]}}