{"id":31624,"date":"2025-07-02T07:57:52","date_gmt":"2025-07-02T10:57:52","guid":{"rendered":"https:\/\/minutobahia24h.com.br\/?p=31624"},"modified":"2025-07-02T07:57:53","modified_gmt":"2025-07-02T10:57:53","slug":"conta-de-luz-fica-mais-cara-em-julho-veja-dicas-de-como-economizar-com-a-bandeira-vermelha","status":"publish","type":"post","link":"https:\/\/minutobahia24h.com.br\/?p=31624","title":{"rendered":"Conta de luz fica mais cara em julho; veja dicas de como economizar com a bandeira vermelha"},"content":{"rendered":"<div class=\"wp-block-image\">\n<figure class=\"aligncenter size-full\"><img data-recalc-dims=\"1\" fetchpriority=\"high\" decoding=\"async\" width=\"800\" height=\"532\" src=\"https:\/\/i0.wp.com\/minutobahia24h.com.br\/wp-content\/uploads\/2025\/07\/Sem-titulo-27.jpg?resize=800%2C532&#038;ssl=1\" alt=\"\" class=\"wp-image-31625\" srcset=\"https:\/\/i0.wp.com\/minutobahia24h.com.br\/wp-content\/uploads\/2025\/07\/Sem-titulo-27.jpg?w=984&amp;ssl=1 984w, https:\/\/i0.wp.com\/minutobahia24h.com.br\/wp-content\/uploads\/2025\/07\/Sem-titulo-27.jpg?resize=300%2C199&amp;ssl=1 300w, https:\/\/i0.wp.com\/minutobahia24h.com.br\/wp-content\/uploads\/2025\/07\/Sem-titulo-27.jpg?resize=768%2C510&amp;ssl=1 768w, https:\/\/i0.wp.com\/minutobahia24h.com.br\/wp-content\/uploads\/2025\/07\/Sem-titulo-27.jpg?resize=750%2C498&amp;ssl=1 750w\" sizes=\"(max-width: 800px) 100vw, 800px\" \/><figcaption class=\"wp-element-caption\">Energia el\u00e9trica pesou sobre a infla\u00e7\u00e3o do come\u00e7o do ano \u2014 Foto: fanjianhua no Freepik<br><br><\/figcaption><\/figure>\n<\/div>\n\n\n<p>A Ag\u00eancia Nacional de Energia El\u00e9trica (<a class=\"\" href=\"https:\/\/g1.globo.com\/tudo-sobre\/aneel\/\">Aneel<\/a>)&nbsp;<a class=\"\" href=\"https:\/\/g1.globo.com\/economia\/noticia\/2025\/06\/27\/aneel-decide-que-conta-de-luz-continua-mais-cara-em-julho.ghtml\">manteve a bandeira tarif\u00e1ria vermelha para as contas de luz do m\u00eas de julho<\/a>, por conta da queda no volume de chuvas e da diminui\u00e7\u00e3o da gera\u00e7\u00e3o de energia por hidrel\u00e9tricas, conforme proje\u00e7\u00f5es do Operador Nacional do Sistema El\u00e9trico (ONS).<\/p>\n\n\n\n<p>Segundo a Aneel, o cen\u00e1rio justifica a manuten\u00e7\u00e3o na bandeira \u2014 que ficou vermelha em junho \u2014 e serve tamb\u00e9m como alerta para o uso consciente da energia el\u00e9trica.<\/p>\n\n\n\n<p>A bandeira vermelha, no patamar 1, significa que as contas de energia el\u00e9trica ter\u00e3o cobran\u00e7a adicional de R$ 4,46 (quatro reais e quarenta e seis centavos) a cada 100 kW\/h (quilowatt-hora) consumidos.<\/p>\n\n\n\n<p>Para n\u00e3o pesar no bolso, o&nbsp;<a class=\"\" href=\"https:\/\/g1.globo.com\/\"><strong>g1<\/strong><\/a>&nbsp;reuniu alternativas para reduzir o consumo de energia, que podem ser uma boa sa\u00edda para que as despesas da fam\u00edlia n\u00e3o disparem.<\/p>\n\n\n\n<p><strong>Veja a seguir dicas para economizar.<\/strong><\/p>\n\n\n\n<h2 class=\"wp-block-heading\">Chuveiro \u00e9 o maior vil\u00e3o da conta de luz<\/h2>\n\n\n\n<p>O chuveiro el\u00e9trico \u00e9 o equipamento que mais consome energia e, consequentemente, tamb\u00e9m \u00e9 o que mais pesa na conta de luz do consumidor. Por isso, um uso inteligente durante os banhos pode ser a chave para uma redu\u00e7\u00e3o significativa dos gastos com energia.<\/p>\n\n\n\n<p>O engenheiro de Efici\u00eancia Energ\u00e9tica da&nbsp;<a class=\"\" href=\"https:\/\/g1.globo.com\/tudo-sobre\/cemig\/\">Cemig<\/a>, Thiago Batista, explica que o tempo de calor\u00e3o traz uma &#8220;grande oportunidade de economia&#8221;, porque os chuveiros podem ser colocados numa temperatura menor \u2014 o que gasta menos energia.<\/p>\n\n\n\n<blockquote class=\"wp-block-quote is-layout-flow wp-block-quote-is-layout-flow\">\n<p>&#8220;Ao colocar a chave do chuveiro na posi\u00e7\u00e3o ver\u00e3o, as pessoas podem ter economia de, aproximadamente, 30% do consumo do aparelho ligado em sua pot\u00eancia m\u00e1xima&#8221;, diz o especialista.<\/p>\n<\/blockquote>\n\n\n\n<p>Batista destaca ainda que \u00e9 importante manter o mesmo tempo de uso do equipamento, ou at\u00e9 reduzir. &#8220;N\u00e3o adianta diminuir a pot\u00eancia do equipamento e aumentar o tempo de banho&#8221;.<\/p>\n\n\n\n<p>A Cemig tamb\u00e9m aconselha que, se poss\u00edvel, o consumidor evite usar o chuveiro entre 17h e 22h, hor\u00e1rios de pico.<\/p>\n\n\n\n<p>Al\u00e9m destas, outra dica mais dr\u00e1stica j\u00e1 bem conhecida: fechar o chuveiro para ensaboar o corpo ou os cabelos.<\/p>\n\n\n\n<h2 class=\"wp-block-heading\">Geladeira tamb\u00e9m consome bastante<\/h2>\n\n\n\n<p>Segundo a Cemig, a geladeira \u00e9 o segundo equipamento que mais consome energia dentro de casa, por conta de seu tempo de uso e o &#8220;abre e fecha&#8221;. Isso porque a entrada de ar quente na geladeira faz com o que o equipamento precise trabalhar mais para refrigerar os alimentos, consumindo mais.<\/p>\n\n\n\n<p>No mesmo sentido, o engenheiro destaca que alimentos ainda quentes n\u00e3o devem ser armazenados no eletrodom\u00e9stico, porque isso faz com que o motor do tenha que funcionar por mais tempo, aumentando os gastos.<\/p>\n\n\n\n<p>Utilizar a parte de tr\u00e1s das geladeiras, que s\u00e3o mais quentes, como forma de secar roupa, tamb\u00e9m \u00e9 contraindicado porque eleva o consumo.<\/p>\n\n\n\n<p>Por fim, Thiago Batista tamb\u00e9m orienta que o consumidor tenha aten\u00e7\u00e3o ao estado da borracha de veda\u00e7\u00e3o do equipamento, porque se as portas n\u00e3o se fecharem totalmente, o consumo ser\u00e1 maior.<\/p>\n\n\n\n<blockquote class=\"wp-block-quote is-layout-flow wp-block-quote-is-layout-flow\">\n<p>&#8220;Para saber se a borracha de veda\u00e7\u00e3o est\u00e1 em bom estado, fa\u00e7a o seguinte teste: coloque uma folha de papel entre a porta e a geladeira, feche a porta e tente retirar a folha, se ela sair com facilidade, est\u00e1 na hora de trocar a borracha. Repita o teste em v\u00e1rios pontos da porta da geladeira&#8221;, diz Batista.<\/p>\n<\/blockquote>\n\n\n\n<h2 class=\"wp-block-heading\">Ar-condicionado ou ventilador?<\/h2>\n\n\n\n<p>O ventilador sempre \u00e9 a op\u00e7\u00e3o mais barata para lidar com as altas temperaturas. Al\u00e9m do aparelho ser mais barato, o consumo de energia tamb\u00e9m \u00e9 menor que o de um ar-condicionado.<\/p>\n\n\n\n<p>Ainda assim, o engenheiro da Cemig afirma que \u00e9 importante ter aten\u00e7\u00e3o ao tempo de uso do equipamento, evitando deix\u00e1-lo ligado se a pessoa deixar o ambiente ou quando as temperaturas j\u00e1 estiverem agrad\u00e1veis.<\/p>\n\n\n\n<blockquote class=\"wp-block-quote is-layout-flow wp-block-quote-is-layout-flow\">\n<p>&#8220;O consumo de energia depende de duas vari\u00e1veis: pot\u00eancia dos equipamentos, em watts (W), e tempo de utiliza\u00e7\u00e3o, em horas. Para utilizar corretamente a energia, deve-se atuar nessas duas vari\u00e1veis. Por isso, mesmo que o ventilador tenha uma pot\u00eancia menor, se o aparelho ficar por longo per\u00edodo ligado, o cliente poder\u00e1 ter um aumento significativo na conta de energia&#8221;, explica Batista.<\/p>\n<\/blockquote>\n\n\n\n<p>Ainda em rela\u00e7\u00e3o ao uso do ventilador, o indicado \u00e9 manter os ambientes abertos e ventilados durante sua utiliza\u00e7\u00e3o, para reduzir a necessidade de manter o equipamento em uma alta frequ\u00eancia.<\/p>\n\n\n\n<p>O ar-condicionado \u00e9 tamb\u00e9m um aparelho com alto consumo de energia: a cada 1\u00baC mais baixo, existe um gasto cerca de 10% mais elevado do consumo de energia, explica Thiago Godoy, especialista em educa\u00e7\u00e3o financeira e fundador da Papai Financeiro.<\/p>\n\n\n\n<p>Para quem pensa em comprar um ar-condicionado, o educador comenta que \u00e9 necess\u00e1rio levar em conta exatamente quais s\u00e3o as necessidades do espa\u00e7o, para n\u00e3o comprar um que utilize mais energia que o necess\u00e1rio.<\/p>\n\n\n\n<p><strong>Devem entrar na conta:<\/strong><\/p>\n\n\n\n<ul class=\"wp-block-list\">\n<li>O tamanho do ambiente a ser climatizado;<\/li>\n\n\n\n<li>A efici\u00eancia energ\u00e9tica do aparelho;<\/li>\n\n\n\n<li>As caracter\u00edsticas do clima local.<\/li>\n<\/ul>\n\n\n\n<p>Em caso de d\u00favidas sobre qual o equipamento \u00e9 o mais apropriado para o espa\u00e7o, vale falar com profissionais para tomar uma decis\u00e3o mais acertada.<\/p>\n\n\n\n<p>No entanto, Batista, da Cemig, comenta que h\u00e1 uma forma pr\u00e1tica de entender qual a melhor op\u00e7\u00e3o de aparelho para cada consumidor.<\/p>\n\n\n\n<blockquote class=\"wp-block-quote is-layout-flow wp-block-quote-is-layout-flow\">\n<p>\u201cPara as resid\u00eancias, existem dois modelos: o do tipo janela, menos eficiente, e o split, que tem tecnologia inverter e \u00e9 mais eficiente&#8221;, pontua o especialista.<\/p>\n<\/blockquote>\n\n\n\n<p>&#8220;Na aquisi\u00e7\u00e3o de qualquer um deles deve-se dar prefer\u00eancia para aqueles cuja etiqueta indique o consumo anual prov\u00e1vel e multiplicar pela tarifa de energia encontrada na conta de luz. Dessa forma, o consumidor ter\u00e1 uma boa ideia do quanto cada equipamento &#8216;gastar\u00e1&#8217; no ano, pois esse consumo foi padronizado para uma utiliza\u00e7\u00e3o t\u00edpica no pa\u00eds&#8221;, explica Batista.<\/p>\n\n\n\n<p>Sobre a escolha do aparelho, os modelos com selo Procel de efici\u00eancia energ\u00e9tica podem trazer uma economia no longo prazo.<\/p>\n\n\n\n<h2 class=\"wp-block-heading\">Consumo inteligente do ar-condicionado<\/h2>\n\n\n\n<p>Para economizar energia, Thiago Godoy comenta que \u00e9 importante utilizar o ar-condicionado com sabedoria.<\/p>\n\n\n\n<blockquote class=\"wp-block-quote is-layout-flow wp-block-quote-is-layout-flow\">\n<p>&#8220;Ajuste a temperatura para um n\u00edvel confort\u00e1vel, evite varia\u00e7\u00f5es bruscas e desligue o aparelho quando o ambiente estiver desocupado. O uso de dispositivos de programa\u00e7\u00e3o, como timers, pode ser uma op\u00e7\u00e3o eficaz para automatizar esses ajustes&#8221;, comenta Godoy.<\/p>\n<\/blockquote>\n\n\n\n<p>Gustavo Sozzi, presidente da fornecedora Lux Energia, compartilha do ponto de vista e aconselha o consumidor a optar por uma temperatura moderada, evitando excesso de frio.<\/p>\n\n\n\n<p>Para que o ar-condicionado n\u00e3o precise ficar em uma temperatura t\u00e3o baixa, Sozzi pontua que \u00e9 importante bloquear o calor solar com cortinas ou persianas, mantendo a casa naturalmente mais fresca. Manter vidros ou janelas fechados tamb\u00e9m ajudam, j\u00e1 que impedem a entrada de ar mais quente e seguram a temperatura mais fria no ambiente.<\/p>\n\n\n\n<p>Com janelas e cortinas fechadas, o especialista da Lux Energia comenta que &#8220;ventiladores de teto ou port\u00e1teis tamb\u00e9m podem ser eficazes para refrescar ambientes, consumindo menos energia que o ar-condicionado&#8221;.<\/p>\n\n\n\n<p>Godoy ainda traz outra dica: \u00e9 poss\u00edvel deixar o ar numa temperatura mais amena e combinar com o uso de ventiladores, um combo que gasta menos energia do que deixar o aparelho numa temperatura muito mais fria.<\/p>\n\n\n\n<h2 class=\"wp-block-heading\">L\u00e2mpadas e paredes claras<\/h2>\n\n\n\n<p>Gustavo Sozzi afirma que, al\u00e9m da otimiza\u00e7\u00e3o do uso dos aparelhos que utilizam energia el\u00e9trica, outras op\u00e7\u00f5es podem fazer a diferen\u00e7a na conta de luz no longo prazo.<\/p>\n\n\n\n<p>A primeira e mais simples \u00e9 a escolha da l\u00e2mpada. Trocar l\u00e2mpadas incandescentes pelas de LED reduz os custos da casa com energia porque a l\u00e2mpada de LED \u00e9 mais eficiente que a incandescente.<\/p>\n\n\n\n<p>Al\u00e9m disso, se a fam\u00edlia tiver a possibilidade de priorizar o uso de cores claras nas paredes da resid\u00eancia, isso favorece a ilumina\u00e7\u00e3o natural e reduz a necessidade de uso das l\u00e2mpadas durante boa parte do dia.<\/p>\n","protected":false},"excerpt":{"rendered":"<p>A Ag\u00eancia Nacional de Energia El\u00e9trica (Aneel)&nbsp;manteve a bandeira tarif\u00e1ria vermelha para as contas de luz do m\u00eas de julho, por conta da queda no volume de chuvas e da diminui\u00e7\u00e3o da gera\u00e7\u00e3o de energia por hidrel\u00e9tricas, conforme proje\u00e7\u00f5es do Operador Nacional do Sistema El\u00e9trico (ONS). Segundo a Aneel, o cen\u00e1rio justifica a manuten\u00e7\u00e3o na [&hellip;]<\/p>\n","protected":false},"author":2,"featured_media":31625,"comment_status":"open","ping_status":"open","sticky":false,"template":"","format":"standard","meta":{"_jetpack_memberships_contains_paid_content":false,"footnotes":""},"categories":[19],"tags":[],"class_list":["post-31624","post","type-post","status-publish","format-standard","has-post-thumbnail","hentry","category-economia"],"aioseo_notices":[],"jetpack_featured_media_url":"https:\/\/i0.wp.com\/minutobahia24h.com.br\/wp-content\/uploads\/2025\/07\/Sem-titulo-27.jpg?fit=984%2C654&ssl=1","jetpack_sharing_enabled":true,"_links":{"self":[{"href":"https:\/\/minutobahia24h.com.br\/index.php?rest_route=\/wp\/v2\/posts\/31624","targetHints":{"allow":["GET"]}}],"collection":[{"href":"https:\/\/minutobahia24h.com.br\/index.php?rest_route=\/wp\/v2\/posts"}],"about":[{"href":"https:\/\/minutobahia24h.com.br\/index.php?rest_route=\/wp\/v2\/types\/post"}],"author":[{"embeddable":true,"href":"https:\/\/minutobahia24h.com.br\/index.php?rest_route=\/wp\/v2\/users\/2"}],"replies":[{"embeddable":true,"href":"https:\/\/minutobahia24h.com.br\/index.php?rest_route=%2Fwp%2Fv2%2Fcomments&post=31624"}],"version-history":[{"count":1,"href":"https:\/\/minutobahia24h.com.br\/index.php?rest_route=\/wp\/v2\/posts\/31624\/revisions"}],"predecessor-version":[{"id":31626,"href":"https:\/\/minutobahia24h.com.br\/index.php?rest_route=\/wp\/v2\/posts\/31624\/revisions\/31626"}],"wp:featuredmedia":[{"embeddable":true,"href":"https:\/\/minutobahia24h.com.br\/index.php?rest_route=\/wp\/v2\/media\/31625"}],"wp:attachment":[{"href":"https:\/\/minutobahia24h.com.br\/index.php?rest_route=%2Fwp%2Fv2%2Fmedia&parent=31624"}],"wp:term":[{"taxonomy":"category","embeddable":true,"href":"https:\/\/minutobahia24h.com.br\/index.php?rest_route=%2Fwp%2Fv2%2Fcategories&post=31624"},{"taxonomy":"post_tag","embeddable":true,"href":"https:\/\/minutobahia24h.com.br\/index.php?rest_route=%2Fwp%2Fv2%2Ftags&post=31624"}],"curies":[{"name":"wp","href":"https:\/\/api.w.org\/{rel}","templated":true}]}}