{"id":31612,"date":"2025-07-02T07:50:17","date_gmt":"2025-07-02T10:50:17","guid":{"rendered":"https:\/\/minutobahia24h.com.br\/?p=31612"},"modified":"2025-07-02T07:50:19","modified_gmt":"2025-07-02T10:50:19","slug":"camara-aprova-destinacao-de-r-520-milhoes-para-acoes-de-defesa-civil","status":"publish","type":"post","link":"https:\/\/minutobahia24h.com.br\/?p=31612","title":{"rendered":"C\u00e2mara aprova destina\u00e7\u00e3o de R$ 520 milh\u00f5es para a\u00e7\u00f5es de defesa civil"},"content":{"rendered":"<div class=\"wp-block-image\">\n<figure class=\"aligncenter size-large\"><img data-recalc-dims=\"1\" fetchpriority=\"high\" decoding=\"async\" width=\"800\" height=\"400\" src=\"https:\/\/i0.wp.com\/minutobahia24h.com.br\/wp-content\/uploads\/2025\/07\/Sem-titulo-23-1024x512.jpg?resize=800%2C400&#038;ssl=1\" alt=\"\" class=\"wp-image-31613\" srcset=\"https:\/\/i0.wp.com\/minutobahia24h.com.br\/wp-content\/uploads\/2025\/07\/Sem-titulo-23.jpg?resize=1024%2C512&amp;ssl=1 1024w, https:\/\/i0.wp.com\/minutobahia24h.com.br\/wp-content\/uploads\/2025\/07\/Sem-titulo-23.jpg?resize=300%2C150&amp;ssl=1 300w, https:\/\/i0.wp.com\/minutobahia24h.com.br\/wp-content\/uploads\/2025\/07\/Sem-titulo-23.jpg?resize=768%2C384&amp;ssl=1 768w, https:\/\/i0.wp.com\/minutobahia24h.com.br\/wp-content\/uploads\/2025\/07\/Sem-titulo-23.jpg?resize=1536%2C768&amp;ssl=1 1536w, https:\/\/i0.wp.com\/minutobahia24h.com.br\/wp-content\/uploads\/2025\/07\/Sem-titulo-23.jpg?resize=360%2C180&amp;ssl=1 360w, https:\/\/i0.wp.com\/minutobahia24h.com.br\/wp-content\/uploads\/2025\/07\/Sem-titulo-23.jpg?resize=750%2C375&amp;ssl=1 750w, https:\/\/i0.wp.com\/minutobahia24h.com.br\/wp-content\/uploads\/2025\/07\/Sem-titulo-23.jpg?resize=1140%2C570&amp;ssl=1 1140w, https:\/\/i0.wp.com\/minutobahia24h.com.br\/wp-content\/uploads\/2025\/07\/Sem-titulo-23.jpg?w=1600&amp;ssl=1 1600w\" sizes=\"(max-width: 800px) 100vw, 800px\" \/><\/figure>\n<\/div>\n\n\n<p>A C\u00e2mara dos Deputados aprovou nesta ter\u00e7a-feira (1\u00ba) a libera\u00e7\u00e3o de cr\u00e9dito de R$ 520 milh\u00f5es para a\u00e7\u00f5es de defesa civil em \u00e2mbito nacional. A Medida Provis\u00f3ria (MP) 1299\/25 \u00e9 uma resposta do governo federal em fun\u00e7\u00e3o dos diversos desastres ocorridos em v\u00e1rias partes do pa\u00eds.\u00a0O texto ser\u00e1 encaminhado agora ao Senado.<img data-recalc-dims=\"1\" decoding=\"async\" data-src=\"https:\/\/i0.wp.com\/agenciabrasil.ebc.com.br\/ebc.png?w=800&#038;ssl=1\" src=\"data:image\/gif;base64,R0lGODlhAQABAAAAACH5BAEKAAEALAAAAAABAAEAAAICTAEAOw==\" class=\"lazyload\"><noscript><img data-recalc-dims=\"1\" decoding=\"async\" src=\"https:\/\/i0.wp.com\/agenciabrasil.ebc.com.br\/ebc.png?w=800&#038;ssl=1\"><\/noscript><img data-recalc-dims=\"1\" decoding=\"async\" data-src=\"https:\/\/i0.wp.com\/agenciabrasil.ebc.com.br\/ebc.gif?w=800&#038;ssl=1\" src=\"data:image\/gif;base64,R0lGODlhAQABAAAAACH5BAEKAAEALAAAAAABAAEAAAICTAEAOw==\" class=\"lazyload\"><noscript><img data-recalc-dims=\"1\" decoding=\"async\" src=\"https:\/\/i0.wp.com\/agenciabrasil.ebc.com.br\/ebc.gif?w=800&#038;ssl=1\"><\/noscript><\/p>\n\n\n\n<p>Os recursos s\u00e3o destinados ao Minist\u00e9rio da Integra\u00e7\u00e3o e do Desenvolvimento Regional para refor\u00e7ar as atividades de gest\u00e3o de riscos e desastres.\u00a0A estimativa \u00e9 de que cerca de 3,5 milh\u00f5es de pessoas sejam beneficiadas diretamente pelas a\u00e7\u00f5es.<\/p>\n\n\n\n<p><strong>Do total de recursos, R$ 220 milh\u00f5es ser\u00e3o destinados para opera\u00e7\u00f5es de custeio da pasta e outros R$ 300 milh\u00f5es para investimentos em infraestrutura emergencial.<\/strong><\/p>\n\n\n\n<p>Entre as a\u00e7\u00f5es contempladas est\u00e3o a ajuda a diversos munic\u00edpios por causa de chuvas intensas, alagamentos, inunda\u00e7\u00f5es, granizo, enxurradas, colapso de edifica\u00e7\u00f5es, vendaval, frentes frias, eros\u00e3o continental ou costeira\/marinha, rompimento e colapso de barragens, eros\u00e3o de margem fluvial, deslizamentos, al\u00e9m de seca, estiagem e inc\u00eandios florestais.<\/p>\n\n\n\n<p>Em seu parecer,&nbsp;<strong>a relatora, senadora Dorinha Seabra (Uni\u00e3o-GO), destacou a necessidade de aporte aos munic\u00edpios em raz\u00e3o dos eventos clim\u00e1ticos extremos.<\/strong><\/p>\n\n\n\n<blockquote class=\"wp-block-quote is-layout-flow wp-block-quote-is-layout-flow\">\n<p>\u201cQuanto ao m\u00e9rito, consideramos conveniente e oportuna a presente abertura de cr\u00e9dito extraordin\u00e1rio, tendo em vista que o Brasil, de fato, tem enfrentado uma s\u00e9rie de eventos clim\u00e1ticos extremos que evidenciaram os impactos crescentes da mudan\u00e7a do clima no Pa\u00eds, demandando n\u00e3o s\u00f3 a\u00e7\u00f5es de preven\u00e7\u00e3o e mitiga\u00e7\u00e3o de desastres, mas, sobretudo, prepara\u00e7\u00e3o, resposta e reconstru\u00e7\u00e3o, diante dos eventos ocorridos\u201d, justificou.<\/p>\n<\/blockquote>\n\n\n\n<p>O governo destacou que R$ 209,3 milh\u00f5es j\u00e1 foram empenhados e R$ 86,3 milh\u00f5es foram pagos at\u00e9 o dia 30 de junho. As informa\u00e7\u00f5es s\u00e3o do Sistema Integrado de Planejamento e Or\u00e7amento (Siop) do governo federal.<\/p>\n\n\n\n<p>Pernambuco recebeu a maior parte dos recursos, R$ 59,2 milh\u00f5es; em seguida, vem o Par\u00e1 com RS 47,1 milh\u00f5es. Depois vem Minas Gerais, com R$ 21,2 milh\u00f5es; Rio Grande do Sul, com R$ 17,6 milh\u00f5es e Mato Grosso, com R$ 11,3 milh\u00f5es.<\/p>\n\n\n\n<p><a href=\"https:\/\/agenciabrasil.ebc.com.br\/politica\/noticia\/2025-07\/camara-aprova-destinacao-de-r-520-milhoes-para-acoes-de-defesa-civil\">Fonte: Ag\u00eancia Brasil<\/a><\/p>\n","protected":false},"excerpt":{"rendered":"<p>A C\u00e2mara dos Deputados aprovou nesta ter\u00e7a-feira (1\u00ba) a libera\u00e7\u00e3o de cr\u00e9dito de R$ 520 milh\u00f5es para a\u00e7\u00f5es de defesa civil em \u00e2mbito nacional. A Medida Provis\u00f3ria (MP) 1299\/25 \u00e9 uma resposta do governo federal em fun\u00e7\u00e3o dos diversos desastres ocorridos em v\u00e1rias partes do pa\u00eds.\u00a0O texto ser\u00e1 encaminhado agora ao Senado. Os recursos s\u00e3o [&hellip;]<\/p>\n","protected":false},"author":2,"featured_media":31613,"comment_status":"open","ping_status":"open","sticky":false,"template":"","format":"standard","meta":{"_jetpack_memberships_contains_paid_content":false,"footnotes":""},"categories":[39],"tags":[],"class_list":["post-31612","post","type-post","status-publish","format-standard","has-post-thumbnail","hentry","category-politica"],"aioseo_notices":[],"jetpack_featured_media_url":"https:\/\/i0.wp.com\/minutobahia24h.com.br\/wp-content\/uploads\/2025\/07\/Sem-titulo-23.jpg?fit=1600%2C800&ssl=1","jetpack_sharing_enabled":true,"_links":{"self":[{"href":"https:\/\/minutobahia24h.com.br\/index.php?rest_route=\/wp\/v2\/posts\/31612","targetHints":{"allow":["GET"]}}],"collection":[{"href":"https:\/\/minutobahia24h.com.br\/index.php?rest_route=\/wp\/v2\/posts"}],"about":[{"href":"https:\/\/minutobahia24h.com.br\/index.php?rest_route=\/wp\/v2\/types\/post"}],"author":[{"embeddable":true,"href":"https:\/\/minutobahia24h.com.br\/index.php?rest_route=\/wp\/v2\/users\/2"}],"replies":[{"embeddable":true,"href":"https:\/\/minutobahia24h.com.br\/index.php?rest_route=%2Fwp%2Fv2%2Fcomments&post=31612"}],"version-history":[{"count":1,"href":"https:\/\/minutobahia24h.com.br\/index.php?rest_route=\/wp\/v2\/posts\/31612\/revisions"}],"predecessor-version":[{"id":31614,"href":"https:\/\/minutobahia24h.com.br\/index.php?rest_route=\/wp\/v2\/posts\/31612\/revisions\/31614"}],"wp:featuredmedia":[{"embeddable":true,"href":"https:\/\/minutobahia24h.com.br\/index.php?rest_route=\/wp\/v2\/media\/31613"}],"wp:attachment":[{"href":"https:\/\/minutobahia24h.com.br\/index.php?rest_route=%2Fwp%2Fv2%2Fmedia&parent=31612"}],"wp:term":[{"taxonomy":"category","embeddable":true,"href":"https:\/\/minutobahia24h.com.br\/index.php?rest_route=%2Fwp%2Fv2%2Fcategories&post=31612"},{"taxonomy":"post_tag","embeddable":true,"href":"https:\/\/minutobahia24h.com.br\/index.php?rest_route=%2Fwp%2Fv2%2Ftags&post=31612"}],"curies":[{"name":"wp","href":"https:\/\/api.w.org\/{rel}","templated":true}]}}