{"id":31594,"date":"2025-07-02T07:27:17","date_gmt":"2025-07-02T10:27:17","guid":{"rendered":"https:\/\/minutobahia24h.com.br\/?p=31594"},"modified":"2025-07-02T07:27:18","modified_gmt":"2025-07-02T10:27:18","slug":"operacao-dupla-face-advogado-e-preso-por-integrar-faccao-criminosa-atuante-em-conjunto-penal-de-eunapolis","status":"publish","type":"post","link":"https:\/\/minutobahia24h.com.br\/?p=31594","title":{"rendered":"Opera\u00e7\u00e3o Dupla Face: Advogado \u00e9 preso por integrar fac\u00e7\u00e3o criminosa atuante em Conjunto Penal de Eun\u00e1polis"},"content":{"rendered":"<div class=\"wp-block-image\">\n<figure class=\"aligncenter size-full\"><img data-recalc-dims=\"1\" fetchpriority=\"high\" decoding=\"async\" width=\"553\" height=\"310\" src=\"https:\/\/i0.wp.com\/minutobahia24h.com.br\/wp-content\/uploads\/2025\/07\/Sem-titulo-17.jpg?resize=553%2C310&#038;ssl=1\" alt=\"\" class=\"wp-image-31595\" srcset=\"https:\/\/i0.wp.com\/minutobahia24h.com.br\/wp-content\/uploads\/2025\/07\/Sem-titulo-17.jpg?w=553&amp;ssl=1 553w, https:\/\/i0.wp.com\/minutobahia24h.com.br\/wp-content\/uploads\/2025\/07\/Sem-titulo-17.jpg?resize=300%2C168&amp;ssl=1 300w\" sizes=\"(max-width: 553px) 100vw, 553px\" \/><figcaption class=\"wp-element-caption\">MPBA e Pol\u00edcias Civil e Militar cumprem mandados de pris\u00e3o e busca e apreens\u00e3o contra envolvidos na fuga de detentos do estabelecimento prisional<br><\/figcaption><\/figure>\n<\/div>\n\n\n<p>Um advogado criminalista foi preso na manh\u00e3 desta ter\u00e7a-feira, dia 1\u00ba, no munic\u00edpio de Serrinha, durante a \u2018Opera\u00e7\u00e3o Dupla Face\u2019, deflagrada de forma integrada pelo Minist\u00e9rio P\u00fablico da Bahia (MPBA) e Pol\u00edcias Civil e Militar. Foram cumpridos tamb\u00e9m quatro mandados de busca e apreens\u00e3o contra investigados por envolvimento na fuga de 16 detentos do Conjunto Penal de Eun\u00e1polis e atentado contra o diretor da unidade prisional, ocorridos entre dezembro de 2024 e maio deste ano.&nbsp;<\/p>\n\n\n\n<p>As investiga\u00e7\u00f5es apontam que os alvos integram fa\u00e7\u00e3o criminosa com atua\u00e7\u00e3o regional, vinculada do Comando Vermelho, envolvidos em crimes de homic\u00eddio, associa\u00e7\u00e3o para o tr\u00e1fico e financiamento do tr\u00e1fico de drogas. Segundo as apura\u00e7\u00f5es, o advogado exercia papel ativo na estrutura criminosa, com envolvimento direto na gest\u00e3o de recursos financeiros oriundos do tr\u00e1fico de drogas, al\u00e9m de presta\u00e7\u00e3o de contas e cobran\u00e7a de metas semanais de arrecada\u00e7\u00e3o. H\u00e1 ind\u00edcios de que o profissional teria auxiliado na articula\u00e7\u00e3o de a\u00e7\u00f5es criminosas, incluindo a fuga e o atentado. Os mandados foram expedidos pela 1\u00aa Vara Criminal da Comarca de Eun\u00e1polis.<\/p>\n\n\n\n<p>A opera\u00e7\u00e3o foi realizada por equipes dos Grupos de Atua\u00e7\u00e3o Especial de Combate \u00e0s Organiza\u00e7\u00f5es Criminosas e Investiga\u00e7\u00f5es Criminais (Gaeco) e de Execu\u00e7\u00e3o Penal (Gaep), do MPBA; equipes dos Departamentos de Intelig\u00eancia Policial (DIP), de Pol\u00edcia do Interior (Depin), das Coordena\u00e7\u00f5es de Opera\u00e7\u00f5es de Pol\u00edcia Judici\u00e1ria (COPJ) e de Opera\u00e7\u00f5es e Recursos Especiais (Core), da Pol\u00edcia Civil; e PM.<\/p>\n\n\n\n<p>abahiaacontece<\/p>\n","protected":false},"excerpt":{"rendered":"<p>Um advogado criminalista foi preso na manh\u00e3 desta ter\u00e7a-feira, dia 1\u00ba, no munic\u00edpio de Serrinha, durante a \u2018Opera\u00e7\u00e3o Dupla Face\u2019, deflagrada de forma integrada pelo Minist\u00e9rio P\u00fablico da Bahia (MPBA) e Pol\u00edcias Civil e Militar. Foram cumpridos tamb\u00e9m quatro mandados de busca e apreens\u00e3o contra investigados por envolvimento na fuga de 16 detentos do Conjunto [&hellip;]<\/p>\n","protected":false},"author":2,"featured_media":31595,"comment_status":"open","ping_status":"open","sticky":false,"template":"","format":"standard","meta":{"_jetpack_memberships_contains_paid_content":false,"footnotes":""},"categories":[3],"tags":[],"class_list":["post-31594","post","type-post","status-publish","format-standard","has-post-thumbnail","hentry","category-regional"],"aioseo_notices":[],"jetpack_featured_media_url":"https:\/\/i0.wp.com\/minutobahia24h.com.br\/wp-content\/uploads\/2025\/07\/Sem-titulo-17.jpg?fit=553%2C310&ssl=1","jetpack_sharing_enabled":true,"_links":{"self":[{"href":"https:\/\/minutobahia24h.com.br\/index.php?rest_route=\/wp\/v2\/posts\/31594","targetHints":{"allow":["GET"]}}],"collection":[{"href":"https:\/\/minutobahia24h.com.br\/index.php?rest_route=\/wp\/v2\/posts"}],"about":[{"href":"https:\/\/minutobahia24h.com.br\/index.php?rest_route=\/wp\/v2\/types\/post"}],"author":[{"embeddable":true,"href":"https:\/\/minutobahia24h.com.br\/index.php?rest_route=\/wp\/v2\/users\/2"}],"replies":[{"embeddable":true,"href":"https:\/\/minutobahia24h.com.br\/index.php?rest_route=%2Fwp%2Fv2%2Fcomments&post=31594"}],"version-history":[{"count":1,"href":"https:\/\/minutobahia24h.com.br\/index.php?rest_route=\/wp\/v2\/posts\/31594\/revisions"}],"predecessor-version":[{"id":31596,"href":"https:\/\/minutobahia24h.com.br\/index.php?rest_route=\/wp\/v2\/posts\/31594\/revisions\/31596"}],"wp:featuredmedia":[{"embeddable":true,"href":"https:\/\/minutobahia24h.com.br\/index.php?rest_route=\/wp\/v2\/media\/31595"}],"wp:attachment":[{"href":"https:\/\/minutobahia24h.com.br\/index.php?rest_route=%2Fwp%2Fv2%2Fmedia&parent=31594"}],"wp:term":[{"taxonomy":"category","embeddable":true,"href":"https:\/\/minutobahia24h.com.br\/index.php?rest_route=%2Fwp%2Fv2%2Fcategories&post=31594"},{"taxonomy":"post_tag","embeddable":true,"href":"https:\/\/minutobahia24h.com.br\/index.php?rest_route=%2Fwp%2Fv2%2Ftags&post=31594"}],"curies":[{"name":"wp","href":"https:\/\/api.w.org\/{rel}","templated":true}]}}