{"id":31591,"date":"2025-07-02T07:24:40","date_gmt":"2025-07-02T10:24:40","guid":{"rendered":"https:\/\/minutobahia24h.com.br\/?p=31591"},"modified":"2025-07-02T07:24:42","modified_gmt":"2025-07-02T10:24:42","slug":"arraia-do-papagaio-prefeito-de-caem-divulga-as-novidades-da-tradicional-festa-de-sao-pedro-da-cidade","status":"publish","type":"post","link":"https:\/\/minutobahia24h.com.br\/?p=31591","title":{"rendered":"ARRAI\u00c1 DO PAPAGAIO: Prefeito de Ca\u00e9m divulga as novidades da tradicional \u2018Festa de S\u00e3o Pedro\u2019 da cidade"},"content":{"rendered":"<div class=\"wp-block-image\">\n<figure class=\"aligncenter size-full\"><img data-recalc-dims=\"1\" fetchpriority=\"high\" decoding=\"async\" width=\"800\" height=\"600\" src=\"https:\/\/i0.wp.com\/minutobahia24h.com.br\/wp-content\/uploads\/2025\/07\/Sem-titulo-16.jpg?resize=800%2C600&#038;ssl=1\" alt=\"\" class=\"wp-image-31592\" srcset=\"https:\/\/i0.wp.com\/minutobahia24h.com.br\/wp-content\/uploads\/2025\/07\/Sem-titulo-16.jpg?w=1024&amp;ssl=1 1024w, https:\/\/i0.wp.com\/minutobahia24h.com.br\/wp-content\/uploads\/2025\/07\/Sem-titulo-16.jpg?resize=300%2C225&amp;ssl=1 300w, https:\/\/i0.wp.com\/minutobahia24h.com.br\/wp-content\/uploads\/2025\/07\/Sem-titulo-16.jpg?resize=768%2C576&amp;ssl=1 768w, https:\/\/i0.wp.com\/minutobahia24h.com.br\/wp-content\/uploads\/2025\/07\/Sem-titulo-16.jpg?resize=750%2C563&amp;ssl=1 750w\" sizes=\"(max-width: 800px) 100vw, 800px\" \/><\/figure>\n<\/div>\n\n\n<p>Falar da gest\u00e3o municipal e, principalmente, a divulga\u00e7\u00e3o do Arrai\u00e1 do Papagaio, a tradicional \u2018Festa de S\u00e3o Pedro\u2019, o prefeito de Ca\u00e9m, Arnaldinho Oliveira, tem participado de programas jornal\u00edsticos em emissoras de r\u00e1dio de toda a regi\u00e3o.<br>Iniciando as rodadas de entrevistas, o prefeito conversou no in\u00edcio da tarde desta segunda-feira (30), com a jornalista Tamara Leal, no programa Radar 99, da Jacobina FM. Na manh\u00e3 desta ter\u00e7a-feira (1\u00ba), o bate-papo foi com o radialista Geyder Gomes, no Jornal Popular da Serrana L\u00edder FM.<\/p>\n\n\n\n<p>Ap\u00f3s destacar os avan\u00e7os conquistados pelo munic\u00edpio atrav\u00e9s de suas gest\u00f5es, sendo reconhecido inclusive pelos governos estadual e federal como excel\u00eancia na Aten\u00e7\u00e3o B\u00e1sica de Sa\u00fade, aparecendo sempre a frente dos demais no territ\u00f3rio que pertence e entre os primeiros em toda a Bahia, o chefe do Executivo de Ca\u00e9m apresentou aos ouvintes toda a prepara\u00e7\u00e3o e as novidades da maior festa de S\u00e3o Pedro da regi\u00e3o que acontece nesse final de semana (4, 5 e 6 de julho).<\/p>\n\n\n\n<p>\u201cNossa cidade est\u00e1 preparada para receber todos os visitantes com acolhimento que \u00e9 peculiar do nosso povo. Como em outras edi\u00e7\u00f5es, o Arrai\u00e1 do Papagaio 2025 ser\u00e1 marcado de muita alegria, tradi\u00e7\u00e3o, acessibilidade, seguran\u00e7a, forr\u00f3 e romantismo\u201d, disse Arnaldinho, ao se referir \u00e0 organiza\u00e7\u00e3o do evento.<\/p>\n\n\n\n<p>Al\u00e9m das atra\u00e7\u00f5es musicais, o prefeito ressaltou tamb\u00e9m a realiza\u00e7\u00e3o do desfile do \u2018Bloco das Vi\u00favas\u2019 que acontece no \u00faltimo dia dos festejos e leva milhares de pessoas \u00e0s ruas. Outra a\u00e7\u00e3o de grande relev\u00e2ncia \u00e9 o \u2018Camarote da Acessibilidade\u2019, montado em um ponto estrat\u00e9gico da festa, o equipamento abriga exclusivamente portadores de defici\u00eancias e idosos. \u201cUma festa de, e para todos\u201d, enfatiza Arnaldinho.<\/p>\n\n\n\n<p>As principais atra\u00e7\u00f5es do Arrai\u00e1 do Papagaio 2025 s\u00e3o os cantores Ra\u00ed Saia Rodada, Devinho Novaes, Silvanno Salles e Targino Godim.<\/p>\n\n\n\n<p>jacobina24horas<\/p>\n","protected":false},"excerpt":{"rendered":"<p>Falar da gest\u00e3o municipal e, principalmente, a divulga\u00e7\u00e3o do Arrai\u00e1 do Papagaio, a tradicional \u2018Festa de S\u00e3o Pedro\u2019, o prefeito de Ca\u00e9m, Arnaldinho Oliveira, tem participado de programas jornal\u00edsticos em emissoras de r\u00e1dio de toda a regi\u00e3o.Iniciando as rodadas de entrevistas, o prefeito conversou no in\u00edcio da tarde desta segunda-feira (30), com a jornalista Tamara [&hellip;]<\/p>\n","protected":false},"author":2,"featured_media":31592,"comment_status":"open","ping_status":"open","sticky":false,"template":"","format":"standard","meta":{"_jetpack_memberships_contains_paid_content":false,"footnotes":""},"categories":[3],"tags":[],"class_list":["post-31591","post","type-post","status-publish","format-standard","has-post-thumbnail","hentry","category-regional"],"aioseo_notices":[],"jetpack_featured_media_url":"https:\/\/i0.wp.com\/minutobahia24h.com.br\/wp-content\/uploads\/2025\/07\/Sem-titulo-16.jpg?fit=1024%2C768&ssl=1","jetpack_sharing_enabled":true,"_links":{"self":[{"href":"https:\/\/minutobahia24h.com.br\/index.php?rest_route=\/wp\/v2\/posts\/31591","targetHints":{"allow":["GET"]}}],"collection":[{"href":"https:\/\/minutobahia24h.com.br\/index.php?rest_route=\/wp\/v2\/posts"}],"about":[{"href":"https:\/\/minutobahia24h.com.br\/index.php?rest_route=\/wp\/v2\/types\/post"}],"author":[{"embeddable":true,"href":"https:\/\/minutobahia24h.com.br\/index.php?rest_route=\/wp\/v2\/users\/2"}],"replies":[{"embeddable":true,"href":"https:\/\/minutobahia24h.com.br\/index.php?rest_route=%2Fwp%2Fv2%2Fcomments&post=31591"}],"version-history":[{"count":1,"href":"https:\/\/minutobahia24h.com.br\/index.php?rest_route=\/wp\/v2\/posts\/31591\/revisions"}],"predecessor-version":[{"id":31593,"href":"https:\/\/minutobahia24h.com.br\/index.php?rest_route=\/wp\/v2\/posts\/31591\/revisions\/31593"}],"wp:featuredmedia":[{"embeddable":true,"href":"https:\/\/minutobahia24h.com.br\/index.php?rest_route=\/wp\/v2\/media\/31592"}],"wp:attachment":[{"href":"https:\/\/minutobahia24h.com.br\/index.php?rest_route=%2Fwp%2Fv2%2Fmedia&parent=31591"}],"wp:term":[{"taxonomy":"category","embeddable":true,"href":"https:\/\/minutobahia24h.com.br\/index.php?rest_route=%2Fwp%2Fv2%2Fcategories&post=31591"},{"taxonomy":"post_tag","embeddable":true,"href":"https:\/\/minutobahia24h.com.br\/index.php?rest_route=%2Fwp%2Fv2%2Ftags&post=31591"}],"curies":[{"name":"wp","href":"https:\/\/api.w.org\/{rel}","templated":true}]}}