{"id":31582,"date":"2025-07-01T17:51:12","date_gmt":"2025-07-01T20:51:12","guid":{"rendered":"https:\/\/minutobahia24h.com.br\/?p=31582"},"modified":"2025-07-01T17:51:30","modified_gmt":"2025-07-01T20:51:30","slug":"prefeitura-de-filadelfia-realiza-capacitacao-para-merendeiras-com-entrega-de-novos-kits-de-trabalho","status":"publish","type":"post","link":"https:\/\/minutobahia24h.com.br\/?p=31582","title":{"rendered":"Prefeitura de Filad\u00e9lfia realiza capacita\u00e7\u00e3o para Merendeiras com entrega de novos kits de trabalho"},"content":{"rendered":"<div class=\"wp-block-image\">\n<figure class=\"aligncenter size-large\"><img data-recalc-dims=\"1\" fetchpriority=\"high\" decoding=\"async\" width=\"800\" height=\"1003\" src=\"https:\/\/i0.wp.com\/minutobahia24h.com.br\/wp-content\/uploads\/2025\/07\/img-20250701-wa12278117714830974819599-817x1024.jpg?resize=800%2C1003&#038;ssl=1\" alt=\"\" class=\"wp-image-31580\" srcset=\"https:\/\/i0.wp.com\/minutobahia24h.com.br\/wp-content\/uploads\/2025\/07\/img-20250701-wa12278117714830974819599.jpg?resize=817%2C1024&amp;ssl=1 817w, https:\/\/i0.wp.com\/minutobahia24h.com.br\/wp-content\/uploads\/2025\/07\/img-20250701-wa12278117714830974819599.jpg?resize=239%2C300&amp;ssl=1 239w, https:\/\/i0.wp.com\/minutobahia24h.com.br\/wp-content\/uploads\/2025\/07\/img-20250701-wa12278117714830974819599.jpg?resize=768%2C963&amp;ssl=1 768w, https:\/\/i0.wp.com\/minutobahia24h.com.br\/wp-content\/uploads\/2025\/07\/img-20250701-wa12278117714830974819599.jpg?resize=750%2C940&amp;ssl=1 750w, https:\/\/i0.wp.com\/minutobahia24h.com.br\/wp-content\/uploads\/2025\/07\/img-20250701-wa12278117714830974819599.jpg?w=1080&amp;ssl=1 1080w\" sizes=\"(max-width: 800px) 100vw, 800px\" \/><\/figure>\n<\/div>\n\n\n<p>Na manh\u00e3 desta ter\u00e7a-feira (1\u00ba), a Prefeitura de Filad\u00e9lfia, por meio da Secretaria de Educa\u00e7\u00e3o, realizou uma capacita\u00e7\u00e3o especial voltada para as Merendeiras da rede Municipal. O evento aconteceu na C\u00e2mara de Vereadores e teve como objetivo qualificar e valorizar as profissionais que s\u00e3o fundamentais para o bom funcionamento das escolas.<br><br>Estiveram presentes o prefeito Dr. Andr\u00e9, a secret\u00e1ria de Educa\u00e7\u00e3o Jamile, e o secret\u00e1rio de Sa\u00fade Odejonnes, que destacaram a import\u00e2ncia do trabalho das merendeiras e o compromisso da gest\u00e3o com a qualidade da alimenta\u00e7\u00e3o escolar.<\/p>\n\n\n<div class=\"wp-block-image\">\n<figure class=\"aligncenter size-large\"><img data-recalc-dims=\"1\" decoding=\"async\" width=\"800\" height=\"600\" src=\"https:\/\/i0.wp.com\/minutobahia24h.com.br\/wp-content\/uploads\/2025\/07\/img-20250701-wa12295579520534550515693-1024x768.jpg?resize=800%2C600&#038;ssl=1\" alt=\"\" class=\"wp-image-31581\" srcset=\"https:\/\/i0.wp.com\/minutobahia24h.com.br\/wp-content\/uploads\/2025\/07\/img-20250701-wa12295579520534550515693.jpg?resize=1024%2C768&amp;ssl=1 1024w, https:\/\/i0.wp.com\/minutobahia24h.com.br\/wp-content\/uploads\/2025\/07\/img-20250701-wa12295579520534550515693.jpg?resize=300%2C225&amp;ssl=1 300w, https:\/\/i0.wp.com\/minutobahia24h.com.br\/wp-content\/uploads\/2025\/07\/img-20250701-wa12295579520534550515693.jpg?resize=768%2C576&amp;ssl=1 768w, https:\/\/i0.wp.com\/minutobahia24h.com.br\/wp-content\/uploads\/2025\/07\/img-20250701-wa12295579520534550515693.jpg?resize=1536%2C1152&amp;ssl=1 1536w, https:\/\/i0.wp.com\/minutobahia24h.com.br\/wp-content\/uploads\/2025\/07\/img-20250701-wa12295579520534550515693.jpg?resize=750%2C563&amp;ssl=1 750w, https:\/\/i0.wp.com\/minutobahia24h.com.br\/wp-content\/uploads\/2025\/07\/img-20250701-wa12295579520534550515693.jpg?resize=1140%2C855&amp;ssl=1 1140w, https:\/\/i0.wp.com\/minutobahia24h.com.br\/wp-content\/uploads\/2025\/07\/img-20250701-wa12295579520534550515693.jpg?w=1600&amp;ssl=1 1600w\" sizes=\"(max-width: 800px) 100vw, 800px\" \/><\/figure>\n<\/div>\n\n\n<p>Durante a capacita\u00e7\u00e3o, as participantes receberam orienta\u00e7\u00f5es sobre atribui\u00e7\u00f5es da merendeira, cuidados pessoais e legisla\u00e7\u00e3o do Programa Nacional de Alimenta\u00e7\u00e3o Escolar (PNAE), refor\u00e7ando boas pr\u00e1ticas de higiene e seguran\u00e7a no preparo dos alimentos.<br><br>Al\u00e9m das atividades formativas, o prefeito Dr. Andr\u00e9 realizou a entrega de novos aventais e toucas de prote\u00e7\u00e3o, garantindo mais seguran\u00e7a e conforto no dia a dia das profissionais. A iniciativa simboliza o cuidado e o respeito da gest\u00e3o municipal com quem se dedica diariamente \u00e0 alimenta\u00e7\u00e3o e ao bem-estar dos estudantes.<br><br>\u201cA merenda escolar vai muito al\u00e9m de um alimento servido. \u00c9 um momento de cuidado e acolhimento para nossos alunos, e nada mais justo do que investir na valoriza\u00e7\u00e3o e qualifica\u00e7\u00e3o de quem faz isso acontecer\u201d, destacou o prefeito Dr. Andr\u00e9.<br>\u2014\u2014-<br>Prefeitura de Filad\u00e9lfia<\/p>\n","protected":false},"excerpt":{"rendered":"<p>Na manh\u00e3 desta ter\u00e7a-feira (1\u00ba), a Prefeitura de Filad\u00e9lfia, por meio da Secretaria de Educa\u00e7\u00e3o, realizou uma capacita\u00e7\u00e3o especial voltada para as Merendeiras da rede Municipal. O evento aconteceu na C\u00e2mara de Vereadores e teve como objetivo qualificar e valorizar as profissionais que s\u00e3o fundamentais para o bom funcionamento das escolas. Estiveram presentes o prefeito [&hellip;]<\/p>\n","protected":false},"author":2,"featured_media":31580,"comment_status":"open","ping_status":"open","sticky":false,"template":"","format":"standard","meta":{"_jetpack_memberships_contains_paid_content":false,"footnotes":""},"categories":[3],"tags":[7],"class_list":["post-31582","post","type-post","status-publish","format-standard","has-post-thumbnail","hentry","category-regional","tag-filadelfia"],"aioseo_notices":[],"jetpack_featured_media_url":"https:\/\/i0.wp.com\/minutobahia24h.com.br\/wp-content\/uploads\/2025\/07\/img-20250701-wa12278117714830974819599.jpg?fit=1080%2C1354&ssl=1","jetpack_sharing_enabled":true,"_links":{"self":[{"href":"https:\/\/minutobahia24h.com.br\/index.php?rest_route=\/wp\/v2\/posts\/31582","targetHints":{"allow":["GET"]}}],"collection":[{"href":"https:\/\/minutobahia24h.com.br\/index.php?rest_route=\/wp\/v2\/posts"}],"about":[{"href":"https:\/\/minutobahia24h.com.br\/index.php?rest_route=\/wp\/v2\/types\/post"}],"author":[{"embeddable":true,"href":"https:\/\/minutobahia24h.com.br\/index.php?rest_route=\/wp\/v2\/users\/2"}],"replies":[{"embeddable":true,"href":"https:\/\/minutobahia24h.com.br\/index.php?rest_route=%2Fwp%2Fv2%2Fcomments&post=31582"}],"version-history":[{"count":1,"href":"https:\/\/minutobahia24h.com.br\/index.php?rest_route=\/wp\/v2\/posts\/31582\/revisions"}],"predecessor-version":[{"id":31583,"href":"https:\/\/minutobahia24h.com.br\/index.php?rest_route=\/wp\/v2\/posts\/31582\/revisions\/31583"}],"wp:featuredmedia":[{"embeddable":true,"href":"https:\/\/minutobahia24h.com.br\/index.php?rest_route=\/wp\/v2\/media\/31580"}],"wp:attachment":[{"href":"https:\/\/minutobahia24h.com.br\/index.php?rest_route=%2Fwp%2Fv2%2Fmedia&parent=31582"}],"wp:term":[{"taxonomy":"category","embeddable":true,"href":"https:\/\/minutobahia24h.com.br\/index.php?rest_route=%2Fwp%2Fv2%2Fcategories&post=31582"},{"taxonomy":"post_tag","embeddable":true,"href":"https:\/\/minutobahia24h.com.br\/index.php?rest_route=%2Fwp%2Fv2%2Ftags&post=31582"}],"curies":[{"name":"wp","href":"https:\/\/api.w.org\/{rel}","templated":true}]}}