{"id":3156,"date":"2023-10-31T08:19:52","date_gmt":"2023-10-31T11:19:52","guid":{"rendered":"https:\/\/minutobahia24h.com.br\/?p=3156"},"modified":"2023-10-31T08:19:53","modified_gmt":"2023-10-31T11:19:53","slug":"demencia-40-dos-casos-estao-ligados-a-8-fatores-de-risco-que-podem-ser-modificados-diz-oxford-veja-lista","status":"publish","type":"post","link":"https:\/\/minutobahia24h.com.br\/?p=3156","title":{"rendered":"Dem\u00eancia: 40% dos casos est\u00e3o ligados a 8 fatores de risco que podem ser modificados, diz Oxford; veja lista"},"content":{"rendered":"<div class=\"wp-block-image\">\n<figure class=\"aligncenter size-full\"><img data-recalc-dims=\"1\" fetchpriority=\"high\" decoding=\"async\" width=\"800\" height=\"533\" src=\"https:\/\/i0.wp.com\/minutobahia24h.com.br\/wp-content\/uploads\/2023\/10\/Sem-titulo-194.jpg?resize=800%2C533&#038;ssl=1\" alt=\"\" class=\"wp-image-3158\" srcset=\"https:\/\/i0.wp.com\/minutobahia24h.com.br\/wp-content\/uploads\/2023\/10\/Sem-titulo-194.jpg?w=888&amp;ssl=1 888w, https:\/\/i0.wp.com\/minutobahia24h.com.br\/wp-content\/uploads\/2023\/10\/Sem-titulo-194.jpg?resize=300%2C200&amp;ssl=1 300w, https:\/\/i0.wp.com\/minutobahia24h.com.br\/wp-content\/uploads\/2023\/10\/Sem-titulo-194.jpg?resize=768%2C512&amp;ssl=1 768w, https:\/\/i0.wp.com\/minutobahia24h.com.br\/wp-content\/uploads\/2023\/10\/Sem-titulo-194.jpg?resize=750%2C500&amp;ssl=1 750w\" sizes=\"(max-width: 800px) 100vw, 800px\" \/><figcaption class=\"wp-element-caption\">Novo estudo confirma sete h\u00e1bitos que diminuem o risco de dem\u00eancia, mesmo para aqueles com predisposi\u00e7\u00e3o gen\u00e9tica. \u2014 Foto: Pixabay<\/figcaption><\/figure>\n<\/div>\n\n\n<p>Segundo estimativas da Organiza\u00e7\u00e3o Mundial da Sa\u00fade (OMS), o n\u00famero de pessoas com dem\u00eancia vai crescer em mais de 150% at\u00e9 2050, passando de 55 para 139 milh\u00f5es de casos. A s\u00edndrome, que compreende os diagn\u00f3sticos de decl\u00ednio cognitivo, em sua maioria pela doen\u00e7a de\u00a0<a class=\"\" href=\"https:\/\/oglobo.globo.com\/tudo-sobre\/assunto\/alzheimer\">Alzheimer<\/a>, \u00e9 uma preocupa\u00e7\u00e3o cada vez maior com o envelhecimento da popula\u00e7\u00e3o \u2013 no Brasil, dados do Censo 2022 mostram que o n\u00famero de idosos aumentou 57,4% nos \u00faltimos 12 anos. Mas existem formas pr\u00e1ticas de preveni-la.<\/p>\n\n\n\n<p>Diversas pesquisas mostram que uma parcela significativa dos casos de dem\u00eancia est\u00e3o associados a h\u00e1bitos de vida. Segundo cientistas da Universidade de Oxford, no Reino Unido, esse total corresponde a cerca de 40% dos diagn\u00f3sticos. Em um estudo mais recente, os pesquisadores do departamento de Psiquiatra da institui\u00e7\u00e3o buscaram mapear quais s\u00e3o os fatores de risco associados a esses pacientes de forma mais significativa.<\/p>\n\n\n\n<p>O trabalho, publicado na revista cient\u00edfica BMJ Mental Health, analisou dados de dois grandes estudos de longa dura\u00e7\u00e3o, o UK Biobank e o Whitehall II Study. Eles selecionaram 223,7 mil participantes com idades entre 50 e 73 anos e analisaram 28 fatores de risco j\u00e1 estabelecidos para dem\u00eancia e sua rela\u00e7\u00e3o com a incid\u00eancia de novos casos da doen\u00e7a.<\/p>\n\n\n\n<p>Os cientistas descobriram&nbsp;<strong>11 fatores que s\u00e3o associados de forma mais significativa a um risco maior para a dem\u00eancia ao longo dos 14 anos<\/strong>&nbsp;subsequentes. Enquanto tr\u00eas deles (idade, diagn\u00f3stico dos pais e ser homem) n\u00e3o podem ser alterados, 8 deles s\u00e3o modific\u00e1veis o que indica a possibilidade de intervir para reduzir o risco. Confira a lista completa:<\/p>\n\n\n\n<ul class=\"wp-block-list\">\n<li>Idade;<\/li>\n\n\n\n<li>Educa\u00e7\u00e3o;<\/li>\n\n\n\n<li>Hist\u00f3rico e diabetes;<\/li>\n\n\n\n<li>Hist\u00f3rico (ou situa\u00e7\u00e3o atual) de depress\u00e3o<\/li>\n\n\n\n<li>Hist\u00f3rico de AVC;<\/li>\n\n\n\n<li>Os pais terem dem\u00eancia;<\/li>\n\n\n\n<li>Classe socioecon\u00f4mica mais baixa;<\/li>\n\n\n\n<li>Press\u00e3o alta;<\/li>\n\n\n\n<li>Colesterol alto;<\/li>\n\n\n\n<li>Viver sozinho e<\/li>\n\n\n\n<li>Ser homem.<\/li>\n<\/ul>\n\n\n\n<p>Com base nos 11 fatores, os cientistas de Oxford desenvolveram uma pontua\u00e7\u00e3o de risco que, segundo o principal autor do estudo, Raihaan Patel, pode ser utilizada para identificar aqueles mais vulner\u00e1veis \u00e0 dem\u00eancia, e que portanto podem se beneficiar de um acompanhamento m\u00e9dico mais espec\u00edfico.<\/p>\n\n\n\n<p>Por\u00e9m, a professora de Oxford que tamb\u00e9m participou do estudo, Sana Suri, pondera que a pontua\u00e7\u00e3o \u201capenas nos informa sobre as nossas chances de desenvolver dem\u00eancia, n\u00e3o representa um resultado definitivo\u201d, diz em comunicado. Quanto mais fatores, maiores as chances, mas isso n\u00e3o quer dizer necessariamente que o indiv\u00edduo ter\u00e1 o decl\u00ednio cognitivo.<\/p>\n\n\n\n<p>Ela destaca que, j\u00e1 que \u201calguns dos fatores inclu\u00eddos na pontua\u00e7\u00e3o podem ser modificados ou tratados, h\u00e1 coisas que todos podemos fazer para ajudar a reduzir o nosso risco de dem\u00eancia\u201d. A pesquisadora cita de exemplo que uma pessoa com diabetes, depress\u00e3o e press\u00e3o alta, que podem ser tratados, tem cerca de tr\u00eas vezes mais risco de dem\u00eancia do que algu\u00e9m da mesma idade sem os diagn\u00f3sticos.<\/p>\n\n\n\n<p>Os fatores chamados de modific\u00e1veis s\u00e3o importantes especialmente no contexto de alta dos casos de dem\u00eancia e de uma popula\u00e7\u00e3o cada vez mais envelhecida. No relat\u00f3rio mais recente sobre o tema, a OMS chamou aten\u00e7\u00e3o para \u201cfalhas no combate \u00e0 doen\u00e7a\u201d e para uma estimativa de que ela alcance 139 milh\u00f5es de pessoas em 2050.<\/p>\n\n\n\n<p>O documento aponta ainda que somente um quarto dos pa\u00edses t\u00eam uma pol\u00edtica, uma estrat\u00e9gia ou um plano nacional que promova o apoio a pessoas com dem\u00eancia e suas fam\u00edlias. Isso ao passo em que um dos principais fatores de risco, a idade, acende o alerta de diversas na\u00e7\u00f5es.<\/p>\n\n\n\n<p>No Brasil, dados rec\u00e9m-divulgados do Censo 2022 pelo Instituto Brasileiro de Geografia Estat\u00edstica (IBGE), mostram que o n\u00famero de idosos com 65 anos ou mais cresceu 57,4% em rela\u00e7\u00e3o a 2020. Hoje s\u00e3o cerca de 22,2 milh\u00f5es de brasileiros na faixa et\u00e1ria, 10,9% da popula\u00e7\u00e3o. Enquanto isso, a propor\u00e7\u00e3o de crian\u00e7as com at\u00e9 14 anos caiu de 23,1% para 19,8%.<\/p>\n","protected":false},"excerpt":{"rendered":"<p>Segundo estimativas da Organiza\u00e7\u00e3o Mundial da Sa\u00fade (OMS), o n\u00famero de pessoas com dem\u00eancia vai crescer em mais de 150% at\u00e9 2050, passando de 55 para 139 milh\u00f5es de casos. A s\u00edndrome, que compreende os diagn\u00f3sticos de decl\u00ednio cognitivo, em sua maioria pela doen\u00e7a de\u00a0Alzheimer, \u00e9 uma preocupa\u00e7\u00e3o cada vez maior com o envelhecimento da [&hellip;]<\/p>\n","protected":false},"author":2,"featured_media":3158,"comment_status":"open","ping_status":"open","sticky":false,"template":"","format":"standard","meta":{"_jetpack_memberships_contains_paid_content":false,"footnotes":""},"categories":[18],"tags":[],"class_list":["post-3156","post","type-post","status-publish","format-standard","has-post-thumbnail","hentry","category-saude"],"aioseo_notices":[],"jetpack_featured_media_url":"https:\/\/i0.wp.com\/minutobahia24h.com.br\/wp-content\/uploads\/2023\/10\/Sem-titulo-194.jpg?fit=888%2C592&ssl=1","jetpack_sharing_enabled":true,"_links":{"self":[{"href":"https:\/\/minutobahia24h.com.br\/index.php?rest_route=\/wp\/v2\/posts\/3156","targetHints":{"allow":["GET"]}}],"collection":[{"href":"https:\/\/minutobahia24h.com.br\/index.php?rest_route=\/wp\/v2\/posts"}],"about":[{"href":"https:\/\/minutobahia24h.com.br\/index.php?rest_route=\/wp\/v2\/types\/post"}],"author":[{"embeddable":true,"href":"https:\/\/minutobahia24h.com.br\/index.php?rest_route=\/wp\/v2\/users\/2"}],"replies":[{"embeddable":true,"href":"https:\/\/minutobahia24h.com.br\/index.php?rest_route=%2Fwp%2Fv2%2Fcomments&post=3156"}],"version-history":[{"count":1,"href":"https:\/\/minutobahia24h.com.br\/index.php?rest_route=\/wp\/v2\/posts\/3156\/revisions"}],"predecessor-version":[{"id":3159,"href":"https:\/\/minutobahia24h.com.br\/index.php?rest_route=\/wp\/v2\/posts\/3156\/revisions\/3159"}],"wp:featuredmedia":[{"embeddable":true,"href":"https:\/\/minutobahia24h.com.br\/index.php?rest_route=\/wp\/v2\/media\/3158"}],"wp:attachment":[{"href":"https:\/\/minutobahia24h.com.br\/index.php?rest_route=%2Fwp%2Fv2%2Fmedia&parent=3156"}],"wp:term":[{"taxonomy":"category","embeddable":true,"href":"https:\/\/minutobahia24h.com.br\/index.php?rest_route=%2Fwp%2Fv2%2Fcategories&post=3156"},{"taxonomy":"post_tag","embeddable":true,"href":"https:\/\/minutobahia24h.com.br\/index.php?rest_route=%2Fwp%2Fv2%2Ftags&post=3156"}],"curies":[{"name":"wp","href":"https:\/\/api.w.org\/{rel}","templated":true}]}}