{"id":31559,"date":"2025-07-01T08:09:30","date_gmt":"2025-07-01T11:09:30","guid":{"rendered":"https:\/\/minutobahia24h.com.br\/?p=31559"},"modified":"2025-07-01T08:09:31","modified_gmt":"2025-07-01T11:09:31","slug":"governo-divulga-edital-do-cnu-2025","status":"publish","type":"post","link":"https:\/\/minutobahia24h.com.br\/?p=31559","title":{"rendered":"Governo divulga edital do CNU 2025"},"content":{"rendered":"<div class=\"wp-block-image\">\n<figure class=\"aligncenter size-large\"><img data-recalc-dims=\"1\" fetchpriority=\"high\" decoding=\"async\" width=\"800\" height=\"420\" src=\"https:\/\/i0.wp.com\/minutobahia24h.com.br\/wp-content\/uploads\/2025\/07\/Sem-titulo-10-1024x538.jpg?resize=800%2C420&#038;ssl=1\" alt=\"\" class=\"wp-image-31560\" srcset=\"https:\/\/i0.wp.com\/minutobahia24h.com.br\/wp-content\/uploads\/2025\/07\/Sem-titulo-10.jpg?resize=1024%2C538&amp;ssl=1 1024w, https:\/\/i0.wp.com\/minutobahia24h.com.br\/wp-content\/uploads\/2025\/07\/Sem-titulo-10.jpg?resize=300%2C158&amp;ssl=1 300w, https:\/\/i0.wp.com\/minutobahia24h.com.br\/wp-content\/uploads\/2025\/07\/Sem-titulo-10.jpg?resize=768%2C403&amp;ssl=1 768w, https:\/\/i0.wp.com\/minutobahia24h.com.br\/wp-content\/uploads\/2025\/07\/Sem-titulo-10.jpg?resize=750%2C394&amp;ssl=1 750w, https:\/\/i0.wp.com\/minutobahia24h.com.br\/wp-content\/uploads\/2025\/07\/Sem-titulo-10.jpg?resize=1140%2C599&amp;ssl=1 1140w, https:\/\/i0.wp.com\/minutobahia24h.com.br\/wp-content\/uploads\/2025\/07\/Sem-titulo-10.jpg?w=1200&amp;ssl=1 1200w\" sizes=\"(max-width: 800px) 100vw, 800px\" \/><figcaption class=\"wp-element-caption\">Foto: Reprodu\u00e7\u00e3o<br><\/figcaption><\/figure>\n<\/div>\n\n\n<p>O Minist\u00e9rio da Gest\u00e3o divulgou nesta segunda-feira (30) o\u00a0<a href=\"https:\/\/www.in.gov.br\/en\/web\/dou\/-\/edital-enap-n-114-de-30-de-junho-de-2025-638911305\"><strong>edital<\/strong><\/a>\u00a0da segunda edi\u00e7\u00e3o do CNU (Concurso Nacional Unificado), que ter\u00e1 inscri\u00e7\u00f5es abertas a partir de quarta-feira (2) \u00e0s 10h. Ser\u00e3o nove eixos tem\u00e1ticos, cujo peso varia de acordo com a carreira escolhida pelo candidato.\u00a0<\/p>\n\n\n\n<p>O certame ter\u00e1 3.652 vagas em 36 \u00f3rg\u00e3os p\u00fablicos, com sal\u00e1rios iniciais de at\u00e9 R$ 16 mil.\u00a0<\/p>\n\n\n\n<p>A taxa de inscri\u00e7\u00e3o ser\u00e1 de R$ 70, mesmo valor para cargos de n\u00edvel superior e m\u00e9dio. As inscri\u00e7\u00f5es ser\u00e3o feitas pelo Gov.br, assim como na primeira edi\u00e7\u00e3o, e podem ser feitas por usu\u00e1rios de qualquer n\u00edvel de seguran\u00e7a na plataforma, de bronze a prata e ouro. As provas v\u00e3o ocorrer em 228 munic\u00edpios.\u00a0<\/p>\n\n\n\n<p>O edital detalha ainda procedimentos do concurso, incluindo o passo a passo para se candidatar, os m\u00e9todos de pagamento da inscri\u00e7\u00e3o e quem tem direito \u00e0 isen\u00e7\u00e3o de pagamento. Al\u00e9m disso, o documento explica sobre os procedimentos de heteroidentifica\u00e7\u00e3o para candidatos cotistas.\u00a0<\/p>\n\n\n\n<p>Esta edi\u00e7\u00e3o ter\u00e1 um edital unificado, dividido em nove blocos tem\u00e1ticos. No ano passado, foram oito editais diferentes &#8211;sete para os postos de n\u00edvel superior e um para os de ensino m\u00e9dio. No in\u00edcio de junho, a FGV (Funda\u00e7\u00e3o Getulio Vargas) foi escolhida como banca organizadora.\u00a0<\/p>\n\n\n\n<p>A nota final do candidato ser\u00e1 calculada a partir da soma do resultado na prova objetiva com a discursiva e, se for o caso, da prova de t\u00edtulos. Nos cargos de n\u00edvel superior, a prova objetiva ter\u00e1 90 quest\u00f5es, sendo 30 de conhecimentos gerais e 60 de espec\u00edficos.\u00a0<\/p>\n\n\n\n<p>Para os cargos de n\u00edvel intermedi\u00e1rio, ser\u00e3o 20 perguntas gerais e 48 de conhecimentos espec\u00edficos. No caso das provas dissertativas, para os cargos de n\u00edvel superior, ser\u00e3o aplicadas duas quest\u00f5es discursivas (na \u00faltima edi\u00e7\u00e3o do concurso, havia apenas uma). O candidato ter\u00e1 das 13h \u00e0s 16h para fazer a prova. J\u00e1 para os cargos de n\u00edvel intermedi\u00e1rio, ser\u00e1 aplicada uma reda\u00e7\u00e3o argumentativa, das 13h \u00e0s 15h.\u00a0<\/p>\n\n\n\n<p>A prova objetiva ser\u00e1 em 5 de outubro e a segunda, discursiva ser\u00e1 aplicada no dia 7 de dezembro apenas para os aprovados na primeira.\u00a0<\/p>\n\n\n\n<p>O certame vai ter mudan\u00e7as na pol\u00edtica de cotas, com aumento na reserva de vagas de 20% para 30%. A distribui\u00e7\u00e3o entres os cotistas ser\u00e1 de 25% para pretos e pardos, 3% para ind\u00edgenas e 2% para quilombolas.\u00a0<\/p>\n\n\n\n<p>O novo CNU tamb\u00e9m ter\u00e1 regra especial para aumentar o n\u00famero de mulheres aprovadas na segunda fase.\u00a0<\/p>\n\n\n\n<p><strong>VEJA O CALEND\u00c1RIO DO CNU DE 2025<\/strong>\u00a0<\/p>\n\n\n\n<p>Inscri\u00e7\u00f5es: das 10h de 2\/7\/25 at\u00e9 23h59 de 20\/7\/25 (pagamento at\u00e9 21\/7)\u00a0<\/p>\n\n\n\n<p>Solicita\u00e7\u00e3o da isen\u00e7\u00e3o da taxa de inscri\u00e7\u00e3o: 2 a 8\/7\/25\u00a0<\/p>\n\n\n\n<p>Prova objetiva: 5\/10\/25, das 13h \u00e0s 18h\u00a0<\/p>\n\n\n\n<p>Convoca\u00e7\u00e3o para prova discursiva: 12\/11\/25\u00a0<\/p>\n\n\n\n<p>Convoca\u00e7\u00e3o &#8211; confirma\u00e7\u00e3o de cotas e PcD: 12\/11\/25\u00a0<\/p>\n\n\n\n<p>Envio de t\u00edtulos: 13 a 19\/11\/25\u00a0<\/p>\n\n\n\n<p>Procedimentos de confirma\u00e7\u00e3o de cotas: 8\/12 a 17\/12\/2025\u00a0<\/p>\n\n\n\n<p>Prova discursiva para habilitados na 1\u00aa fase: 7\/12\/25\u00a0<\/p>\n\n\n\n<p>Previs\u00e3o de divulga\u00e7\u00e3o da primeira lista de classifica\u00e7\u00e3o: 30\/01\/2026<\/p>\n\n\n\n<p>BN<\/p>\n","protected":false},"excerpt":{"rendered":"<p>O Minist\u00e9rio da Gest\u00e3o divulgou nesta segunda-feira (30) o\u00a0edital\u00a0da segunda edi\u00e7\u00e3o do CNU (Concurso Nacional Unificado), que ter\u00e1 inscri\u00e7\u00f5es abertas a partir de quarta-feira (2) \u00e0s 10h. Ser\u00e3o nove eixos tem\u00e1ticos, cujo peso varia de acordo com a carreira escolhida pelo candidato.\u00a0 O certame ter\u00e1 3.652 vagas em 36 \u00f3rg\u00e3os p\u00fablicos, com sal\u00e1rios iniciais de [&hellip;]<\/p>\n","protected":false},"author":2,"featured_media":31560,"comment_status":"open","ping_status":"open","sticky":false,"template":"","format":"standard","meta":{"_jetpack_memberships_contains_paid_content":false,"footnotes":""},"categories":[2],"tags":[],"class_list":["post-31559","post","type-post","status-publish","format-standard","has-post-thumbnail","hentry","category-nacional"],"aioseo_notices":[],"jetpack_featured_media_url":"https:\/\/i0.wp.com\/minutobahia24h.com.br\/wp-content\/uploads\/2025\/07\/Sem-titulo-10.jpg?fit=1200%2C630&ssl=1","jetpack_sharing_enabled":true,"_links":{"self":[{"href":"https:\/\/minutobahia24h.com.br\/index.php?rest_route=\/wp\/v2\/posts\/31559","targetHints":{"allow":["GET"]}}],"collection":[{"href":"https:\/\/minutobahia24h.com.br\/index.php?rest_route=\/wp\/v2\/posts"}],"about":[{"href":"https:\/\/minutobahia24h.com.br\/index.php?rest_route=\/wp\/v2\/types\/post"}],"author":[{"embeddable":true,"href":"https:\/\/minutobahia24h.com.br\/index.php?rest_route=\/wp\/v2\/users\/2"}],"replies":[{"embeddable":true,"href":"https:\/\/minutobahia24h.com.br\/index.php?rest_route=%2Fwp%2Fv2%2Fcomments&post=31559"}],"version-history":[{"count":1,"href":"https:\/\/minutobahia24h.com.br\/index.php?rest_route=\/wp\/v2\/posts\/31559\/revisions"}],"predecessor-version":[{"id":31561,"href":"https:\/\/minutobahia24h.com.br\/index.php?rest_route=\/wp\/v2\/posts\/31559\/revisions\/31561"}],"wp:featuredmedia":[{"embeddable":true,"href":"https:\/\/minutobahia24h.com.br\/index.php?rest_route=\/wp\/v2\/media\/31560"}],"wp:attachment":[{"href":"https:\/\/minutobahia24h.com.br\/index.php?rest_route=%2Fwp%2Fv2%2Fmedia&parent=31559"}],"wp:term":[{"taxonomy":"category","embeddable":true,"href":"https:\/\/minutobahia24h.com.br\/index.php?rest_route=%2Fwp%2Fv2%2Fcategories&post=31559"},{"taxonomy":"post_tag","embeddable":true,"href":"https:\/\/minutobahia24h.com.br\/index.php?rest_route=%2Fwp%2Fv2%2Ftags&post=31559"}],"curies":[{"name":"wp","href":"https:\/\/api.w.org\/{rel}","templated":true}]}}