{"id":31556,"date":"2025-07-01T08:07:28","date_gmt":"2025-07-01T11:07:28","guid":{"rendered":"https:\/\/minutobahia24h.com.br\/?p=31556"},"modified":"2025-07-01T08:07:30","modified_gmt":"2025-07-01T11:07:30","slug":"anac-revoga-medida-que-proibia-operacoes-de-pouso-no-aerodromo-de-xique-xique-saiba-detalhes","status":"publish","type":"post","link":"https:\/\/minutobahia24h.com.br\/?p=31556","title":{"rendered":"Anac revoga medida que proibia opera\u00e7\u00f5es de pouso no aer\u00f3dromo de Xique-Xique; saiba detalhes"},"content":{"rendered":"<div class=\"wp-block-image\">\n<figure class=\"aligncenter size-large\"><img data-recalc-dims=\"1\" fetchpriority=\"high\" decoding=\"async\" width=\"800\" height=\"420\" src=\"https:\/\/i0.wp.com\/minutobahia24h.com.br\/wp-content\/uploads\/2025\/07\/Sem-titulo-9-1024x538.jpg?resize=800%2C420&#038;ssl=1\" alt=\"\" class=\"wp-image-31557\" srcset=\"https:\/\/i0.wp.com\/minutobahia24h.com.br\/wp-content\/uploads\/2025\/07\/Sem-titulo-9.jpg?resize=1024%2C538&amp;ssl=1 1024w, https:\/\/i0.wp.com\/minutobahia24h.com.br\/wp-content\/uploads\/2025\/07\/Sem-titulo-9.jpg?resize=300%2C158&amp;ssl=1 300w, https:\/\/i0.wp.com\/minutobahia24h.com.br\/wp-content\/uploads\/2025\/07\/Sem-titulo-9.jpg?resize=768%2C403&amp;ssl=1 768w, https:\/\/i0.wp.com\/minutobahia24h.com.br\/wp-content\/uploads\/2025\/07\/Sem-titulo-9.jpg?resize=750%2C394&amp;ssl=1 750w, https:\/\/i0.wp.com\/minutobahia24h.com.br\/wp-content\/uploads\/2025\/07\/Sem-titulo-9.jpg?resize=1140%2C599&amp;ssl=1 1140w, https:\/\/i0.wp.com\/minutobahia24h.com.br\/wp-content\/uploads\/2025\/07\/Sem-titulo-9.jpg?w=1200&amp;ssl=1 1200w\" sizes=\"(max-width: 800px) 100vw, 800px\" \/><figcaption class=\"wp-element-caption\">Fotos: Reprodu\u00e7\u00e3o \/ Google Street View<br><\/figcaption><\/figure>\n<\/div>\n\n\n<p>A Ag\u00eancia Nacional de Avia\u00e7\u00e3o Civil (Anac) tornou p\u00fablica a revoga\u00e7\u00e3o da medida cautelar que proibia opera\u00e7\u00f5es de pouso no aer\u00f3dromo de uso p\u00fablico de Xique-Xique, a 587 km de Salvador.<\/p>\n\n\n\n<p>O aer\u00f3dromo de Xique-Xique, identificado pelos c\u00f3digos CIAD BA0018 e OACI SNXQ, estava sob restri\u00e7\u00e3o desde 28 de outubro de 2021. A proibi\u00e7\u00e3o havia sido imposta pela decis\u00e3o sobre medida cautelar (45\/2021\/GFIC\/SIA) da Anac e, posteriormente, a portaria n\u00ba 6.263\/SIA, que a formalizava, tamb\u00e9m foi revogada.<\/p>\n\n\n<div class=\"wp-block-image\">\n<figure class=\"aligncenter\"><img data-recalc-dims=\"1\" decoding=\"async\" data-src=\"https:\/\/i0.wp.com\/www.bahianoticias.com.br\/fotos\/principal_noticias\/305932\/mg\/aerodromo-xique-xique-google-maps.jpg?w=800&#038;ssl=1\" alt=\"\" src=\"data:image\/gif;base64,R0lGODlhAQABAAAAACH5BAEKAAEALAAAAAABAAEAAAICTAEAOw==\" class=\"lazyload\" \/><noscript><img data-recalc-dims=\"1\" decoding=\"async\" src=\"https:\/\/i0.wp.com\/www.bahianoticias.com.br\/fotos\/principal_noticias\/305932\/mg\/aerodromo-xique-xique-google-maps.jpg?w=800&#038;ssl=1\" alt=\"\"\/><\/noscript><\/figure>\n<\/div>\n\n\n<p>A publica\u00e7\u00e3o de 2021 tratava da proibi\u00e7\u00e3o de opera\u00e7\u00f5es de pouso, exceto no caso de opera\u00e7\u00f5es de emerg\u00eancia m\u00e9dica ou de transporte de valores realizadas mediante pr\u00e9via coordena\u00e7\u00e3o com o operador do Aer\u00f3dromo.<\/p>\n\n\n\n<p>\u00c0 \u00e9poca, a Ger\u00eancia de Controle e Fiscaliza\u00e7\u00e3o da Superintend\u00eancia de Infraestrutura Aeroportu\u00e1ria da Anac, indicou que a medida tinha car\u00e1ter provis\u00f3rio e seria mantida at\u00e9 que o operador do aer\u00f3dromo solicitasse a revoga\u00e7\u00e3o, ao demonstrar o cumprimento das condi\u00e7\u00f5es definidas no Parecer que fundamentou a decis\u00e3o inicial. As condi\u00e7\u00f5es, no entanto, n\u00e3o s\u00e3o detalhadas pelo documento.<\/p>\n\n\n\n<p>Segundo a Anac, o Aer\u00f3dromo de Xique-Xique est\u00e1 a 427 metros de altitude e sua pista tem como caracter\u00edsticas uma cabeceira 13 deslocada em 65 metros e cabeceira 31 deslocada em 70 metros.<\/p>\n\n\n\n<figure class=\"wp-block-image\"><img data-recalc-dims=\"1\" decoding=\"async\" data-src=\"https:\/\/i0.wp.com\/www.bahianoticias.com.br\/fotos\/principal_noticias\/305932\/mg\/aerodromo-xique-xique-2-google-maps.jpg?w=800&#038;ssl=1\" alt=\"\" src=\"data:image\/gif;base64,R0lGODlhAQABAAAAACH5BAEKAAEALAAAAAABAAEAAAICTAEAOw==\" class=\"lazyload\" \/><noscript><img data-recalc-dims=\"1\" decoding=\"async\" src=\"https:\/\/i0.wp.com\/www.bahianoticias.com.br\/fotos\/principal_noticias\/305932\/mg\/aerodromo-xique-xique-2-google-maps.jpg?w=800&#038;ssl=1\" alt=\"\"\/><\/noscript><\/figure>\n\n\n\n<p>BN<\/p>\n","protected":false},"excerpt":{"rendered":"<p>A Ag\u00eancia Nacional de Avia\u00e7\u00e3o Civil (Anac) tornou p\u00fablica a revoga\u00e7\u00e3o da medida cautelar que proibia opera\u00e7\u00f5es de pouso no aer\u00f3dromo de uso p\u00fablico de Xique-Xique, a 587 km de Salvador. O aer\u00f3dromo de Xique-Xique, identificado pelos c\u00f3digos CIAD BA0018 e OACI SNXQ, estava sob restri\u00e7\u00e3o desde 28 de outubro de 2021. A proibi\u00e7\u00e3o havia [&hellip;]<\/p>\n","protected":false},"author":2,"featured_media":31557,"comment_status":"open","ping_status":"open","sticky":false,"template":"","format":"standard","meta":{"_jetpack_memberships_contains_paid_content":false,"footnotes":""},"categories":[46],"tags":[],"class_list":["post-31556","post","type-post","status-publish","format-standard","has-post-thumbnail","hentry","category-noticia"],"aioseo_notices":[],"jetpack_featured_media_url":"https:\/\/i0.wp.com\/minutobahia24h.com.br\/wp-content\/uploads\/2025\/07\/Sem-titulo-9.jpg?fit=1200%2C630&ssl=1","jetpack_sharing_enabled":true,"_links":{"self":[{"href":"https:\/\/minutobahia24h.com.br\/index.php?rest_route=\/wp\/v2\/posts\/31556","targetHints":{"allow":["GET"]}}],"collection":[{"href":"https:\/\/minutobahia24h.com.br\/index.php?rest_route=\/wp\/v2\/posts"}],"about":[{"href":"https:\/\/minutobahia24h.com.br\/index.php?rest_route=\/wp\/v2\/types\/post"}],"author":[{"embeddable":true,"href":"https:\/\/minutobahia24h.com.br\/index.php?rest_route=\/wp\/v2\/users\/2"}],"replies":[{"embeddable":true,"href":"https:\/\/minutobahia24h.com.br\/index.php?rest_route=%2Fwp%2Fv2%2Fcomments&post=31556"}],"version-history":[{"count":1,"href":"https:\/\/minutobahia24h.com.br\/index.php?rest_route=\/wp\/v2\/posts\/31556\/revisions"}],"predecessor-version":[{"id":31558,"href":"https:\/\/minutobahia24h.com.br\/index.php?rest_route=\/wp\/v2\/posts\/31556\/revisions\/31558"}],"wp:featuredmedia":[{"embeddable":true,"href":"https:\/\/minutobahia24h.com.br\/index.php?rest_route=\/wp\/v2\/media\/31557"}],"wp:attachment":[{"href":"https:\/\/minutobahia24h.com.br\/index.php?rest_route=%2Fwp%2Fv2%2Fmedia&parent=31556"}],"wp:term":[{"taxonomy":"category","embeddable":true,"href":"https:\/\/minutobahia24h.com.br\/index.php?rest_route=%2Fwp%2Fv2%2Fcategories&post=31556"},{"taxonomy":"post_tag","embeddable":true,"href":"https:\/\/minutobahia24h.com.br\/index.php?rest_route=%2Fwp%2Fv2%2Ftags&post=31556"}],"curies":[{"name":"wp","href":"https:\/\/api.w.org\/{rel}","templated":true}]}}