{"id":31538,"date":"2025-07-01T07:15:51","date_gmt":"2025-07-01T10:15:51","guid":{"rendered":"https:\/\/minutobahia24h.com.br\/?p=31538"},"modified":"2025-07-01T07:15:53","modified_gmt":"2025-07-01T10:15:53","slug":"com-jeronimo-byd-inaugura-1a-fabrica-de-carros-eletricos-na-bahia","status":"publish","type":"post","link":"https:\/\/minutobahia24h.com.br\/?p=31538","title":{"rendered":"Com Jer\u00f4nimo, BYD inaugura 1\u00aa f\u00e1brica de carros el\u00e9tricos na Bahia"},"content":{"rendered":"<div class=\"wp-block-image\">\n<figure class=\"aligncenter size-large\"><img data-recalc-dims=\"1\" fetchpriority=\"high\" decoding=\"async\" width=\"800\" height=\"534\" src=\"https:\/\/i0.wp.com\/minutobahia24h.com.br\/wp-content\/uploads\/2025\/07\/Sem-titulo-4-1024x683.jpg?resize=800%2C534&#038;ssl=1\" alt=\"\" class=\"wp-image-31539\" srcset=\"https:\/\/i0.wp.com\/minutobahia24h.com.br\/wp-content\/uploads\/2025\/07\/Sem-titulo-4.jpg?resize=1024%2C683&amp;ssl=1 1024w, https:\/\/i0.wp.com\/minutobahia24h.com.br\/wp-content\/uploads\/2025\/07\/Sem-titulo-4.jpg?resize=300%2C200&amp;ssl=1 300w, https:\/\/i0.wp.com\/minutobahia24h.com.br\/wp-content\/uploads\/2025\/07\/Sem-titulo-4.jpg?resize=768%2C512&amp;ssl=1 768w, https:\/\/i0.wp.com\/minutobahia24h.com.br\/wp-content\/uploads\/2025\/07\/Sem-titulo-4.jpg?resize=750%2C500&amp;ssl=1 750w, https:\/\/i0.wp.com\/minutobahia24h.com.br\/wp-content\/uploads\/2025\/07\/Sem-titulo-4.jpg?w=1080&amp;ssl=1 1080w\" sizes=\"(max-width: 800px) 100vw, 800px\" \/><figcaption class=\"wp-element-caption\">F\u00e1brica assumida pela BYD &#8211;\u00a0Foto: Divulga\u00e7\u00e3o<br><br><\/figcaption><\/figure>\n<\/div>\n\n\n<p>A Bahia est\u00e1 prestes a ganhar os holofotes mundiais com a inaugura\u00e7\u00e3o da primeira f\u00e1brica chinesa&nbsp;de carros el\u00e9tricos e h\u00edbridos do Brasil: a&nbsp;<strong><a href=\"https:\/\/atarde.com.br\/autos\/byd-lanca-recarga-automatica-para-carros-eletricos-no-brasil-1331161\" target=\"_blank\" rel=\"noreferrer noopener\">BYD<\/a><\/strong>.&nbsp;A&nbsp;<strong>unidade, considerada uma marca hist\u00f3rica para o estado<\/strong>, ser\u00e1 inaugurada na manh\u00e3 de ter\u00e7a-feira, 1\u00ba, \u00e0s 10h, em Cama\u00e7ari, na Regi\u00e3o Metropolitana de Salvador (RMS).<\/p>\n\n\n\n<p>A sede da montadora ficar\u00e1 localizada no Polo Petroqu\u00edmico da cidade, local<strong>&nbsp;onde j\u00e1 foi ber\u00e7o da antiga f\u00e1brica Ford.<\/strong><\/p>\n\n\n\n<p>A ocasi\u00e3o contar\u00e1 com a presen\u00e7a do&nbsp;<strong>governador Jer\u00f4nimo Rodrigues (PT)<\/strong>&nbsp;que estar\u00e1 ao lado da CEO da BYD Am\u00e9ricas, Stella Li, do presidente da BYD Brasil, Tyler Li, e do embaixador da China no Brasil, Zhu Qingqi\u00e3o.<\/p>\n\n\n\n<p>Havia expectativa de que o presidente Lula (PT) participasse do evento, contudo, o petista desembarcar\u00e1 em solo baiano somente no fim da tarde de ter\u00e7a, conforme apura\u00e7\u00e3o do&nbsp;<strong>Portal A TARDE.<\/strong><\/p>\n\n\n\n<p>O presidente deve chegar a Salvador acompanhado do ministro Rui Costa. Ambos participaram do desfile c\u00edvico do&nbsp;<strong>2 de Julho, data que marca a Independ\u00eancia do Brasil na Bahia<\/strong>, realizada no Largo da Lapinha.<\/p>\n\n\n\n<h2 class=\"wp-block-heading\">An\u00fancios<\/h2>\n\n\n\n<p>O evento, aberto para a imprensa, contar\u00e1 com uma s\u00e9rie de importantes an\u00fancios, entre eles, est\u00e3o as vagas de emprego. A previs\u00e3o \u00e9 que sejam gerados ao menos 10 mil vagas de emprego direito e indireto no estado com o funcionamento da montadora chinesa.<\/p>\n\n\n\n<h2 class=\"wp-block-heading\">BYD na Bahia<\/h2>\n\n\n\n<p>A&nbsp;<strong><a href=\"https:\/\/atarde.com.br\/?q=BYD\" target=\"_blank\" rel=\"noreferrer noopener\">BYD<\/a>&nbsp;chegou a Cama\u00e7ari<\/strong>&nbsp;em 9 de outubro de 2023, quando a empresa chinesa lan\u00e7ou a pedra fundamental de seu novo complexo industrial nas antigas instala\u00e7\u00f5es da Ford.<\/p>\n\n\n\n<p>J\u00e1 as obras da unidade fabril foram iniciadas no dia 5 de mar\u00e7o de 2024. As opera\u00e7\u00f5es, contudo, foram embargadas devido \u00e0s investiga\u00e7\u00f5es sobre condi\u00e7\u00f5es de trabalho an\u00e1logas \u00e0 escravid\u00e3o envolvendo uma empresa terceirizada.<\/p>\n\n\n\n<p>Com a retomada das interven\u00e7\u00f5es, a expectativa \u00e9 que a f\u00e1brica esteja totalmente operacional at\u00e9 o final de 2026, iniciando com a montagem de ve\u00edculos a partir de kits semiacabados ainda em 2025.<\/p>\n\n\n\n<h2 class=\"wp-block-heading\">Investimentos<\/h2>\n\n\n\n<p>Inicialmente, a BYD estimava um investimento de R$ 5,5 bilh\u00f5es para a instala\u00e7\u00e3o de seus neg\u00f3cios no Polo Industrial de Cama\u00e7ari. Esse investimento, por\u00e9m, foi ampliado chegando a aproximadamente R$ 6,5 bilh\u00f5es.<\/p>\n\n\n\n<p>O motivo da mudan\u00e7a de planejamento foi o aumento consider\u00e1vel, nos \u00faltimos meses, nas importa\u00e7\u00f5es de ve\u00edculos da BYD para o Brasil, o que indicou para a montadora que a demanda de carros el\u00e9tricos no pa\u00eds pode ser maior do que a projetada inicialmente.<\/p>\n\n\n\n<p>Atarde<\/p>\n","protected":false},"excerpt":{"rendered":"<p>A Bahia est\u00e1 prestes a ganhar os holofotes mundiais com a inaugura\u00e7\u00e3o da primeira f\u00e1brica chinesa&nbsp;de carros el\u00e9tricos e h\u00edbridos do Brasil: a&nbsp;BYD.&nbsp;A&nbsp;unidade, considerada uma marca hist\u00f3rica para o estado, ser\u00e1 inaugurada na manh\u00e3 de ter\u00e7a-feira, 1\u00ba, \u00e0s 10h, em Cama\u00e7ari, na Regi\u00e3o Metropolitana de Salvador (RMS). A sede da montadora ficar\u00e1 localizada no Polo [&hellip;]<\/p>\n","protected":false},"author":2,"featured_media":31539,"comment_status":"open","ping_status":"open","sticky":false,"template":"","format":"standard","meta":{"_jetpack_memberships_contains_paid_content":false,"footnotes":""},"categories":[21],"tags":[],"class_list":["post-31538","post","type-post","status-publish","format-standard","has-post-thumbnail","hentry","category-bahia"],"aioseo_notices":[],"jetpack_featured_media_url":"https:\/\/i0.wp.com\/minutobahia24h.com.br\/wp-content\/uploads\/2025\/07\/Sem-titulo-4.jpg?fit=1080%2C720&ssl=1","jetpack_sharing_enabled":true,"_links":{"self":[{"href":"https:\/\/minutobahia24h.com.br\/index.php?rest_route=\/wp\/v2\/posts\/31538","targetHints":{"allow":["GET"]}}],"collection":[{"href":"https:\/\/minutobahia24h.com.br\/index.php?rest_route=\/wp\/v2\/posts"}],"about":[{"href":"https:\/\/minutobahia24h.com.br\/index.php?rest_route=\/wp\/v2\/types\/post"}],"author":[{"embeddable":true,"href":"https:\/\/minutobahia24h.com.br\/index.php?rest_route=\/wp\/v2\/users\/2"}],"replies":[{"embeddable":true,"href":"https:\/\/minutobahia24h.com.br\/index.php?rest_route=%2Fwp%2Fv2%2Fcomments&post=31538"}],"version-history":[{"count":1,"href":"https:\/\/minutobahia24h.com.br\/index.php?rest_route=\/wp\/v2\/posts\/31538\/revisions"}],"predecessor-version":[{"id":31540,"href":"https:\/\/minutobahia24h.com.br\/index.php?rest_route=\/wp\/v2\/posts\/31538\/revisions\/31540"}],"wp:featuredmedia":[{"embeddable":true,"href":"https:\/\/minutobahia24h.com.br\/index.php?rest_route=\/wp\/v2\/media\/31539"}],"wp:attachment":[{"href":"https:\/\/minutobahia24h.com.br\/index.php?rest_route=%2Fwp%2Fv2%2Fmedia&parent=31538"}],"wp:term":[{"taxonomy":"category","embeddable":true,"href":"https:\/\/minutobahia24h.com.br\/index.php?rest_route=%2Fwp%2Fv2%2Fcategories&post=31538"},{"taxonomy":"post_tag","embeddable":true,"href":"https:\/\/minutobahia24h.com.br\/index.php?rest_route=%2Fwp%2Fv2%2Ftags&post=31538"}],"curies":[{"name":"wp","href":"https:\/\/api.w.org\/{rel}","templated":true}]}}