{"id":31532,"date":"2025-07-01T07:12:19","date_gmt":"2025-07-01T10:12:19","guid":{"rendered":"https:\/\/minutobahia24h.com.br\/?p=31532"},"modified":"2025-07-01T07:12:20","modified_gmt":"2025-07-01T10:12:20","slug":"carro-escolar-desce-sem-controle-e-atinge-loja-em-sao-jose-do-jacuipe","status":"publish","type":"post","link":"https:\/\/minutobahia24h.com.br\/?p=31532","title":{"rendered":"Carro escolar desce sem controle e atinge loja em S\u00e3o Jos\u00e9 do Jacu\u00edpe"},"content":{"rendered":"<div class=\"wp-block-image\">\n<figure class=\"aligncenter size-full\"><img data-recalc-dims=\"1\" fetchpriority=\"high\" decoding=\"async\" width=\"599\" height=\"400\" src=\"https:\/\/i0.wp.com\/minutobahia24h.com.br\/wp-content\/uploads\/2025\/07\/Sem-titulo-2.jpg?resize=599%2C400&#038;ssl=1\" alt=\"\" class=\"wp-image-31533\" srcset=\"https:\/\/i0.wp.com\/minutobahia24h.com.br\/wp-content\/uploads\/2025\/07\/Sem-titulo-2.jpg?w=599&amp;ssl=1 599w, https:\/\/i0.wp.com\/minutobahia24h.com.br\/wp-content\/uploads\/2025\/07\/Sem-titulo-2.jpg?resize=300%2C200&amp;ssl=1 300w\" sizes=\"(max-width: 599px) 100vw, 599px\" \/><\/figure>\n<\/div>\n\n\n<p>Na tarde desta segunda-feira (30), um carro escolar desgovernado por pouco n\u00e3o provocou uma trag\u00e9dia no centro de S\u00e3o Jos\u00e9 do Jacu\u00edpe. O incidente ocorreu por volta das 15h, na pra\u00e7a da feira livre da cidade, onde o ve\u00edculo, que estava estacionado, desceu sozinho e colidiu contra a fachada de uma loja de variedades.<\/p>\n\n\n\n<p>De acordo com testemunhas, o ve\u00edculo escolar costuma permanecer estacionado no local durante o per\u00edodo da tarde. Desta vez, no entanto, ele se movimentou repentinamente, atravessando a via at\u00e9 atingir a parede do estabelecimento comercial. A frente do ve\u00edculo ficou parcialmente destru\u00edda e a estrutura da loja tamb\u00e9m foi danificada.<\/p>\n\n\n<div class=\"wp-block-image\">\n<figure class=\"aligncenter\"><a href=\"https:\/\/i0.wp.com\/blogger.googleusercontent.com\/img\/b\/R29vZ2xl\/AVvXsEjNIBRpNfwS9f1LVFW7_lRyZlqjGwkBV5Dq2UWYgHzBW2jqxL3FYb9WyDFov7FSWY_KwMbCItxlTyc6AbsBVLKsDCNOPX-cKTA3SexMV60KBWIOXELqN-4s7reYE0mn3mqx7taovTC3KHvt3QplW7VC7k6asjoO8SrzbcAdk4n7aohPUbmYrHe-K9BOXvg\/s600\/1b.webp?ssl=1\"><img data-recalc-dims=\"1\" decoding=\"async\" data-src=\"https:\/\/i0.wp.com\/blogger.googleusercontent.com\/img\/b\/R29vZ2xl\/AVvXsEjNIBRpNfwS9f1LVFW7_lRyZlqjGwkBV5Dq2UWYgHzBW2jqxL3FYb9WyDFov7FSWY_KwMbCItxlTyc6AbsBVLKsDCNOPX-cKTA3SexMV60KBWIOXELqN-4s7reYE0mn3mqx7taovTC3KHvt3QplW7VC7k6asjoO8SrzbcAdk4n7aohPUbmYrHe-K9BOXvg\/w640-h426\/1b.webp?w=800&#038;ssl=1\" alt=\"\" src=\"data:image\/gif;base64,R0lGODlhAQABAAAAACH5BAEKAAEALAAAAAABAAEAAAICTAEAOw==\" class=\"lazyload\" \/><noscript><img data-recalc-dims=\"1\" decoding=\"async\" src=\"https:\/\/i0.wp.com\/blogger.googleusercontent.com\/img\/b\/R29vZ2xl\/AVvXsEjNIBRpNfwS9f1LVFW7_lRyZlqjGwkBV5Dq2UWYgHzBW2jqxL3FYb9WyDFov7FSWY_KwMbCItxlTyc6AbsBVLKsDCNOPX-cKTA3SexMV60KBWIOXELqN-4s7reYE0mn3mqx7taovTC3KHvt3QplW7VC7k6asjoO8SrzbcAdk4n7aohPUbmYrHe-K9BOXvg\/w640-h426\/1b.webp?w=800&#038;ssl=1\" alt=\"\"\/><\/noscript><\/a><\/figure>\n<\/div>\n\n\n<p>A suspeita inicial \u00e9 de que uma falha no sistema de freios tenha provocado o incidente. Duas mulheres, uma propriet\u00e1ria e outra funcion\u00e1ria da loja, passaram mal ap\u00f3s o susto e precisaram de atendimento m\u00e9dico.<\/p>\n\n\n\n<p>Trabalhadores que estavam pr\u00f3ximos ao local relataram que escaparam por pouco. Um deles contou que se afastou instantes antes do impacto, ao perceber que o carro vinha em sua dire\u00e7\u00e3o.<\/p>\n\n\n\n<p>At\u00e9 o fechamento desta mat\u00e9ria, o ve\u00edculo permanecia no local, sendo removido com a ajuda do propriet\u00e1rio e de populares.<\/p>\n\n\n\n<p>Reda\u00e7\u00e3o FR: com informa\u00e7\u00f5es: Blog Val Oliveira Not\u00edcias<\/p>\n","protected":false},"excerpt":{"rendered":"<p>Na tarde desta segunda-feira (30), um carro escolar desgovernado por pouco n\u00e3o provocou uma trag\u00e9dia no centro de S\u00e3o Jos\u00e9 do Jacu\u00edpe. O incidente ocorreu por volta das 15h, na pra\u00e7a da feira livre da cidade, onde o ve\u00edculo, que estava estacionado, desceu sozinho e colidiu contra a fachada de uma loja de variedades. De [&hellip;]<\/p>\n","protected":false},"author":2,"featured_media":31533,"comment_status":"open","ping_status":"open","sticky":false,"template":"","format":"standard","meta":{"_jetpack_memberships_contains_paid_content":false,"footnotes":""},"categories":[3],"tags":[],"class_list":["post-31532","post","type-post","status-publish","format-standard","has-post-thumbnail","hentry","category-regional"],"aioseo_notices":[],"jetpack_featured_media_url":"https:\/\/i0.wp.com\/minutobahia24h.com.br\/wp-content\/uploads\/2025\/07\/Sem-titulo-2.jpg?fit=599%2C400&ssl=1","jetpack_sharing_enabled":true,"_links":{"self":[{"href":"https:\/\/minutobahia24h.com.br\/index.php?rest_route=\/wp\/v2\/posts\/31532","targetHints":{"allow":["GET"]}}],"collection":[{"href":"https:\/\/minutobahia24h.com.br\/index.php?rest_route=\/wp\/v2\/posts"}],"about":[{"href":"https:\/\/minutobahia24h.com.br\/index.php?rest_route=\/wp\/v2\/types\/post"}],"author":[{"embeddable":true,"href":"https:\/\/minutobahia24h.com.br\/index.php?rest_route=\/wp\/v2\/users\/2"}],"replies":[{"embeddable":true,"href":"https:\/\/minutobahia24h.com.br\/index.php?rest_route=%2Fwp%2Fv2%2Fcomments&post=31532"}],"version-history":[{"count":1,"href":"https:\/\/minutobahia24h.com.br\/index.php?rest_route=\/wp\/v2\/posts\/31532\/revisions"}],"predecessor-version":[{"id":31534,"href":"https:\/\/minutobahia24h.com.br\/index.php?rest_route=\/wp\/v2\/posts\/31532\/revisions\/31534"}],"wp:featuredmedia":[{"embeddable":true,"href":"https:\/\/minutobahia24h.com.br\/index.php?rest_route=\/wp\/v2\/media\/31533"}],"wp:attachment":[{"href":"https:\/\/minutobahia24h.com.br\/index.php?rest_route=%2Fwp%2Fv2%2Fmedia&parent=31532"}],"wp:term":[{"taxonomy":"category","embeddable":true,"href":"https:\/\/minutobahia24h.com.br\/index.php?rest_route=%2Fwp%2Fv2%2Fcategories&post=31532"},{"taxonomy":"post_tag","embeddable":true,"href":"https:\/\/minutobahia24h.com.br\/index.php?rest_route=%2Fwp%2Fv2%2Ftags&post=31532"}],"curies":[{"name":"wp","href":"https:\/\/api.w.org\/{rel}","templated":true}]}}