{"id":31260,"date":"2025-06-25T13:29:51","date_gmt":"2025-06-25T16:29:51","guid":{"rendered":"https:\/\/minutobahia24h.com.br\/?p=31260"},"modified":"2025-06-25T13:29:53","modified_gmt":"2025-06-25T16:29:53","slug":"prefeitura-de-varzea-nova-rebate-denuncia-de-vereadores-e-esclarece-legalidade-em-processo-de-licitacao","status":"publish","type":"post","link":"https:\/\/minutobahia24h.com.br\/?p=31260","title":{"rendered":"Prefeitura de V\u00e1rzea Nova rebate den\u00fancia de vereadores e esclarece legalidade em processo de licita\u00e7\u00e3o"},"content":{"rendered":"<div class=\"wp-block-image\">\n<figure class=\"aligncenter size-full\"><img data-recalc-dims=\"1\" fetchpriority=\"high\" decoding=\"async\" width=\"692\" height=\"364\" src=\"https:\/\/i0.wp.com\/minutobahia24h.com.br\/wp-content\/uploads\/2025\/06\/Sem-titulo-321.jpg?resize=692%2C364&#038;ssl=1\" alt=\"\" class=\"wp-image-31261\" srcset=\"https:\/\/i0.wp.com\/minutobahia24h.com.br\/wp-content\/uploads\/2025\/06\/Sem-titulo-321.jpg?w=692&amp;ssl=1 692w, https:\/\/i0.wp.com\/minutobahia24h.com.br\/wp-content\/uploads\/2025\/06\/Sem-titulo-321.jpg?resize=300%2C158&amp;ssl=1 300w\" sizes=\"(max-width: 692px) 100vw, 692px\" \/><\/figure>\n<\/div>\n\n\n<p>A Prefeitura de V\u00e1rzea Nova, na regi\u00e3o de Jacobina, divulgou uma nota oficial em resposta \u00e0 den\u00fancia<a href=\"https:\/\/www.jacobina24horas.com.br\/vereadores-denunciam-possivel-execucao-antecipada-de-servicos-antes-da-conclusao-de-licitacao-em-varzea-nova\/\">&nbsp;apresentada por quatro vereadores do munic\u00edpio ao Minist\u00e9rio P\u00fablico da Bahia (MP-BA).<\/a>&nbsp;Na den\u00fancia, os parlamentares alegam suposta execu\u00e7\u00e3o antecipada de servi\u00e7os relacionados ao processo licitat\u00f3rio n\u00ba 023\/2025, referente ao Preg\u00e3o Eletr\u00f4nico n\u00ba 015\/2025, destinado \u00e0 contrata\u00e7\u00e3o de empresa para servi\u00e7os de organiza\u00e7\u00e3o, ornamenta\u00e7\u00e3o e decora\u00e7\u00e3o de eventos, incluindo o tradicional \u201cArrai\u00e1 Fibra Forte\u201d.<\/p>\n\n\n\n<p>Em sua manifesta\u00e7\u00e3o, a gest\u00e3o municipal classificou a den\u00fancia como precipitada, infundada e baseada em informa\u00e7\u00f5es falsas. Segundo a nota, os denunciantes demonstraram completo desconhecimento sobre os procedimentos legais que regem a administra\u00e7\u00e3o p\u00fablica.<\/p>\n\n\n\n<p>A Prefeitura explicou que o preg\u00e3o citado seguia o modelo de Sistema de Registro de Pre\u00e7os (SRP), que n\u00e3o gera contrata\u00e7\u00e3o imediata, mas sim uma ata que permite futuras contrata\u00e7\u00f5es de acordo com a necessidade da administra\u00e7\u00e3o e disponibilidade or\u00e7ament\u00e1ria. O \u00f3rg\u00e3o tamb\u00e9m esclareceu que o objeto da licita\u00e7\u00e3o n\u00e3o era exclusivamente voltado para o evento junino, mas sim para poss\u00edveis servi\u00e7os de decora\u00e7\u00e3o ao longo de 12 meses.<\/p>\n\n\n\n<p>Ainda segundo o comunicado, o pr\u00f3prio munic\u00edpio identificou inconsist\u00eancias na fase interna do processo licitat\u00f3rio e, por isso, decidiu revogar o preg\u00e3o no mesmo dia em que ele foi realizado, 16 de junho de 2025 \u2014 antes mesmo da formaliza\u00e7\u00e3o da den\u00fancia dos vereadores.<\/p>\n\n\n\n<p>Para garantir a ornamenta\u00e7\u00e3o dos festejos juninos dentro dos prazos legais e administrativos, a Prefeitura afirmou que realizou a Dispensa de Licita\u00e7\u00e3o n\u00ba 061\/2025, em 29 de maio de 2025, procedimento autorizado pela legisla\u00e7\u00e3o vigente. O processo teve como objetivo contratar uma empresa especializada em decora\u00e7\u00e3o junina, com fornecimento de materiais e montagem dos elementos decorativos, sendo devidamente publicado no Di\u00e1rio Oficial.<\/p>\n\n\n\n<p>A gest\u00e3o municipal reafirma que todos os atos foram praticados dentro da legalidade, seguindo os princ\u00edpios da administra\u00e7\u00e3o p\u00fablica. No comunicado, a Prefeitura tamb\u00e9m lamenta que os vereadores, segundo a nota, tenham propagado informa\u00e7\u00f5es sem consultar os tr\u00e2mites oficiais.<\/p>\n\n\n\n<p>jacobina24horas<\/p>\n","protected":false},"excerpt":{"rendered":"<p>A Prefeitura de V\u00e1rzea Nova, na regi\u00e3o de Jacobina, divulgou uma nota oficial em resposta \u00e0 den\u00fancia&nbsp;apresentada por quatro vereadores do munic\u00edpio ao Minist\u00e9rio P\u00fablico da Bahia (MP-BA).&nbsp;Na den\u00fancia, os parlamentares alegam suposta execu\u00e7\u00e3o antecipada de servi\u00e7os relacionados ao processo licitat\u00f3rio n\u00ba 023\/2025, referente ao Preg\u00e3o Eletr\u00f4nico n\u00ba 015\/2025, destinado \u00e0 contrata\u00e7\u00e3o de empresa para [&hellip;]<\/p>\n","protected":false},"author":2,"featured_media":31261,"comment_status":"open","ping_status":"open","sticky":false,"template":"","format":"standard","meta":{"_jetpack_memberships_contains_paid_content":false,"footnotes":""},"categories":[3],"tags":[],"class_list":["post-31260","post","type-post","status-publish","format-standard","has-post-thumbnail","hentry","category-regional"],"aioseo_notices":[],"jetpack_featured_media_url":"https:\/\/i0.wp.com\/minutobahia24h.com.br\/wp-content\/uploads\/2025\/06\/Sem-titulo-321.jpg?fit=692%2C364&ssl=1","jetpack_sharing_enabled":true,"_links":{"self":[{"href":"https:\/\/minutobahia24h.com.br\/index.php?rest_route=\/wp\/v2\/posts\/31260","targetHints":{"allow":["GET"]}}],"collection":[{"href":"https:\/\/minutobahia24h.com.br\/index.php?rest_route=\/wp\/v2\/posts"}],"about":[{"href":"https:\/\/minutobahia24h.com.br\/index.php?rest_route=\/wp\/v2\/types\/post"}],"author":[{"embeddable":true,"href":"https:\/\/minutobahia24h.com.br\/index.php?rest_route=\/wp\/v2\/users\/2"}],"replies":[{"embeddable":true,"href":"https:\/\/minutobahia24h.com.br\/index.php?rest_route=%2Fwp%2Fv2%2Fcomments&post=31260"}],"version-history":[{"count":1,"href":"https:\/\/minutobahia24h.com.br\/index.php?rest_route=\/wp\/v2\/posts\/31260\/revisions"}],"predecessor-version":[{"id":31262,"href":"https:\/\/minutobahia24h.com.br\/index.php?rest_route=\/wp\/v2\/posts\/31260\/revisions\/31262"}],"wp:featuredmedia":[{"embeddable":true,"href":"https:\/\/minutobahia24h.com.br\/index.php?rest_route=\/wp\/v2\/media\/31261"}],"wp:attachment":[{"href":"https:\/\/minutobahia24h.com.br\/index.php?rest_route=%2Fwp%2Fv2%2Fmedia&parent=31260"}],"wp:term":[{"taxonomy":"category","embeddable":true,"href":"https:\/\/minutobahia24h.com.br\/index.php?rest_route=%2Fwp%2Fv2%2Fcategories&post=31260"},{"taxonomy":"post_tag","embeddable":true,"href":"https:\/\/minutobahia24h.com.br\/index.php?rest_route=%2Fwp%2Fv2%2Ftags&post=31260"}],"curies":[{"name":"wp","href":"https:\/\/api.w.org\/{rel}","templated":true}]}}