{"id":31257,"date":"2025-06-25T13:28:41","date_gmt":"2025-06-25T16:28:41","guid":{"rendered":"https:\/\/minutobahia24h.com.br\/?p=31257"},"modified":"2025-06-25T13:28:43","modified_gmt":"2025-06-25T16:28:43","slug":"com-sao-joao-de-petrolina-no-cenario-nacional-simao-comemora-impacto-positivo","status":"publish","type":"post","link":"https:\/\/minutobahia24h.com.br\/?p=31257","title":{"rendered":"Com S\u00e3o Jo\u00e3o de Petrolina no cen\u00e1rio nacional, Sim\u00e3o comemora impacto positivo"},"content":{"rendered":"<div class=\"wp-block-image\">\n<figure class=\"aligncenter size-full\"><img data-recalc-dims=\"1\" fetchpriority=\"high\" decoding=\"async\" width=\"697\" height=\"465\" src=\"https:\/\/i0.wp.com\/minutobahia24h.com.br\/wp-content\/uploads\/2025\/06\/Sem-titulo-320.jpg?resize=697%2C465&#038;ssl=1\" alt=\"\" class=\"wp-image-31258\" srcset=\"https:\/\/i0.wp.com\/minutobahia24h.com.br\/wp-content\/uploads\/2025\/06\/Sem-titulo-320.jpg?w=697&amp;ssl=1 697w, https:\/\/i0.wp.com\/minutobahia24h.com.br\/wp-content\/uploads\/2025\/06\/Sem-titulo-320.jpg?resize=300%2C200&amp;ssl=1 300w\" sizes=\"(max-width: 697px) 100vw, 697px\" \/><figcaption class=\"wp-element-caption\">Foto: Ascom PMP\/divulga\u00e7\u00e3o<br><\/figcaption><\/figure>\n<\/div>\n\n\n<p>Ap\u00f3s nove noites com o S\u00e3o Jo\u00e3o de Petrolina sendo destaque no cen\u00e1rio do Nordeste e do pa\u00eds, o prefeito Sim\u00e3o Durando celebrou o sucesso do evento, que encantou moradores e turistas com uma estrutura refor\u00e7ada e programa\u00e7\u00e3o de peso, atraindo tamb\u00e9m o reconhecimento de lideran\u00e7as pol\u00edticas de todo o pa\u00eds. Os festejos petrolinenses receberam visitantes de mais de 150 cidades de todas as regi\u00f5es do pa\u00eds. A movimenta\u00e7\u00e3o tur\u00edstica e comercial bateu recordes e injetou cerca de R$ 320 milh\u00f5es na economia local, gerando mais de 17 mil empregos diretos e indiretos, com reflexo imediato no com\u00e9rcio, hotelaria, bares, restaurantes, setor de eventos, transporte, moda, turismo, est\u00e9tica e comunica\u00e7\u00e3o.<\/p>\n\n\n\n<p>\u201c<em>O S\u00e3o Jo\u00e3o de Petrolina \u00e9 uma for\u00e7a viva que pulsa com o cora\u00e7\u00e3o do povo sertanejo. \u00c9 cultura, \u00e9 oportunidade, \u00e9 trabalho. E, acima de tudo, \u00e9 o reflexo de uma cidade que sabe acolher e mostrar o melhor do Brasil. Estamos muito orgulhosos do que entregamos este ano<\/em>\u201d, destacou o prefeito Sim\u00e3o Durando.<\/p>\n\n\n\n<p>Em meio aos ritmos, cores e tradi\u00e7\u00f5es, a cidade reafirmou seu protagonismo no calend\u00e1rio junino nacional, elevando o padr\u00e3o de excel\u00eancia na realiza\u00e7\u00e3o de grandes eventos p\u00fablicos. \u201c<em>A cada ano superamos desafios e nos reinventamos. Este S\u00e3o Jo\u00e3o foi, sem d\u00favida, o mais emblem\u00e1tico que j\u00e1 realizamos. O sentimento \u00e9 de gratid\u00e3o, dever cumprido e certeza de que Petrolina est\u00e1 no caminho certo, promovendo cultura, gerando oportunidade e cuidando das pessoas<\/em>\u201d, avaliou o prefeito.<\/p>\n\n\n\n<p>A seguran\u00e7a de ponta e presen\u00e7a pol\u00edtica de peso tamb\u00e9m foram destaques nessa edi\u00e7\u00e3o. Aproximadamente mil profissionais por noite atuaram na seguran\u00e7a, entre guardas municipais, Pol\u00edcia Militar (PMPE), Corpo de Bombeiros (CBMPE), Pol\u00edcia Civil (PCPE), Pol\u00edcia Rodovi\u00e1ria Federal (PRF) e seguran\u00e7as privados, o evento n\u00e3o registrou ocorr\u00eancias graves. O P\u00e1tio Ana das Carrancas contou com 100 c\u00e2meras de monitoramento, incluindo tecnologia de reconhecimento facial. A estrutura de seguran\u00e7a foi elogiada por especialistas e visitantes como uma das mais modernas do pa\u00eds em eventos de grande porte.<\/p>\n\n\n\n<p>carlosbritto<\/p>\n","protected":false},"excerpt":{"rendered":"<p>Ap\u00f3s nove noites com o S\u00e3o Jo\u00e3o de Petrolina sendo destaque no cen\u00e1rio do Nordeste e do pa\u00eds, o prefeito Sim\u00e3o Durando celebrou o sucesso do evento, que encantou moradores e turistas com uma estrutura refor\u00e7ada e programa\u00e7\u00e3o de peso, atraindo tamb\u00e9m o reconhecimento de lideran\u00e7as pol\u00edticas de todo o pa\u00eds. Os festejos petrolinenses receberam [&hellip;]<\/p>\n","protected":false},"author":2,"featured_media":31258,"comment_status":"open","ping_status":"open","sticky":false,"template":"","format":"standard","meta":{"_jetpack_memberships_contains_paid_content":false,"footnotes":""},"categories":[3],"tags":[],"class_list":["post-31257","post","type-post","status-publish","format-standard","has-post-thumbnail","hentry","category-regional"],"aioseo_notices":[],"jetpack_featured_media_url":"https:\/\/i0.wp.com\/minutobahia24h.com.br\/wp-content\/uploads\/2025\/06\/Sem-titulo-320.jpg?fit=697%2C465&ssl=1","jetpack_sharing_enabled":true,"_links":{"self":[{"href":"https:\/\/minutobahia24h.com.br\/index.php?rest_route=\/wp\/v2\/posts\/31257","targetHints":{"allow":["GET"]}}],"collection":[{"href":"https:\/\/minutobahia24h.com.br\/index.php?rest_route=\/wp\/v2\/posts"}],"about":[{"href":"https:\/\/minutobahia24h.com.br\/index.php?rest_route=\/wp\/v2\/types\/post"}],"author":[{"embeddable":true,"href":"https:\/\/minutobahia24h.com.br\/index.php?rest_route=\/wp\/v2\/users\/2"}],"replies":[{"embeddable":true,"href":"https:\/\/minutobahia24h.com.br\/index.php?rest_route=%2Fwp%2Fv2%2Fcomments&post=31257"}],"version-history":[{"count":1,"href":"https:\/\/minutobahia24h.com.br\/index.php?rest_route=\/wp\/v2\/posts\/31257\/revisions"}],"predecessor-version":[{"id":31259,"href":"https:\/\/minutobahia24h.com.br\/index.php?rest_route=\/wp\/v2\/posts\/31257\/revisions\/31259"}],"wp:featuredmedia":[{"embeddable":true,"href":"https:\/\/minutobahia24h.com.br\/index.php?rest_route=\/wp\/v2\/media\/31258"}],"wp:attachment":[{"href":"https:\/\/minutobahia24h.com.br\/index.php?rest_route=%2Fwp%2Fv2%2Fmedia&parent=31257"}],"wp:term":[{"taxonomy":"category","embeddable":true,"href":"https:\/\/minutobahia24h.com.br\/index.php?rest_route=%2Fwp%2Fv2%2Fcategories&post=31257"},{"taxonomy":"post_tag","embeddable":true,"href":"https:\/\/minutobahia24h.com.br\/index.php?rest_route=%2Fwp%2Fv2%2Ftags&post=31257"}],"curies":[{"name":"wp","href":"https:\/\/api.w.org\/{rel}","templated":true}]}}