{"id":31251,"date":"2025-06-25T13:25:37","date_gmt":"2025-06-25T16:25:37","guid":{"rendered":"https:\/\/minutobahia24h.com.br\/?p=31251"},"modified":"2025-06-25T13:25:39","modified_gmt":"2025-06-25T16:25:39","slug":"tres-detentos-fogem-de-presidio-em-feira-de-santana-e-sao-recapturados-apos-acao-policial","status":"publish","type":"post","link":"https:\/\/minutobahia24h.com.br\/?p=31251","title":{"rendered":"Tr\u00eas detentos fogem de pres\u00eddio em Feira de Santana e s\u00e3o recapturados ap\u00f3s a\u00e7\u00e3o policial"},"content":{"rendered":"<div class=\"wp-block-image\">\n<figure class=\"aligncenter size-full\"><img data-recalc-dims=\"1\" fetchpriority=\"high\" decoding=\"async\" width=\"600\" height=\"417\" src=\"https:\/\/i0.wp.com\/minutobahia24h.com.br\/wp-content\/uploads\/2025\/06\/Sem-titulo-318.jpg?resize=600%2C417&#038;ssl=1\" alt=\"\" class=\"wp-image-31252\" srcset=\"https:\/\/i0.wp.com\/minutobahia24h.com.br\/wp-content\/uploads\/2025\/06\/Sem-titulo-318.jpg?w=600&amp;ssl=1 600w, https:\/\/i0.wp.com\/minutobahia24h.com.br\/wp-content\/uploads\/2025\/06\/Sem-titulo-318.jpg?resize=300%2C209&amp;ssl=1 300w\" sizes=\"(max-width: 600px) 100vw, 600px\" \/><figcaption class=\"wp-element-caption\">Foto: Divulga\u00e7\u00e3o\/Seap<br><\/figcaption><\/figure>\n<\/div>\n\n\n<p>Tr\u00eas detentos que fugiram do Conjunto Penal de Feira de Santana, a cerca de 100 km de Salvador, foram recapturados na manh\u00e3 desta quarta-feira (25) ap\u00f3s uma a\u00e7\u00e3o r\u00e1pida das for\u00e7as de seguran\u00e7a. A Secretaria de Administra\u00e7\u00e3o Penitenci\u00e1ria e Ressocializa\u00e7\u00e3o da Bahia (Seap) informou que a fuga ocorreu durante a madrugada e foi percebida durante uma confer\u00eancia nominal de rotina feita pela Pol\u00edcia Penal.<\/p>\n\n\n\n<p>Segundo a pasta, a recaptura foi realizada por equipes da Pol\u00edcia Penal, com apoio da Secretaria da Seguran\u00e7a P\u00fablica (SSP-BA).<\/p>\n\n\n\n<p>\u201cA Secretaria de Administra\u00e7\u00e3o Penitenci\u00e1ria e Ressocializa\u00e7\u00e3o (Seap) informa que, em uma a\u00e7\u00e3o r\u00e1pida da Pol\u00edcia Penal e Secretaria de Seguran\u00e7a P\u00fablica (SSP-BA), j\u00e1 localizou e recapturou os tr\u00eas internos que fugiram do Conjunto Penal de Feira de Santana, na madrugada desta quarta-feira (25)\u201d, afirmou a Seap, em nota.<\/p>\n\n\n\n<p>As circunst\u00e2ncias da fuga ainda est\u00e3o sendo apuradas. Os nomes dos detentos e os locais onde foram encontrados n\u00e3o foram divulgados at\u00e9 o momento.<\/p>\n\n\n\n<p>Bahia.ba<\/p>\n","protected":false},"excerpt":{"rendered":"<p>Tr\u00eas detentos que fugiram do Conjunto Penal de Feira de Santana, a cerca de 100 km de Salvador, foram recapturados na manh\u00e3 desta quarta-feira (25) ap\u00f3s uma a\u00e7\u00e3o r\u00e1pida das for\u00e7as de seguran\u00e7a. A Secretaria de Administra\u00e7\u00e3o Penitenci\u00e1ria e Ressocializa\u00e7\u00e3o da Bahia (Seap) informou que a fuga ocorreu durante a madrugada e foi percebida durante [&hellip;]<\/p>\n","protected":false},"author":2,"featured_media":31252,"comment_status":"open","ping_status":"open","sticky":false,"template":"","format":"standard","meta":{"_jetpack_memberships_contains_paid_content":false,"footnotes":""},"categories":[3],"tags":[],"class_list":["post-31251","post","type-post","status-publish","format-standard","has-post-thumbnail","hentry","category-regional"],"aioseo_notices":[],"jetpack_featured_media_url":"https:\/\/i0.wp.com\/minutobahia24h.com.br\/wp-content\/uploads\/2025\/06\/Sem-titulo-318.jpg?fit=600%2C417&ssl=1","jetpack_sharing_enabled":true,"_links":{"self":[{"href":"https:\/\/minutobahia24h.com.br\/index.php?rest_route=\/wp\/v2\/posts\/31251","targetHints":{"allow":["GET"]}}],"collection":[{"href":"https:\/\/minutobahia24h.com.br\/index.php?rest_route=\/wp\/v2\/posts"}],"about":[{"href":"https:\/\/minutobahia24h.com.br\/index.php?rest_route=\/wp\/v2\/types\/post"}],"author":[{"embeddable":true,"href":"https:\/\/minutobahia24h.com.br\/index.php?rest_route=\/wp\/v2\/users\/2"}],"replies":[{"embeddable":true,"href":"https:\/\/minutobahia24h.com.br\/index.php?rest_route=%2Fwp%2Fv2%2Fcomments&post=31251"}],"version-history":[{"count":1,"href":"https:\/\/minutobahia24h.com.br\/index.php?rest_route=\/wp\/v2\/posts\/31251\/revisions"}],"predecessor-version":[{"id":31253,"href":"https:\/\/minutobahia24h.com.br\/index.php?rest_route=\/wp\/v2\/posts\/31251\/revisions\/31253"}],"wp:featuredmedia":[{"embeddable":true,"href":"https:\/\/minutobahia24h.com.br\/index.php?rest_route=\/wp\/v2\/media\/31252"}],"wp:attachment":[{"href":"https:\/\/minutobahia24h.com.br\/index.php?rest_route=%2Fwp%2Fv2%2Fmedia&parent=31251"}],"wp:term":[{"taxonomy":"category","embeddable":true,"href":"https:\/\/minutobahia24h.com.br\/index.php?rest_route=%2Fwp%2Fv2%2Fcategories&post=31251"},{"taxonomy":"post_tag","embeddable":true,"href":"https:\/\/minutobahia24h.com.br\/index.php?rest_route=%2Fwp%2Fv2%2Ftags&post=31251"}],"curies":[{"name":"wp","href":"https:\/\/api.w.org\/{rel}","templated":true}]}}