{"id":31241,"date":"2025-06-25T08:54:09","date_gmt":"2025-06-25T11:54:09","guid":{"rendered":"https:\/\/minutobahia24h.com.br\/?p=31241"},"modified":"2025-06-25T08:54:11","modified_gmt":"2025-06-25T11:54:11","slug":"bolsonaro-confirma-que-eduardo-nao-sera-candidato-ao-senado-por-sao-paulo","status":"publish","type":"post","link":"https:\/\/minutobahia24h.com.br\/?p=31241","title":{"rendered":"Bolsonaro confirma que Eduardo n\u00e3o ser\u00e1 candidato ao Senado por S\u00e3o Paulo"},"content":{"rendered":"<div class=\"wp-block-image\">\n<figure class=\"aligncenter size-full\"><img data-recalc-dims=\"1\" fetchpriority=\"high\" decoding=\"async\" width=\"600\" height=\"421\" src=\"https:\/\/i0.wp.com\/minutobahia24h.com.br\/wp-content\/uploads\/2025\/06\/Sem-titulo-315.jpg?resize=600%2C421&#038;ssl=1\" alt=\"\" class=\"wp-image-31242\" srcset=\"https:\/\/i0.wp.com\/minutobahia24h.com.br\/wp-content\/uploads\/2025\/06\/Sem-titulo-315.jpg?w=600&amp;ssl=1 600w, https:\/\/i0.wp.com\/minutobahia24h.com.br\/wp-content\/uploads\/2025\/06\/Sem-titulo-315.jpg?resize=300%2C211&amp;ssl=1 300w\" sizes=\"(max-width: 600px) 100vw, 600px\" \/><figcaption class=\"wp-element-caption\">Foto: Beto Barata\/PL<br><\/figcaption><\/figure>\n<\/div>\n\n\n<p>O ex-presidente Jair Bolsonaro (PL) decidiu que o deputado federal licenciado Eduardo Bolsonaro (PL-SP) n\u00e3o disputar\u00e1 a vaga ao Senado por S\u00e3o Paulo nas elei\u00e7\u00f5es de 2026. A informa\u00e7\u00e3o foi revelada por interlocutores pr\u00f3ximos e publicada pela colunista M\u00f4nica Bergamo, da Folha de S.Paulo.<\/p>\n\n\n\n<p>Segundo aliados, o ex-mandat\u00e1rio tem demonstrado irrita\u00e7\u00e3o com o in\u00edcio precoce da corrida pela vaga, principalmente por parte de pol\u00edticos que se apresentaram como pr\u00e9-candidatos antes mesmo de uma defini\u00e7\u00e3o oficial sobre o futuro de Eduardo.<\/p>\n\n\n\n<p>Bolsonaro j\u00e1 deixou claro que a escolha de um substituto ser\u00e1 exclusivamente dele.<\/p>\n\n\n\n<p><strong>Interessados do PL em disputar o Senado<\/strong><\/p>\n\n\n\n<p>Entre os nomes que j\u00e1 manifestaram interesse em disputar o Senado est\u00e3o o deputado federal pastor Marco Feliciano (PL-SP), o ex-secret\u00e1rio de Cultura M\u00e1rio Frias (PL-SP), o presidente da Assembleia Legislativa, Andr\u00e9 do Prado (PL-SP), e o ex-ministro Ricardo Salles (Novo-SP), que, fora do PL, teria mais dificuldades de viabilizar uma candidatura dentro do partido.<\/p>\n\n\n\n<p><strong>Pr\u00f3ximos passos de Eduardo Bolsonaro<\/strong><\/p>\n\n\n\n<p>Sobre o futuro pol\u00edtico de Eduardo, aliados apontam dois cen\u00e1rios. Em um deles, o deputado permaneceria nos Estados Unidos e abriria m\u00e3o de disputar cargos eletivos a partir de 2027.<\/p>\n\n\n\n<p>A outra possibilidade, considerada mais prov\u00e1vel, \u00e9 o retorno ao Brasil para uma eventual candidatura \u00e0 Presid\u00eancia da Rep\u00fablica ou como vice em uma chapa da direita, com apoio direto do pai.<\/p>\n\n\n\n<p>Bahia.ba<\/p>\n","protected":false},"excerpt":{"rendered":"<p>O ex-presidente Jair Bolsonaro (PL) decidiu que o deputado federal licenciado Eduardo Bolsonaro (PL-SP) n\u00e3o disputar\u00e1 a vaga ao Senado por S\u00e3o Paulo nas elei\u00e7\u00f5es de 2026. A informa\u00e7\u00e3o foi revelada por interlocutores pr\u00f3ximos e publicada pela colunista M\u00f4nica Bergamo, da Folha de S.Paulo. Segundo aliados, o ex-mandat\u00e1rio tem demonstrado irrita\u00e7\u00e3o com o in\u00edcio precoce [&hellip;]<\/p>\n","protected":false},"author":2,"featured_media":31242,"comment_status":"open","ping_status":"open","sticky":false,"template":"","format":"standard","meta":{"_jetpack_memberships_contains_paid_content":false,"footnotes":""},"categories":[39],"tags":[],"class_list":["post-31241","post","type-post","status-publish","format-standard","has-post-thumbnail","hentry","category-politica"],"aioseo_notices":[],"jetpack_featured_media_url":"https:\/\/i0.wp.com\/minutobahia24h.com.br\/wp-content\/uploads\/2025\/06\/Sem-titulo-315.jpg?fit=600%2C421&ssl=1","jetpack_sharing_enabled":true,"_links":{"self":[{"href":"https:\/\/minutobahia24h.com.br\/index.php?rest_route=\/wp\/v2\/posts\/31241","targetHints":{"allow":["GET"]}}],"collection":[{"href":"https:\/\/minutobahia24h.com.br\/index.php?rest_route=\/wp\/v2\/posts"}],"about":[{"href":"https:\/\/minutobahia24h.com.br\/index.php?rest_route=\/wp\/v2\/types\/post"}],"author":[{"embeddable":true,"href":"https:\/\/minutobahia24h.com.br\/index.php?rest_route=\/wp\/v2\/users\/2"}],"replies":[{"embeddable":true,"href":"https:\/\/minutobahia24h.com.br\/index.php?rest_route=%2Fwp%2Fv2%2Fcomments&post=31241"}],"version-history":[{"count":1,"href":"https:\/\/minutobahia24h.com.br\/index.php?rest_route=\/wp\/v2\/posts\/31241\/revisions"}],"predecessor-version":[{"id":31243,"href":"https:\/\/minutobahia24h.com.br\/index.php?rest_route=\/wp\/v2\/posts\/31241\/revisions\/31243"}],"wp:featuredmedia":[{"embeddable":true,"href":"https:\/\/minutobahia24h.com.br\/index.php?rest_route=\/wp\/v2\/media\/31242"}],"wp:attachment":[{"href":"https:\/\/minutobahia24h.com.br\/index.php?rest_route=%2Fwp%2Fv2%2Fmedia&parent=31241"}],"wp:term":[{"taxonomy":"category","embeddable":true,"href":"https:\/\/minutobahia24h.com.br\/index.php?rest_route=%2Fwp%2Fv2%2Fcategories&post=31241"},{"taxonomy":"post_tag","embeddable":true,"href":"https:\/\/minutobahia24h.com.br\/index.php?rest_route=%2Fwp%2Fv2%2Ftags&post=31241"}],"curies":[{"name":"wp","href":"https:\/\/api.w.org\/{rel}","templated":true}]}}