{"id":31226,"date":"2025-06-25T07:25:26","date_gmt":"2025-06-25T10:25:26","guid":{"rendered":"https:\/\/minutobahia24h.com.br\/?p=31226"},"modified":"2025-06-25T07:25:28","modified_gmt":"2025-06-25T10:25:28","slug":"fraude-no-inss-devolucao-de-valores-a-aposentados-deve-comecar-em-24-de-julho","status":"publish","type":"post","link":"https:\/\/minutobahia24h.com.br\/?p=31226","title":{"rendered":"Fraude no INSS: devolu\u00e7\u00e3o de valores a aposentados deve come\u00e7ar em 24 de julho"},"content":{"rendered":"<div class=\"wp-block-image\">\n<figure class=\"aligncenter size-full\"><img data-recalc-dims=\"1\" fetchpriority=\"high\" decoding=\"async\" width=\"800\" height=\"376\" src=\"https:\/\/i0.wp.com\/minutobahia24h.com.br\/wp-content\/uploads\/2025\/06\/Sem-titulo-310.jpg?resize=800%2C376&#038;ssl=1\" alt=\"\" class=\"wp-image-31227\" srcset=\"https:\/\/i0.wp.com\/minutobahia24h.com.br\/wp-content\/uploads\/2025\/06\/Sem-titulo-310.jpg?w=1024&amp;ssl=1 1024w, https:\/\/i0.wp.com\/minutobahia24h.com.br\/wp-content\/uploads\/2025\/06\/Sem-titulo-310.jpg?resize=300%2C141&amp;ssl=1 300w, https:\/\/i0.wp.com\/minutobahia24h.com.br\/wp-content\/uploads\/2025\/06\/Sem-titulo-310.jpg?resize=768%2C361&amp;ssl=1 768w, https:\/\/i0.wp.com\/minutobahia24h.com.br\/wp-content\/uploads\/2025\/06\/Sem-titulo-310.jpg?resize=750%2C352&amp;ssl=1 750w\" sizes=\"(max-width: 800px) 100vw, 800px\" \/><\/figure>\n<\/div>\n\n\n<p>O presidente do Instituto Nacional do Seguro Social (INSS), Gilberto Waller, afirmou nesta ter\u00e7a-feira (24) que a ideia do \u00f3rg\u00e3o \u00e9 come\u00e7ar a pagar valores que foram descontados indevidamente de aposentadorias e pens\u00f5es a partir de 24 de julho.<\/p>\n\n\n\n<p>Waller deu a declara\u00e7\u00e3o durante audi\u00eancia de concilia\u00e7\u00e3o convocada pelo ministro Dias Toffoli, do Supremo Tribunal Federal, com representantes da Advocacia-Geral da Uni\u00e3o, do Minist\u00e9rio P\u00fablico Federal e da Defensoria P\u00fablica da Uni\u00e3o, al\u00e9m de integrantes do INSS.<\/p>\n\n\n\n<p>O governo vai\u00a0propor um acordo aos<a href=\"https:\/\/www.metro1.com.br\/noticias\/politica\/166387,inss-governo-propora-reembolso-mais-agil-a-quem-nao-judicializar\" target=\"_blank\" rel=\"noreferrer noopener\">\u00a0<\/a>aposentados<a href=\"https:\/\/www.metro1.com.br\/noticias\/politica\/166387,inss-governo-propora-reembolso-mais-agil-a-quem-nao-judicializar\" target=\"_blank\" rel=\"noreferrer noopener\">\u00a0e\u00a0<\/a>pensionistas<a href=\"https:\/\/www.metro1.com.br\/noticias\/politica\/166387,inss-governo-propora-reembolso-mais-agil-a-quem-nao-judicializar\" target=\"_blank\" rel=\"noreferrer noopener\">\u00a0<\/a>lesados\u00a0pelas fraudes do Instituto Nacional do Seguro Social (INSS): em troca do reembolso em parcela \u00fanica ainda em 2025, o benefici\u00e1rio dever\u00e1 se comprometer a n\u00e3o entrar na Justi\u00e7a contra a Uni\u00e3o.<\/p>\n\n\n\n<p>M1<\/p>\n","protected":false},"excerpt":{"rendered":"<p>O presidente do Instituto Nacional do Seguro Social (INSS), Gilberto Waller, afirmou nesta ter\u00e7a-feira (24) que a ideia do \u00f3rg\u00e3o \u00e9 come\u00e7ar a pagar valores que foram descontados indevidamente de aposentadorias e pens\u00f5es a partir de 24 de julho. Waller deu a declara\u00e7\u00e3o durante audi\u00eancia de concilia\u00e7\u00e3o convocada pelo ministro Dias Toffoli, do Supremo Tribunal [&hellip;]<\/p>\n","protected":false},"author":2,"featured_media":31227,"comment_status":"open","ping_status":"open","sticky":false,"template":"","format":"standard","meta":{"_jetpack_memberships_contains_paid_content":false,"footnotes":""},"categories":[46],"tags":[],"class_list":["post-31226","post","type-post","status-publish","format-standard","has-post-thumbnail","hentry","category-noticia"],"aioseo_notices":[],"jetpack_featured_media_url":"https:\/\/i0.wp.com\/minutobahia24h.com.br\/wp-content\/uploads\/2025\/06\/Sem-titulo-310.jpg?fit=1024%2C481&ssl=1","jetpack_sharing_enabled":true,"_links":{"self":[{"href":"https:\/\/minutobahia24h.com.br\/index.php?rest_route=\/wp\/v2\/posts\/31226","targetHints":{"allow":["GET"]}}],"collection":[{"href":"https:\/\/minutobahia24h.com.br\/index.php?rest_route=\/wp\/v2\/posts"}],"about":[{"href":"https:\/\/minutobahia24h.com.br\/index.php?rest_route=\/wp\/v2\/types\/post"}],"author":[{"embeddable":true,"href":"https:\/\/minutobahia24h.com.br\/index.php?rest_route=\/wp\/v2\/users\/2"}],"replies":[{"embeddable":true,"href":"https:\/\/minutobahia24h.com.br\/index.php?rest_route=%2Fwp%2Fv2%2Fcomments&post=31226"}],"version-history":[{"count":1,"href":"https:\/\/minutobahia24h.com.br\/index.php?rest_route=\/wp\/v2\/posts\/31226\/revisions"}],"predecessor-version":[{"id":31228,"href":"https:\/\/minutobahia24h.com.br\/index.php?rest_route=\/wp\/v2\/posts\/31226\/revisions\/31228"}],"wp:featuredmedia":[{"embeddable":true,"href":"https:\/\/minutobahia24h.com.br\/index.php?rest_route=\/wp\/v2\/media\/31227"}],"wp:attachment":[{"href":"https:\/\/minutobahia24h.com.br\/index.php?rest_route=%2Fwp%2Fv2%2Fmedia&parent=31226"}],"wp:term":[{"taxonomy":"category","embeddable":true,"href":"https:\/\/minutobahia24h.com.br\/index.php?rest_route=%2Fwp%2Fv2%2Fcategories&post=31226"},{"taxonomy":"post_tag","embeddable":true,"href":"https:\/\/minutobahia24h.com.br\/index.php?rest_route=%2Fwp%2Fv2%2Ftags&post=31226"}],"curies":[{"name":"wp","href":"https:\/\/api.w.org\/{rel}","templated":true}]}}