{"id":31223,"date":"2025-06-25T07:24:32","date_gmt":"2025-06-25T10:24:32","guid":{"rendered":"https:\/\/minutobahia24h.com.br\/?p=31223"},"modified":"2025-06-25T07:24:34","modified_gmt":"2025-06-25T10:24:34","slug":"programa-para-reduzir-filas-no-sus-comeca-em-agosto-afirma-ministro","status":"publish","type":"post","link":"https:\/\/minutobahia24h.com.br\/?p=31223","title":{"rendered":"Programa para reduzir filas no SUS come\u00e7a em agosto, afirma ministro"},"content":{"rendered":"<div class=\"wp-block-image\">\n<figure class=\"aligncenter size-full\"><img data-recalc-dims=\"1\" fetchpriority=\"high\" decoding=\"async\" width=\"675\" height=\"448\" src=\"https:\/\/i0.wp.com\/minutobahia24h.com.br\/wp-content\/uploads\/2025\/06\/Sem-titulo-309.jpg?resize=675%2C448&#038;ssl=1\" alt=\"\" class=\"wp-image-31224\" srcset=\"https:\/\/i0.wp.com\/minutobahia24h.com.br\/wp-content\/uploads\/2025\/06\/Sem-titulo-309.jpg?w=675&amp;ssl=1 675w, https:\/\/i0.wp.com\/minutobahia24h.com.br\/wp-content\/uploads\/2025\/06\/Sem-titulo-309.jpg?resize=300%2C199&amp;ssl=1 300w\" sizes=\"(max-width: 675px) 100vw, 675px\" \/><figcaption class=\"wp-element-caption\">Alexandre Padilha &#8211;\u00a0Foto: Rafael Nascimento\/MS<br><br><\/figcaption><\/figure>\n<\/div>\n\n\n<p>O ministro da Sa\u00fade, Alexandre Padilha, deu detalhes sobre o programa Agora Tem Especialistas, institu\u00eddo no \u00faltimo dia 30 de maio, por meio de uma medida provis\u00f3ria assinada pelo presidente Luiz In\u00e1cio&nbsp;<a href=\"https:\/\/atarde.com.br\/?q=Lula&amp;d=1\" target=\"_blank\" rel=\"noreferrer noopener\">Lula<\/a>&nbsp;da Silva.<\/p>\n\n\n\n<p>Conforme informou Padilha ao Correio Braziliense, a ideia do programa \u00e9 aumentar a oferta de servi\u00e7os especializados para pacientes do Sistema \u00danico de Sa\u00fade (SUS) em hospitais privados e filantr\u00f3picos, em troca de abatimento da d\u00edvida dessas institui\u00e7\u00f5es.<\/p>\n\n\n\n<p>Os primeiros atendimentos e procedimentos come\u00e7ar\u00e3o j\u00e1 no pr\u00f3ximo m\u00eas de agosto. Os hospitais que devem ter prioridade assegurada na fila para receber esses atendimentos ser\u00e3o os que j\u00e1 prestam servi\u00e7o ao SUS e, posteriormente, os que possuem algum programa de resid\u00eancia m\u00e9dica, onde s\u00e3o formados os especialistas em cada \u00e1rea.<\/p>\n\n\n\n<p>\u201c(N\u00f3s vamos) Ir atr\u00e1s de onde est\u00e3o os m\u00e9dicos especialistas, onde est\u00e3o os equipamentos para fazer os exames especializados e as consultas especializadas. Levar o paciente do SUS l\u00e1. Abrir a porta desse hospital privado para o paciente do SUS e a sua fam\u00edlia poder resolver o problema que ele est\u00e1 h\u00e1 meses esperando nas filas do Sistema \u00danico de Sa\u00fade\u201d, disse.<\/p>\n\n\n\n<p>O chefe da pasta declarou ainda que haver\u00e1 um painel de monitoramento integrado ao programa, que ser\u00e1 controlado pelo pr\u00f3prio Minist\u00e9rio da Sa\u00fade, com informa\u00e7\u00f5es sobre todos os procedimentos realizados a n\u00edvel nacional nesse programa. Os dados dever\u00e3o ser coletados pelos hospitais privados e filantr\u00f3picos, al\u00e9m da Uni\u00e3o, dos estados e dos munic\u00edpios.<\/p>\n\n\n\n<p>Como forma de compensa\u00e7\u00e3o das d\u00edvidas das institui\u00e7\u00f5es que aderirem ao programa, o governo criar\u00e1 um sistema de cr\u00e9dito que ser\u00e1 concedido aos hospitais levando em considera\u00e7\u00e3o o n\u00famero de servi\u00e7os ofertados, al\u00e9m do atendimento em \u00e1reas priorit\u00e1rias no SUS, como tratamento de c\u00e2ncer, cardiologia, ortopedia, entre outras especialidades.<\/p>\n\n\n\n<p>A partir de 1\u00ba de janeiro de 2026, os cr\u00e9ditos ser\u00e3o usados para abater d\u00edvidas das institui\u00e7\u00f5es. Para aderir ao programa, os hospitais precisam iniciar negocia\u00e7\u00e3o com o Minist\u00e9rio da Fazenda. Segundo o ministro Fernando Haddad, que participou da coletiva, atualmente 3.537 hospitais acumulam R$ 34,13 bilh\u00f5es em d\u00edvidas ativas.<\/p>\n\n\n\n<p>Segundo o governo, haver\u00e1 um cr\u00e9dito financeiro de R$ 2 bilh\u00f5es por ano aos hospitais, o que deve gerar um impacto fiscal de at\u00e9 R$ 750 milh\u00f5es por ano, caso hospitais que n\u00e3o possuem d\u00edvidas tamb\u00e9m participem do programa.<\/p>\n\n\n\n<p>atarde<\/p>\n","protected":false},"excerpt":{"rendered":"<p>O ministro da Sa\u00fade, Alexandre Padilha, deu detalhes sobre o programa Agora Tem Especialistas, institu\u00eddo no \u00faltimo dia 30 de maio, por meio de uma medida provis\u00f3ria assinada pelo presidente Luiz In\u00e1cio&nbsp;Lula&nbsp;da Silva. Conforme informou Padilha ao Correio Braziliense, a ideia do programa \u00e9 aumentar a oferta de servi\u00e7os especializados para pacientes do Sistema \u00danico [&hellip;]<\/p>\n","protected":false},"author":2,"featured_media":31224,"comment_status":"open","ping_status":"open","sticky":false,"template":"","format":"standard","meta":{"_jetpack_memberships_contains_paid_content":false,"footnotes":""},"categories":[39],"tags":[],"class_list":["post-31223","post","type-post","status-publish","format-standard","has-post-thumbnail","hentry","category-politica"],"aioseo_notices":[],"jetpack_featured_media_url":"https:\/\/i0.wp.com\/minutobahia24h.com.br\/wp-content\/uploads\/2025\/06\/Sem-titulo-309.jpg?fit=675%2C448&ssl=1","jetpack_sharing_enabled":true,"_links":{"self":[{"href":"https:\/\/minutobahia24h.com.br\/index.php?rest_route=\/wp\/v2\/posts\/31223","targetHints":{"allow":["GET"]}}],"collection":[{"href":"https:\/\/minutobahia24h.com.br\/index.php?rest_route=\/wp\/v2\/posts"}],"about":[{"href":"https:\/\/minutobahia24h.com.br\/index.php?rest_route=\/wp\/v2\/types\/post"}],"author":[{"embeddable":true,"href":"https:\/\/minutobahia24h.com.br\/index.php?rest_route=\/wp\/v2\/users\/2"}],"replies":[{"embeddable":true,"href":"https:\/\/minutobahia24h.com.br\/index.php?rest_route=%2Fwp%2Fv2%2Fcomments&post=31223"}],"version-history":[{"count":1,"href":"https:\/\/minutobahia24h.com.br\/index.php?rest_route=\/wp\/v2\/posts\/31223\/revisions"}],"predecessor-version":[{"id":31225,"href":"https:\/\/minutobahia24h.com.br\/index.php?rest_route=\/wp\/v2\/posts\/31223\/revisions\/31225"}],"wp:featuredmedia":[{"embeddable":true,"href":"https:\/\/minutobahia24h.com.br\/index.php?rest_route=\/wp\/v2\/media\/31224"}],"wp:attachment":[{"href":"https:\/\/minutobahia24h.com.br\/index.php?rest_route=%2Fwp%2Fv2%2Fmedia&parent=31223"}],"wp:term":[{"taxonomy":"category","embeddable":true,"href":"https:\/\/minutobahia24h.com.br\/index.php?rest_route=%2Fwp%2Fv2%2Fcategories&post=31223"},{"taxonomy":"post_tag","embeddable":true,"href":"https:\/\/minutobahia24h.com.br\/index.php?rest_route=%2Fwp%2Fv2%2Ftags&post=31223"}],"curies":[{"name":"wp","href":"https:\/\/api.w.org\/{rel}","templated":true}]}}