{"id":31193,"date":"2025-06-24T10:38:07","date_gmt":"2025-06-24T13:38:07","guid":{"rendered":"https:\/\/minutobahia24h.com.br\/?p=31193"},"modified":"2025-06-24T10:38:09","modified_gmt":"2025-06-24T13:38:09","slug":"historico-militar-eleva-pressao-sobre-tenente-coronel-cid-em-acareacao-com-general-braga-netto","status":"publish","type":"post","link":"https:\/\/minutobahia24h.com.br\/?p=31193","title":{"rendered":"Hist\u00f3rico militar eleva press\u00e3o sobre tenente-coronel Cid em acarea\u00e7\u00e3o com general Braga Netto"},"content":{"rendered":"<div class=\"wp-block-image\">\n<figure class=\"aligncenter size-large\"><img data-recalc-dims=\"1\" fetchpriority=\"high\" decoding=\"async\" width=\"800\" height=\"420\" src=\"https:\/\/i0.wp.com\/minutobahia24h.com.br\/wp-content\/uploads\/2025\/06\/Sem-titulo-299-1024x538.jpg?resize=800%2C420&#038;ssl=1\" alt=\"\" class=\"wp-image-31194\" srcset=\"https:\/\/i0.wp.com\/minutobahia24h.com.br\/wp-content\/uploads\/2025\/06\/Sem-titulo-299.jpg?resize=1024%2C538&amp;ssl=1 1024w, https:\/\/i0.wp.com\/minutobahia24h.com.br\/wp-content\/uploads\/2025\/06\/Sem-titulo-299.jpg?resize=300%2C158&amp;ssl=1 300w, https:\/\/i0.wp.com\/minutobahia24h.com.br\/wp-content\/uploads\/2025\/06\/Sem-titulo-299.jpg?resize=768%2C403&amp;ssl=1 768w, https:\/\/i0.wp.com\/minutobahia24h.com.br\/wp-content\/uploads\/2025\/06\/Sem-titulo-299.jpg?resize=750%2C394&amp;ssl=1 750w, https:\/\/i0.wp.com\/minutobahia24h.com.br\/wp-content\/uploads\/2025\/06\/Sem-titulo-299.jpg?resize=1140%2C599&amp;ssl=1 1140w, https:\/\/i0.wp.com\/minutobahia24h.com.br\/wp-content\/uploads\/2025\/06\/Sem-titulo-299.jpg?w=1200&amp;ssl=1 1200w\" sizes=\"(max-width: 800px) 100vw, 800px\" \/><figcaption class=\"wp-element-caption\">Foto: Marcelo Camargo\/Ag\u00eancia Brasil<br><\/figcaption><\/figure>\n<\/div>\n\n\n<p>O ex-ministro Walter Braga Netto e o tenente-coronel Mauro Cid v\u00e3o ficar frente a frente no STF (Supremo Tribunal Federal) nesta ter\u00e7a-feira (24) para a primeira acarea\u00e7\u00e3o do processo sobre a trama golpista de 2022.\u00a0<\/p>\n\n\n\n<p>O principal ponto a ser esclarecido nessa fase ser\u00e1 a suposta entrega de dinheiro vivo do general da reserva Braga Netto ao ex-ajudante de ordens de Jair Bolsonaro (PL). Segundo a den\u00fancia, o recurso foi utilizado para a\u00e7\u00f5es golpistas de militares.\u00a0<\/p>\n\n\n\n<p>Braga Netto \u00e9 amigo do pai de Cid desde a d\u00e9cada de 1970, quando se conheceram na Academia Militar das Agulhas Negras. Foram contempor\u00e2neos no Alto Comando do Ex\u00e9rcito. As esposas dos generais s\u00e3o amigas de longa data, e o ex-ministro conhece o delator desde crian\u00e7a.\u00a0<\/p>\n\n\n\n<p>A nova fase na hist\u00f3ria das fam\u00edlias, colocando o general do lado oposto do tenente-coronel, faz da acarea\u00e7\u00e3o um dos momentos mais tensos da a\u00e7\u00e3o penal contra o n\u00facleo principal da trama golpista.\u00a0<\/p>\n\n\n\n<p>Dois generais ouvidos sob reserva pela Folha de S.Paulo destacam que o hist\u00f3rico militar dos dois deve tornar a audi\u00eancia ainda mais sens\u00edvel. Mauro Cid, tenente-coronel treinado para viver sob r\u00edgida hierarquia e disciplina, ter\u00e1 de se contrapor ao general quatro estrelas Braga Netto.\u00a0<\/p>\n\n\n\n<p>A audi\u00eancia foi solicitada por Braga Netto, que est\u00e1 preso desde dezembro. A acarea\u00e7\u00e3o \u00e9 utilizada em processos judiciais para confrontar pessoas que prestaram declara\u00e7\u00f5es divergentes sobre os mesmos fatos. Neste caso, os dois r\u00e9us devem ficar na mesma sala para discutir as diferen\u00e7as das vers\u00f5es.\u00a0<\/p>\n\n\n\n<p>Al\u00e9m de Cid e Braga Netto, uma segunda acarea\u00e7\u00e3o ser\u00e1 feita entre o r\u00e9u Anderson Torres -ex-ministro da Justi\u00e7a- e o ex-chefe do Ex\u00e9rcito Marco Ant\u00f4nio Freire Gomes, testemunha do processo. As sess\u00f5es ser\u00e3o fechadas \u00e0 imprensa, sem transmiss\u00e3o.\u00a0<\/p>\n\n\n\n<p>A principal controv\u00e9rsia que deve ser colocada na acarea\u00e7\u00e3o entre Cid e Braga Netto \u00e9 a suposta entrega de dinheiro do ex-ministro para um militar que, segundo a den\u00fancia da PGR (Procuradoria-Geral da Rep\u00fablica), planejava a pris\u00e3o e o assassinato de Moraes.\u00a0<\/p>\n\n\n\n<p>Cid disse ao Supremo que recebeu dinheiro vivo do ex-ministro, no fim de 2022, para que os recursos fossem entregues para um militar que planejava a pris\u00e3o e o assassinato do ministro Alexandre de Moraes.\u00a0<\/p>\n\n\n\n<p>Em depoimento h\u00e1 duas semanas, Cid foi questionado sobre o epis\u00f3dio pela defesa de Braga Netto. O militar disse que n\u00e3o se lembrava de detalhes importantes do caso, como dia, hor\u00e1rio e local em que o dinheiro teria sido entregue.\u00a0<\/p>\n\n\n\n<p>&#8220;Eu deixei [a caixa com o dinheiro] no batente da minha mesa, para ningu\u00e9m ver. Me foi entregue; o local efetivo, n\u00e3o me lembro. Se foi na garagem ou outro lugar. Mas lembro que me marcou porque eu deixei do lado do meu p\u00e9, para ningu\u00e9m mexer&#8221;, afirmou.\u00a0<\/p>\n\n\n\n<p>Braga Netto negou ao Supremo que tenha buscado dinheiro a pedido de Cid. Ele disse que a declara\u00e7\u00e3o do ex-ajudante de ordens de Bolsonaro foi um &#8220;equ\u00edvoco&#8221;.\u00a0<\/p>\n\n\n\n<p>O general disse que Cid o procurou pedindo dinheiro. Ele afirmou acreditar que se tratava de contas de campanha atrasadas e que, por isso, o orientou a procurar a tesouraria do PL.\u00a0<\/p>\n\n\n\n<p>&#8220;Morreu o assunto. Eu n\u00e3o tinha, como eu disse, contato com empres\u00e1rios, ent\u00e3o eu n\u00e3o pedi dinheiro para ningu\u00e9m e n\u00e3o entreguei dinheiro nenhum para o Cid&#8221;, afirmou.\u00a0<\/p>\n\n\n\n<p>Os depoimentos de Braga Netto e Cid tamb\u00e9m divergem sobre uma reuni\u00e3o entre os dois e militares amigos do tenente-coronel ocorrida na casa do general em 12 de novembro de 2022.\u00a0<\/p>\n\n\n\n<p>Cid disse ao Supremo que o encontro foi marcado a pedido dos militares amigos -e tamb\u00e9m r\u00e9us- Rafael Martins de Oliveira e H\u00e9lio Ferreira Lima.\u00a0<\/p>\n\n\n\n<p>No encontro, segundo a vers\u00e3o de Cid, os militares reclamaram da elei\u00e7\u00e3o de Lula e se colocaram \u00e0 disposi\u00e7\u00e3o para auxiliar em a\u00e7\u00f5es que pudessem mostrar apoio popular ao ex-presidente Bolsonaro.\u00a0<\/p>\n\n\n\n<p>&#8220;Foi uma conversa nesse n\u00edvel, inicialmente desse n\u00edvel: o que poderia ser feito, o que deveria ser feito, sempre nessa toada. Mas n\u00e3o teve nada, naquele momento que eu estava presente, de radicalismo ou de planejamento, ou de apresenta\u00e7\u00e3o formal de alguma ideia&#8221;, disse Cid.\u00a0<\/p>\n\n\n\n<p>O tenente-coronel disse que saiu da casa de Braga Netto cerca de 15 minutos depois do in\u00edcio da conversa porque tinha assuntos da Presid\u00eancia a tratar. Ele afirmou ainda que foi orientado pelo pr\u00f3prio ex-ministro a deixar sua casa porque seriam discutidos &#8220;assuntos operacionais&#8221;.\u00a0<\/p>\n\n\n\n<p>Braga Netto disse que Cid mentiu em seu depoimento e que s\u00f3 recebeu os militares porque eram amigos do ex-ajudante de ordens de Bolsonaro.\u00a0<\/p>\n\n\n\n<p>No caso envolvendo Anderson Torres, a defesa dele questiona declara\u00e7\u00f5es do ex-comandante do Ex\u00e9rcito sobre a participa\u00e7\u00e3o em reuni\u00f5es para tratar da trama golpista.\u00a0<\/p>\n\n\n\n<p>Freire Gomes disse que o ex-ministro esteve em reuni\u00f5es com os chefes das For\u00e7as Armadas para dar explica\u00e7\u00f5es jur\u00eddicas sobre as minutas de decreto golpista que circulavam pelo Pal\u00e1cio da Alvorada em 2022.\u00a0<\/p>\n\n\n\n<p>&#8220;Que participou de algumas reuni\u00f5es com a presen\u00e7a do ent\u00e3o ministro da Justi\u00e7a Anderson Torres; que nas reuni\u00f5es Anderson Torres explanando o suporte jur\u00eddico para as medidas que poderiam ser adotadas&#8221;, diz trecho do termo de depoimento do militar.\u00a0<\/p>\n\n\n\n<p>No \u00faltimo m\u00eas, como testemunha do processo, Freire Gomes voltou a afirmar que lembra que Torres participou de &#8220;apenas uma ou duas&#8221; reuni\u00f5es com os ex-comandantes na \u00e9poca. &#8220;Ele nunca interferiu, nunca me procurou particularmente e, mesmo nas reuni\u00f5es, ele n\u00e3o opinava sobre esse assunto, que eu me lembre&#8221;, disse.\u00a0<\/p>\n\n\n\n<p>A defesa de Anderson Torres nega. Como prova de que os dois n\u00e3o estiveram juntos, o advogado Eumar Novacki pretende levar os registros de entrada e sa\u00edda do Pal\u00e1cio do Alvorada para argumentar que a vers\u00e3o de Freire Gomes \u00e9 falsa.<\/p>\n\n\n\n<p>BN<\/p>\n","protected":false},"excerpt":{"rendered":"<p>O ex-ministro Walter Braga Netto e o tenente-coronel Mauro Cid v\u00e3o ficar frente a frente no STF (Supremo Tribunal Federal) nesta ter\u00e7a-feira (24) para a primeira acarea\u00e7\u00e3o do processo sobre a trama golpista de 2022.\u00a0 O principal ponto a ser esclarecido nessa fase ser\u00e1 a suposta entrega de dinheiro vivo do general da reserva Braga [&hellip;]<\/p>\n","protected":false},"author":2,"featured_media":31194,"comment_status":"open","ping_status":"open","sticky":false,"template":"","format":"standard","meta":{"_jetpack_memberships_contains_paid_content":false,"footnotes":""},"categories":[46],"tags":[],"class_list":["post-31193","post","type-post","status-publish","format-standard","has-post-thumbnail","hentry","category-noticia"],"aioseo_notices":[],"jetpack_featured_media_url":"https:\/\/i0.wp.com\/minutobahia24h.com.br\/wp-content\/uploads\/2025\/06\/Sem-titulo-299.jpg?fit=1200%2C630&ssl=1","jetpack_sharing_enabled":true,"_links":{"self":[{"href":"https:\/\/minutobahia24h.com.br\/index.php?rest_route=\/wp\/v2\/posts\/31193","targetHints":{"allow":["GET"]}}],"collection":[{"href":"https:\/\/minutobahia24h.com.br\/index.php?rest_route=\/wp\/v2\/posts"}],"about":[{"href":"https:\/\/minutobahia24h.com.br\/index.php?rest_route=\/wp\/v2\/types\/post"}],"author":[{"embeddable":true,"href":"https:\/\/minutobahia24h.com.br\/index.php?rest_route=\/wp\/v2\/users\/2"}],"replies":[{"embeddable":true,"href":"https:\/\/minutobahia24h.com.br\/index.php?rest_route=%2Fwp%2Fv2%2Fcomments&post=31193"}],"version-history":[{"count":1,"href":"https:\/\/minutobahia24h.com.br\/index.php?rest_route=\/wp\/v2\/posts\/31193\/revisions"}],"predecessor-version":[{"id":31195,"href":"https:\/\/minutobahia24h.com.br\/index.php?rest_route=\/wp\/v2\/posts\/31193\/revisions\/31195"}],"wp:featuredmedia":[{"embeddable":true,"href":"https:\/\/minutobahia24h.com.br\/index.php?rest_route=\/wp\/v2\/media\/31194"}],"wp:attachment":[{"href":"https:\/\/minutobahia24h.com.br\/index.php?rest_route=%2Fwp%2Fv2%2Fmedia&parent=31193"}],"wp:term":[{"taxonomy":"category","embeddable":true,"href":"https:\/\/minutobahia24h.com.br\/index.php?rest_route=%2Fwp%2Fv2%2Fcategories&post=31193"},{"taxonomy":"post_tag","embeddable":true,"href":"https:\/\/minutobahia24h.com.br\/index.php?rest_route=%2Fwp%2Fv2%2Ftags&post=31193"}],"curies":[{"name":"wp","href":"https:\/\/api.w.org\/{rel}","templated":true}]}}