{"id":31187,"date":"2025-06-24T10:32:52","date_gmt":"2025-06-24T13:32:52","guid":{"rendered":"https:\/\/minutobahia24h.com.br\/?p=31187"},"modified":"2025-06-24T10:32:53","modified_gmt":"2025-06-24T13:32:53","slug":"joao-campos-busca-atrair-politicos-de-fora-da-esquerda-para-o-psb-a-exemplo-do-pai","status":"publish","type":"post","link":"https:\/\/minutobahia24h.com.br\/?p=31187","title":{"rendered":"Jo\u00e3o Campos busca atrair pol\u00edticos de fora da esquerda para o PSB, a exemplo do pai"},"content":{"rendered":"<div class=\"wp-block-image\">\n<figure class=\"aligncenter size-large\"><img data-recalc-dims=\"1\" fetchpriority=\"high\" decoding=\"async\" width=\"800\" height=\"420\" src=\"https:\/\/i0.wp.com\/minutobahia24h.com.br\/wp-content\/uploads\/2025\/06\/Sem-titulo-297-1024x538.jpg?resize=800%2C420&#038;ssl=1\" alt=\"\" class=\"wp-image-31188\" srcset=\"https:\/\/i0.wp.com\/minutobahia24h.com.br\/wp-content\/uploads\/2025\/06\/Sem-titulo-297.jpg?resize=1024%2C538&amp;ssl=1 1024w, https:\/\/i0.wp.com\/minutobahia24h.com.br\/wp-content\/uploads\/2025\/06\/Sem-titulo-297.jpg?resize=300%2C158&amp;ssl=1 300w, https:\/\/i0.wp.com\/minutobahia24h.com.br\/wp-content\/uploads\/2025\/06\/Sem-titulo-297.jpg?resize=768%2C403&amp;ssl=1 768w, https:\/\/i0.wp.com\/minutobahia24h.com.br\/wp-content\/uploads\/2025\/06\/Sem-titulo-297.jpg?resize=750%2C394&amp;ssl=1 750w, https:\/\/i0.wp.com\/minutobahia24h.com.br\/wp-content\/uploads\/2025\/06\/Sem-titulo-297.jpg?resize=1140%2C599&amp;ssl=1 1140w, https:\/\/i0.wp.com\/minutobahia24h.com.br\/wp-content\/uploads\/2025\/06\/Sem-titulo-297.jpg?w=1200&amp;ssl=1 1200w\" sizes=\"(max-width: 800px) 100vw, 800px\" \/><figcaption class=\"wp-element-caption\">Foto: Divulga\u00e7\u00e3o<br><\/figcaption><\/figure>\n<\/div>\n\n\n<p>Integrantes do PSB veem sinais de que Jo\u00e3o Campos, prefeito do Recife e novo presidente do partido, pretende atrair pol\u00edticos de fora da esquerda para a legenda em um movimento de pragmatismo semelhante ao que fez seu pai, o ex-governador Eduardo Campos (morto em 2014 em um acidente de avi\u00e3o).\u00a0<\/p>\n\n\n\n<p>O dirigente partid\u00e1rio disse \u00e0 Folha que a legenda precisa aumentar sua vota\u00e7\u00e3o, o que demanda mais filia\u00e7\u00f5es, e que &#8220;trazer mais gente n\u00e3o significa que todo mundo pense igual&#8221;. Ele tamb\u00e9m defendeu &#8220;trazer e fortalecer defensores da democracia&#8221;.\u00a0<\/p>\n\n\n\n<p>Jo\u00e3o Campos afirma, no entanto, que seu pai promoveu filia\u00e7\u00f5es mais \u00e0 direita por causa da candidatura presidencial. A situa\u00e7\u00e3o seria outra agora porque o PSB n\u00e3o pretende ter candidato ao Planalto em 2026. O partido quer manter Geraldo Alckmin no posto de vice do presidente Lula (PT).\u00a0<\/p>\n\n\n\n<p>Em sua campanha ao Pal\u00e1cio do Planalto em 2014, Eduardo Campos ampliou sua base filiando ao PSB nomes da direita, como a hoje senadora Tereza Cristina (PP) e Paulo Bornhausen (PSD), parte de uma das linhagens conservadoras mais tradicionais da pol\u00edtica brasileira.\u00a0<\/p>\n\n\n\n<p>Nos anos seguintes, a maioria do PSB votou a favor do impeachment de Dilma Rousseff (PT) e alguns integrantes apoiaram medidas adotadas pelo governo Jair Bolsonaro (PL).\u00a0<\/p>\n\n\n\n<p>Os principais ind\u00edcios do novo movimento que correligion\u00e1rios de Jo\u00e3o Campos observam seriam as negocia\u00e7\u00f5es para filiar o prefeito de Macei\u00f3, Jo\u00e3o Henrique Caldas (PL), o JHC, e para criar uma federa\u00e7\u00e3o entre PSB e Cidadania &#8211;nesse \u00faltimo caso h\u00e1 duas interpreta\u00e7\u00f5es distintas dentro da legenda.\u00a0<\/p>\n\n\n\n<p>As medidas aumentariam a capacidade pessebista de eleger deputados federais, decisivos para engordar a fatia da legenda nos fundos partid\u00e1rio e eleitoral, al\u00e9m de candidatos a outros cargos.<\/p>\n\n\n\n<p>JHC foi reeleito prefeito em 2024 pelo PL de Jair Bolsonaro. Sua primeira elei\u00e7\u00e3o para o Executivo municipal, em 2020, havia sido pelo pr\u00f3prio PSB. O poss\u00edvel novo acordo envolveria tamb\u00e9m a indica\u00e7\u00e3o de sua tia Marluce Caldas, procuradora de Justi\u00e7a, para o Superior Tribunal de Justi\u00e7a.\u00a0<\/p>\n\n\n\n<p>Isso tamb\u00e9m dependeria de Lula, a quem cabe a indica\u00e7\u00e3o para a corte. Caso volte ao PSB, JHC passaria a ser parte da base que apoia o petista.\u00a0<\/p>\n\n\n\n<p>Jo\u00e3o Campos disse ser amigo de JHC. &#8220;A gente tem sempre se falado, mas n\u00e3o h\u00e1 uma defini\u00e7\u00e3o sobre filia\u00e7\u00e3o ou n\u00e3o&#8221;, declarou.\u00a0<\/p>\n\n\n\n<p>FEDERA\u00c7\u00c3O NO HORIZONTE\u00a0<\/p>\n\n\n\n<p>A federa\u00e7\u00e3o com o Cidadania obrigaria o PSB a negociar suas candidaturas majorit\u00e1rias com um partido que tem integrantes \u00e0 direita do espectro pol\u00edtico.\u00a0<\/p>\n\n\n\n<p>O nome mais conhecido do Cidadania, por exemplo, \u00e9 o deputado federal Alex Manente (SP), que foi candidato a prefeito de S\u00e3o Bernardo do Campo (SP) em 2024 com um vice do PL pr\u00f3ximo a Bolsonaro. Na \u00e9poca, o deputado se definiu como um pol\u00edtico de centro-direita.\u00a0<\/p>\n\n\n\n<p>&#8220;Nossa alternativa \u00e9 sempre fugir da polariza\u00e7\u00e3o&#8221;, disse Manente sobre os planos pol\u00edticos do partido para o futuro. Em entrevista \u00e0 Folha de S.Paulo em maio, Campos disse que \u00e9 necess\u00e1ria uma frente ampla em 2026 para que os partidos de centro n\u00e3o se aliem aos de direita.\u00a0<\/p>\n\n\n\n<p>As conversas tanto com JHC quanto com o Cidadania come\u00e7aram quando o PSB ainda era presidido por Carlos Siqueira.\u00a0<\/p>\n\n\n\n<p>O presidente do partido tem dito a aliados que o PSB ser\u00e1 capaz de bater sozinho a cl\u00e1usula de desempenho, que restringe acesso de partidos mal votados a recursos p\u00fablicos. As federa\u00e7\u00f5es permitem que duas ou mais legendas somem suas vota\u00e7\u00f5es para ter direito a esse dinheiro.\u00a0<\/p>\n\n\n\n<p>Setores do PSB entenderam essas falas como um sinal de que o dirigente n\u00e3o quer uma alian\u00e7a formal. Por essa avalia\u00e7\u00e3o, seria mais interessante para Campos, cotado para disputar uma elei\u00e7\u00e3o presidencial no futuro, fortalecer seu partido sem se vincular a outra legenda. Isso facilitaria uma eventual candidatura ao Planalto.\u00a0<\/p>\n\n\n\n<p>Outros setores do PSB avaliam que a fala \u00e9 s\u00f3 uma declara\u00e7\u00e3o protocolar de presidente de partido que n\u00e3o indica contrariedade \u00e0 federa\u00e7\u00e3o. Ele n\u00e3o interditou as negocia\u00e7\u00f5es quando assumiu o comando da legenda. \u00a0<\/p>\n\n\n\n<p>Jo\u00e3o Campos afirma que a maioria do PSB \u00e9 a favor da alian\u00e7a e que a decis\u00e3o \u00e9 coletiva, n\u00e3o s\u00f3 da presid\u00eancia da sigla. &#8220;O que eu sempre ponderei \u00e9 ver qual o tamanho e qual o tamanho do resultado&#8221;, declarou.<\/p>\n\n\n\n<p>BN<\/p>\n","protected":false},"excerpt":{"rendered":"<p>Integrantes do PSB veem sinais de que Jo\u00e3o Campos, prefeito do Recife e novo presidente do partido, pretende atrair pol\u00edticos de fora da esquerda para a legenda em um movimento de pragmatismo semelhante ao que fez seu pai, o ex-governador Eduardo Campos (morto em 2014 em um acidente de avi\u00e3o).\u00a0 O dirigente partid\u00e1rio disse \u00e0 [&hellip;]<\/p>\n","protected":false},"author":2,"featured_media":31188,"comment_status":"open","ping_status":"open","sticky":false,"template":"","format":"standard","meta":{"_jetpack_memberships_contains_paid_content":false,"footnotes":""},"categories":[39],"tags":[],"class_list":["post-31187","post","type-post","status-publish","format-standard","has-post-thumbnail","hentry","category-politica"],"aioseo_notices":[],"jetpack_featured_media_url":"https:\/\/i0.wp.com\/minutobahia24h.com.br\/wp-content\/uploads\/2025\/06\/Sem-titulo-297.jpg?fit=1200%2C630&ssl=1","jetpack_sharing_enabled":true,"_links":{"self":[{"href":"https:\/\/minutobahia24h.com.br\/index.php?rest_route=\/wp\/v2\/posts\/31187","targetHints":{"allow":["GET"]}}],"collection":[{"href":"https:\/\/minutobahia24h.com.br\/index.php?rest_route=\/wp\/v2\/posts"}],"about":[{"href":"https:\/\/minutobahia24h.com.br\/index.php?rest_route=\/wp\/v2\/types\/post"}],"author":[{"embeddable":true,"href":"https:\/\/minutobahia24h.com.br\/index.php?rest_route=\/wp\/v2\/users\/2"}],"replies":[{"embeddable":true,"href":"https:\/\/minutobahia24h.com.br\/index.php?rest_route=%2Fwp%2Fv2%2Fcomments&post=31187"}],"version-history":[{"count":1,"href":"https:\/\/minutobahia24h.com.br\/index.php?rest_route=\/wp\/v2\/posts\/31187\/revisions"}],"predecessor-version":[{"id":31189,"href":"https:\/\/minutobahia24h.com.br\/index.php?rest_route=\/wp\/v2\/posts\/31187\/revisions\/31189"}],"wp:featuredmedia":[{"embeddable":true,"href":"https:\/\/minutobahia24h.com.br\/index.php?rest_route=\/wp\/v2\/media\/31188"}],"wp:attachment":[{"href":"https:\/\/minutobahia24h.com.br\/index.php?rest_route=%2Fwp%2Fv2%2Fmedia&parent=31187"}],"wp:term":[{"taxonomy":"category","embeddable":true,"href":"https:\/\/minutobahia24h.com.br\/index.php?rest_route=%2Fwp%2Fv2%2Fcategories&post=31187"},{"taxonomy":"post_tag","embeddable":true,"href":"https:\/\/minutobahia24h.com.br\/index.php?rest_route=%2Fwp%2Fv2%2Ftags&post=31187"}],"curies":[{"name":"wp","href":"https:\/\/api.w.org\/{rel}","templated":true}]}}