{"id":31167,"date":"2025-06-24T09:37:45","date_gmt":"2025-06-24T12:37:45","guid":{"rendered":"https:\/\/minutobahia24h.com.br\/?p=31167"},"modified":"2025-06-24T09:42:00","modified_gmt":"2025-06-24T12:42:00","slug":"com-programacao-voltada-para-o-forro-o-arraia-das-estrelas-teve-inicio-nesta-segunda-feira-23-em-jaguarari","status":"publish","type":"post","link":"https:\/\/minutobahia24h.com.br\/?p=31167","title":{"rendered":"Com programa\u00e7\u00e3o voltada para o forr\u00f3, o Arrai\u00e1 das Estrelas teve in\u00edcio nesta segunda-feira (23), em Jaguarari"},"content":{"rendered":"<div class=\"wp-block-image\">\n<figure class=\"aligncenter size-full\"><img data-recalc-dims=\"1\" fetchpriority=\"high\" decoding=\"async\" width=\"514\" height=\"640\" src=\"https:\/\/i0.wp.com\/minutobahia24h.com.br\/wp-content\/uploads\/2025\/06\/Sem-titulo-291.jpg?resize=514%2C640&#038;ssl=1\" alt=\"\" class=\"wp-image-31168\" srcset=\"https:\/\/i0.wp.com\/minutobahia24h.com.br\/wp-content\/uploads\/2025\/06\/Sem-titulo-291.jpg?w=514&amp;ssl=1 514w, https:\/\/i0.wp.com\/minutobahia24h.com.br\/wp-content\/uploads\/2025\/06\/Sem-titulo-291.jpg?resize=241%2C300&amp;ssl=1 241w\" sizes=\"(max-width: 514px) 100vw, 514px\" \/><figcaption class=\"wp-element-caption\">Foto: Divulga\u00e7\u00e3o<br><\/figcaption><\/figure>\n<\/div>\n\n\n<p>Com atra\u00e7\u00f5es como Ful\u00f4 de Mandacaru, Batista Lima, Aduilio Mendes, Calcinha Preta, Ra\u00ed Sa\u00eda Rodada o S\u00e3o Jo\u00e3o de Jaguarari &#8211; Arrai\u00e1 das Estrelas 2025, come\u00e7ou nesta segunda-feira, 23 de junho, com a tradicional alvorada \u00e0s 04h da madrugada.<\/p>\n\n\n\n<p>Neste ano, a organiza\u00e7\u00e3o decidiu seguir um caminho diferente do que outros munic\u00edpios costumam fazer. A programa\u00e7\u00e3o foi toda voltada para o forr\u00f3, com quase 100% de atra\u00e7\u00f5es nesse estilo, e as datas tamb\u00e9m foram inovadoras: de 23 a 26, come\u00e7ando na segunda-feira e terminando numa quinta-feira. <\/p>\n\n\n\n<p>O maior evento cultural do munic\u00edpio est\u00e1 confirmado. Ele acontecer\u00e1 na Pra\u00e7a Cust\u00f3dio Barbosa, conhecida como a Pra\u00e7a do Forr\u00f3, bem no centro da cidade.<\/p>\n\n\n\n<p><strong>Confira a programa\u00e7\u00e3o:<\/strong><\/p>\n\n\n\n<p><\/p>\n\n\n\n<p><strong>Dia 24\/06 &#8211; Ter\u00e7a-feira<\/strong><\/p>\n\n\n\n<p>22h: Maike Alan &amp; Paix\u00e3o di Vaqueiro<\/p>\n\n\n\n<p>0h: L\u00edvia Gon\u00e7alves<\/p>\n\n\n\n<p>02h: Aduilio Mendes<\/p>\n\n\n\n<p>04h: Sandro de Castro<\/p>\n\n\n\n<p><strong>Dia 25\/06 &#8211; Quarta-feira<\/strong><\/p>\n\n\n\n<p>20h: Menina Faceira<\/p>\n\n\n\n<p>22h: Pablo<\/p>\n\n\n\n<p>0h: Calcinha Preta<\/p>\n\n\n\n<p>02h: Pegada do Jef\u00e3o&nbsp;<\/p>\n\n\n\n<p>03h: Tinho do Acordeon<\/p>\n\n\n\n<p><strong>Dia 26\/06 &#8211; Quinta-feira<\/strong><\/p>\n\n\n\n<p>17h: Ra\u00ed Sa\u00eda Rodada&nbsp;<\/p>\n\n\n\n<p>19h: Batista Lima<\/p>\n\n\n\n<p>21h: Banda L\u00edbanos&nbsp;<\/p>\n\n\n\n<p>23h: Matheus do Acordeon<\/p>\n\n\n\n<p>01h: Mel Mal\u00edcia<\/p>\n\n\n\n<p><strong><em>Fonte: Portal Jaguarari&nbsp;<\/em><\/strong><\/p>\n","protected":false},"excerpt":{"rendered":"<p>Com atra\u00e7\u00f5es como Ful\u00f4 de Mandacaru, Batista Lima, Aduilio Mendes, Calcinha Preta, Ra\u00ed Sa\u00eda Rodada o S\u00e3o Jo\u00e3o de Jaguarari &#8211; Arrai\u00e1 das Estrelas 2025, come\u00e7ou nesta segunda-feira, 23 de junho, com a tradicional alvorada \u00e0s 04h da madrugada. Neste ano, a organiza\u00e7\u00e3o decidiu seguir um caminho diferente do que outros munic\u00edpios costumam fazer. A [&hellip;]<\/p>\n","protected":false},"author":2,"featured_media":31168,"comment_status":"open","ping_status":"open","sticky":false,"template":"","format":"standard","meta":{"_jetpack_memberships_contains_paid_content":false,"footnotes":""},"categories":[3],"tags":[],"class_list":["post-31167","post","type-post","status-publish","format-standard","has-post-thumbnail","hentry","category-regional"],"aioseo_notices":[],"jetpack_featured_media_url":"https:\/\/i0.wp.com\/minutobahia24h.com.br\/wp-content\/uploads\/2025\/06\/Sem-titulo-291.jpg?fit=514%2C640&ssl=1","jetpack_sharing_enabled":true,"_links":{"self":[{"href":"https:\/\/minutobahia24h.com.br\/index.php?rest_route=\/wp\/v2\/posts\/31167","targetHints":{"allow":["GET"]}}],"collection":[{"href":"https:\/\/minutobahia24h.com.br\/index.php?rest_route=\/wp\/v2\/posts"}],"about":[{"href":"https:\/\/minutobahia24h.com.br\/index.php?rest_route=\/wp\/v2\/types\/post"}],"author":[{"embeddable":true,"href":"https:\/\/minutobahia24h.com.br\/index.php?rest_route=\/wp\/v2\/users\/2"}],"replies":[{"embeddable":true,"href":"https:\/\/minutobahia24h.com.br\/index.php?rest_route=%2Fwp%2Fv2%2Fcomments&post=31167"}],"version-history":[{"count":2,"href":"https:\/\/minutobahia24h.com.br\/index.php?rest_route=\/wp\/v2\/posts\/31167\/revisions"}],"predecessor-version":[{"id":31170,"href":"https:\/\/minutobahia24h.com.br\/index.php?rest_route=\/wp\/v2\/posts\/31167\/revisions\/31170"}],"wp:featuredmedia":[{"embeddable":true,"href":"https:\/\/minutobahia24h.com.br\/index.php?rest_route=\/wp\/v2\/media\/31168"}],"wp:attachment":[{"href":"https:\/\/minutobahia24h.com.br\/index.php?rest_route=%2Fwp%2Fv2%2Fmedia&parent=31167"}],"wp:term":[{"taxonomy":"category","embeddable":true,"href":"https:\/\/minutobahia24h.com.br\/index.php?rest_route=%2Fwp%2Fv2%2Fcategories&post=31167"},{"taxonomy":"post_tag","embeddable":true,"href":"https:\/\/minutobahia24h.com.br\/index.php?rest_route=%2Fwp%2Fv2%2Ftags&post=31167"}],"curies":[{"name":"wp","href":"https:\/\/api.w.org\/{rel}","templated":true}]}}