{"id":31121,"date":"2025-06-23T07:57:29","date_gmt":"2025-06-23T10:57:29","guid":{"rendered":"https:\/\/minutobahia24h.com.br\/?p=31121"},"modified":"2025-06-23T07:57:31","modified_gmt":"2025-06-23T10:57:31","slug":"sao-joao-de-bonfim-gonzagao-se-despede-com-grande-festa-e-praca-nova-segue-no-ritmo-do-forro","status":"publish","type":"post","link":"https:\/\/minutobahia24h.com.br\/?p=31121","title":{"rendered":"S\u00e3o Jo\u00e3o de Bonfim: Gonzag\u00e3o se despede com grande festa e Pra\u00e7a Nova segue no ritmo do forr\u00f3"},"content":{"rendered":"<div class=\"wp-block-image\">\n<figure class=\"aligncenter size-full\"><img data-recalc-dims=\"1\" fetchpriority=\"high\" decoding=\"async\" width=\"731\" height=\"360\" src=\"https:\/\/i0.wp.com\/minutobahia24h.com.br\/wp-content\/uploads\/2025\/06\/Sem-titulo-280.jpg?resize=731%2C360&#038;ssl=1\" alt=\"\" class=\"wp-image-31122\" srcset=\"https:\/\/i0.wp.com\/minutobahia24h.com.br\/wp-content\/uploads\/2025\/06\/Sem-titulo-280.jpg?w=731&amp;ssl=1 731w, https:\/\/i0.wp.com\/minutobahia24h.com.br\/wp-content\/uploads\/2025\/06\/Sem-titulo-280.jpg?resize=300%2C148&amp;ssl=1 300w\" sizes=\"(max-width: 731px) 100vw, 731px\" \/><figcaption class=\"wp-element-caption\"><sub>Ful\u00f4 de Mandacaru e Vitor Fernandes agitam o \u00faltimo dia de programa\u00e7\u00e3o no Espa\u00e7o Gonzag\u00e3o em Senhor do Bonfim \u2013 Fotos: Divulga\u00e7\u00e3o<\/sub><br><\/figcaption><\/figure>\n<\/div>\n\n\n<p>A&nbsp;<em>Capital Baiana do Forr\u00f3<\/em>&nbsp;segue vibrando em clima de festa, tradi\u00e7\u00e3o e muita m\u00fasica! Nesta segunda-feira, 23 de junho, o S\u00e3o Jo\u00e3o de Senhor do Bonfim chega ao seu \u00faltimo dia de programa\u00e7\u00e3o no Espa\u00e7o Gonzag\u00e3o, no Parque da Cidade, e ao pen\u00faltimo dia no Espa\u00e7o Assis do Acordeon, na Pra\u00e7a Nova, reafirmando porque \u00e9 considerado um dos maiores e mais aut\u00eanticos festejos juninos da Bahia.<\/p>\n\n\n\n<p><strong>No Espa\u00e7o Gonzag\u00e3o<\/strong>, o p\u00fablico vai viver uma noite inesquec\u00edvel. Quem abre a programa\u00e7\u00e3o \u00e9&nbsp;<strong>Adriano Lira<\/strong>, \u00e0s 20h30, aquecendo os cora\u00e7\u00f5es forrozeiros. Em seguida, \u00e0s 22h, sobe ao palco o cantor&nbsp;<strong>Pablo<\/strong>, trazendo seu romantismo que j\u00e1 \u00e9 marca registrada. E a festa segue madrugada adentro com&nbsp;<strong>Vitor Fernandes<\/strong>, \u00e0 00h, com seu piseiro contagiante, seguido da energia nordestina da banda Ful\u00f4 de Mandacaru, \u00e0s 02h, e encerrando com o sertanejo de Murilo Huff, \u00e0s 04h.<\/p>\n\n\n\n<p>J\u00e1 no&nbsp;<strong>Espa\u00e7o Assis do Acordeon<\/strong>, a tarde ser\u00e1 dedicada \u00e0 cultura popular, \u00e0 dan\u00e7a e ao forr\u00f3 raiz. A programa\u00e7\u00e3o come\u00e7a cedo, \u00e0s 13h, com a tradicional apresenta\u00e7\u00e3o da&nbsp;<strong>Banda de P\u00edfanos<\/strong>&nbsp;e das&nbsp;<strong>Garotas da Terceira Idade<\/strong>. Logo depois, \u00e0s 13h30, o p\u00fablico poder\u00e1 prestigiar a beleza e o talento do&nbsp;<strong>Ballet Katiane Lima<\/strong>. \u00c0s 14h, o forr\u00f3 come\u00e7a com&nbsp;<strong>Dois Amores<\/strong>, seguido por&nbsp;<strong>Dudu Negreiro<\/strong>, \u00e0s 15h, e o aut\u00eantico forr\u00f3 de&nbsp;<strong>Chambinho<\/strong>, \u00e0s 16h. Fechando a noite com chave de ouro, \u00e0s 18h, o \u00edcone nordestino&nbsp;<strong>Fl\u00e1vio Jos\u00e9<\/strong>&nbsp;promete emocionar os presentes com um show recheado de sucessos e poesia.<\/p>\n\n\n\n<p>\u00c9 o S\u00e3o Jo\u00e3o de Senhor do Bonfim mostrando, mais uma vez, porque \u00e9 conhecido e respeitado como um dos melhores do Brasil. Tradi\u00e7\u00e3o, cultura, alegria e muita m\u00fasica boa para celebrar o pen\u00faltimo dia desta festa que j\u00e1 est\u00e1 na hist\u00f3ria de 2025.<\/p>\n\n\n<div class=\"wp-block-image\">\n<figure class=\"aligncenter\"><a href=\"https:\/\/i0.wp.com\/blogdoeloiltoncajuhy.com.br\/site\/wp-content\/uploads\/2022\/06\/flavio-jose-24062022.jpg\"><img decoding=\"async\" src=\"https:\/\/i0.wp.com\/blogdoeloiltoncajuhy.com.br\/site\/wp-content\/uploads\/2022\/06\/flavio-jose-24062022.jpg?resize=780%2C400\" alt=\"\" class=\"wp-image-66108\"\/><\/a><figcaption class=\"wp-element-caption\"><sub>Fl\u00e1vio Jos\u00e9 ser\u00e1 atra\u00e7\u00e3o desta segunda-feira (23) no Espa\u00e7o Assis do Acordeon, Pra\u00e7a Nova do Congresso \u2013 Foto: Arquivo<\/sub><\/figcaption><\/figure>\n<\/div>","protected":false},"excerpt":{"rendered":"<p>A&nbsp;Capital Baiana do Forr\u00f3&nbsp;segue vibrando em clima de festa, tradi\u00e7\u00e3o e muita m\u00fasica! Nesta segunda-feira, 23 de junho, o S\u00e3o Jo\u00e3o de Senhor do Bonfim chega ao seu \u00faltimo dia de programa\u00e7\u00e3o no Espa\u00e7o Gonzag\u00e3o, no Parque da Cidade, e ao pen\u00faltimo dia no Espa\u00e7o Assis do Acordeon, na Pra\u00e7a Nova, reafirmando porque \u00e9 considerado [&hellip;]<\/p>\n","protected":false},"author":2,"featured_media":31122,"comment_status":"open","ping_status":"open","sticky":false,"template":"","format":"standard","meta":{"_jetpack_memberships_contains_paid_content":false,"footnotes":""},"categories":[3],"tags":[],"class_list":["post-31121","post","type-post","status-publish","format-standard","has-post-thumbnail","hentry","category-regional"],"aioseo_notices":[],"jetpack_featured_media_url":"https:\/\/i0.wp.com\/minutobahia24h.com.br\/wp-content\/uploads\/2025\/06\/Sem-titulo-280.jpg?fit=731%2C360&ssl=1","jetpack_sharing_enabled":true,"_links":{"self":[{"href":"https:\/\/minutobahia24h.com.br\/index.php?rest_route=\/wp\/v2\/posts\/31121","targetHints":{"allow":["GET"]}}],"collection":[{"href":"https:\/\/minutobahia24h.com.br\/index.php?rest_route=\/wp\/v2\/posts"}],"about":[{"href":"https:\/\/minutobahia24h.com.br\/index.php?rest_route=\/wp\/v2\/types\/post"}],"author":[{"embeddable":true,"href":"https:\/\/minutobahia24h.com.br\/index.php?rest_route=\/wp\/v2\/users\/2"}],"replies":[{"embeddable":true,"href":"https:\/\/minutobahia24h.com.br\/index.php?rest_route=%2Fwp%2Fv2%2Fcomments&post=31121"}],"version-history":[{"count":1,"href":"https:\/\/minutobahia24h.com.br\/index.php?rest_route=\/wp\/v2\/posts\/31121\/revisions"}],"predecessor-version":[{"id":31123,"href":"https:\/\/minutobahia24h.com.br\/index.php?rest_route=\/wp\/v2\/posts\/31121\/revisions\/31123"}],"wp:featuredmedia":[{"embeddable":true,"href":"https:\/\/minutobahia24h.com.br\/index.php?rest_route=\/wp\/v2\/media\/31122"}],"wp:attachment":[{"href":"https:\/\/minutobahia24h.com.br\/index.php?rest_route=%2Fwp%2Fv2%2Fmedia&parent=31121"}],"wp:term":[{"taxonomy":"category","embeddable":true,"href":"https:\/\/minutobahia24h.com.br\/index.php?rest_route=%2Fwp%2Fv2%2Fcategories&post=31121"},{"taxonomy":"post_tag","embeddable":true,"href":"https:\/\/minutobahia24h.com.br\/index.php?rest_route=%2Fwp%2Fv2%2Ftags&post=31121"}],"curies":[{"name":"wp","href":"https:\/\/api.w.org\/{rel}","templated":true}]}}