{"id":31112,"date":"2025-06-23T07:45:01","date_gmt":"2025-06-23T10:45:01","guid":{"rendered":"https:\/\/minutobahia24h.com.br\/?p=31112"},"modified":"2025-06-23T07:45:02","modified_gmt":"2025-06-23T10:45:02","slug":"flavio-jose-desabafa-sobre-falta-de-espaco-do-forro-apos-show-em-camacari-estou-aprendendo-a-conviver","status":"publish","type":"post","link":"https:\/\/minutobahia24h.com.br\/?p=31112","title":{"rendered":"Fl\u00e1vio Jos\u00e9 desabafa sobre falta de espa\u00e7o do forr\u00f3 ap\u00f3s show em Cama\u00e7ari: \u201cEstou aprendendo a conviver\u201d"},"content":{"rendered":"<div class=\"wp-block-image\">\n<figure class=\"aligncenter size-full\"><img data-recalc-dims=\"1\" fetchpriority=\"high\" decoding=\"async\" width=\"800\" height=\"450\" src=\"https:\/\/i0.wp.com\/minutobahia24h.com.br\/wp-content\/uploads\/2025\/06\/Sem-titulo-277.jpg?resize=800%2C450&#038;ssl=1\" alt=\"\" class=\"wp-image-31113\" srcset=\"https:\/\/i0.wp.com\/minutobahia24h.com.br\/wp-content\/uploads\/2025\/06\/Sem-titulo-277.jpg?w=800&amp;ssl=1 800w, https:\/\/i0.wp.com\/minutobahia24h.com.br\/wp-content\/uploads\/2025\/06\/Sem-titulo-277.jpg?resize=300%2C169&amp;ssl=1 300w, https:\/\/i0.wp.com\/minutobahia24h.com.br\/wp-content\/uploads\/2025\/06\/Sem-titulo-277.jpg?resize=768%2C432&amp;ssl=1 768w, https:\/\/i0.wp.com\/minutobahia24h.com.br\/wp-content\/uploads\/2025\/06\/Sem-titulo-277.jpg?resize=750%2C422&amp;ssl=1 750w\" sizes=\"(max-width: 800px) 100vw, 800px\" \/><figcaption class=\"wp-element-caption\">Artista revela que, apesar das cr\u00edticas, o Camaforr\u00f3 \u00e9 uma vitrine importante para a m\u00fasica nordestina\u00a0\u00a0|\u00a0\u00a0\u00a0<img decoding=\"async\" width=\"17\" height=\"17\" data-src=\"https:\/\/www.bnews.com.br\/static\/img\/camera_icon.svg\" alt=\"Bnews - Divulga\u00e7\u00e3o\" src=\"data:image\/gif;base64,R0lGODlhAQABAAAAACH5BAEKAAEALAAAAAABAAEAAAICTAEAOw==\" class=\"lazyload\"><noscript><img decoding=\"async\" width=\"17\" height=\"17\" src=\"https:\/\/www.bnews.com.br\/static\/img\/camera_icon.svg\" alt=\"Bnews - Divulga\u00e7\u00e3o\"><\/noscript>\u00a0Reprodu\u00e7\u00e3o\/BNews<br><a href=\"https:\/\/www.bnews.com.br\/autor\/alex-torres\/\"><\/a><\/figcaption><\/figure>\n<\/div>\n\n\n<p>O cantor\u00a0<a href=\"https:\/\/www.bnews.com.br\/noticias\/entretenimento\/flavio-jose-anima-folioes-no-primeiro-dia-de-sao-joao-no-pelourinho.html\" target=\"_blank\" rel=\"noreferrer noopener\">Fl\u00e1vio Jos\u00e9<\/a>, um dos \u00edcones do tradicional forr\u00f3 nordestino, se apresentou neste domingo (22) no Camaforr\u00f3, uma das maiores festas juninas da Regi\u00e3o Metropolitana de Salvador.\u00a0Ap\u00f3s o show, o artista falou com a imprensa e voltou a comentar uma declara\u00e7\u00e3o recente em que diz se sentir \u201cusado\u201d quando o tema \u00e9 o investimento no forr\u00f3 tradicional nas festas de S\u00e3o Jo\u00e3o.<\/p>\n\n\n\n<p>\u201cTodos os anos a gente olha o repert\u00f3rio e v\u00ea o que est\u00e1 de fora. E pensa: \u2018Mas como essa m\u00fasica ficou de fora?\u2019 Mas a\u00ed bate a d\u00favida: \u2018O que vai sair pra essa entrar?\u2019. Ent\u00e3o a gente acaba mantendo\u201d, explicou Fl\u00e1vio, citando m\u00fasicas como Mensageiro e Beija-Fogo, que ele incluiu de forma improvisada no repert\u00f3rio da noite.<\/p>\n\n\n\n<p>Sobre o atual cen\u00e1rio do forr\u00f3, o artista afirmou que pesquisas apontam que o p\u00fablico da m\u00fasica nordestina ainda \u00e9 majorit\u00e1rio, mas que isso pouco se reflete nas programa\u00e7\u00f5es dos eventos:&nbsp;\u201cAt\u00e9 onde vamos entender isso e mudar, eu n\u00e3o sei. Enquanto isso, eu aprendo a conviver\u201d, desabafou.<\/p>\n\n\n\n<p>Apesar das cr\u00edticas, Fl\u00e1vio Jos\u00e9 celebrou a participa\u00e7\u00e3o no Camaforr\u00f3: \u201c\u00c9 uma vitrine maravilhosa. Muitas pessoas estavam esperando esse show. Acho que a gente respondeu bem\u201d, disse.&nbsp;<\/p>\n\n\n\n<p>Aos 70 anos, o cantor revelou que se prepara com cuidados simples para aguentar a maratona de apresenta\u00e7\u00f5es: \u201cO segredo \u00e9 passar o dia calado, dormindo e tomando bastante \u00e1gua at\u00e9 tr\u00eas horas antes do show. Ainda tenho mais dois hoje\u201d.<\/p>\n\n\n\n<p>No fim, ao comentar novamente a sensa\u00e7\u00e3o de ser colocado como um \u201crepresentante \u00fanico\u201d do forr\u00f3 em festas que investem pouco no g\u00eanero, ele lamentou: \u201cO p\u00fablico nosso n\u00e3o vai, fica em casa. A gente canta e ningu\u00e9m nem olha, esperando quem vem depois. Mas estou aprendendo a conviver. Deixa pra l\u00e1 isso a\u00ed\u201d.<\/p>\n\n\n\n<p>bnews<\/p>\n","protected":false},"excerpt":{"rendered":"<p>O cantor\u00a0Fl\u00e1vio Jos\u00e9, um dos \u00edcones do tradicional forr\u00f3 nordestino, se apresentou neste domingo (22) no Camaforr\u00f3, uma das maiores festas juninas da Regi\u00e3o Metropolitana de Salvador.\u00a0Ap\u00f3s o show, o artista falou com a imprensa e voltou a comentar uma declara\u00e7\u00e3o recente em que diz se sentir \u201cusado\u201d quando o tema \u00e9 o investimento no [&hellip;]<\/p>\n","protected":false},"author":2,"featured_media":31113,"comment_status":"open","ping_status":"open","sticky":false,"template":"","format":"standard","meta":{"_jetpack_memberships_contains_paid_content":false,"footnotes":""},"categories":[46],"tags":[],"class_list":["post-31112","post","type-post","status-publish","format-standard","has-post-thumbnail","hentry","category-noticia"],"aioseo_notices":[],"jetpack_featured_media_url":"https:\/\/i0.wp.com\/minutobahia24h.com.br\/wp-content\/uploads\/2025\/06\/Sem-titulo-277.jpg?fit=800%2C450&ssl=1","jetpack_sharing_enabled":true,"_links":{"self":[{"href":"https:\/\/minutobahia24h.com.br\/index.php?rest_route=\/wp\/v2\/posts\/31112","targetHints":{"allow":["GET"]}}],"collection":[{"href":"https:\/\/minutobahia24h.com.br\/index.php?rest_route=\/wp\/v2\/posts"}],"about":[{"href":"https:\/\/minutobahia24h.com.br\/index.php?rest_route=\/wp\/v2\/types\/post"}],"author":[{"embeddable":true,"href":"https:\/\/minutobahia24h.com.br\/index.php?rest_route=\/wp\/v2\/users\/2"}],"replies":[{"embeddable":true,"href":"https:\/\/minutobahia24h.com.br\/index.php?rest_route=%2Fwp%2Fv2%2Fcomments&post=31112"}],"version-history":[{"count":1,"href":"https:\/\/minutobahia24h.com.br\/index.php?rest_route=\/wp\/v2\/posts\/31112\/revisions"}],"predecessor-version":[{"id":31114,"href":"https:\/\/minutobahia24h.com.br\/index.php?rest_route=\/wp\/v2\/posts\/31112\/revisions\/31114"}],"wp:featuredmedia":[{"embeddable":true,"href":"https:\/\/minutobahia24h.com.br\/index.php?rest_route=\/wp\/v2\/media\/31113"}],"wp:attachment":[{"href":"https:\/\/minutobahia24h.com.br\/index.php?rest_route=%2Fwp%2Fv2%2Fmedia&parent=31112"}],"wp:term":[{"taxonomy":"category","embeddable":true,"href":"https:\/\/minutobahia24h.com.br\/index.php?rest_route=%2Fwp%2Fv2%2Fcategories&post=31112"},{"taxonomy":"post_tag","embeddable":true,"href":"https:\/\/minutobahia24h.com.br\/index.php?rest_route=%2Fwp%2Fv2%2Ftags&post=31112"}],"curies":[{"name":"wp","href":"https:\/\/api.w.org\/{rel}","templated":true}]}}