{"id":30984,"date":"2025-06-17T08:00:39","date_gmt":"2025-06-17T11:00:39","guid":{"rendered":"https:\/\/minutobahia24h.com.br\/?p=30984"},"modified":"2025-06-17T08:00:40","modified_gmt":"2025-06-17T11:00:40","slug":"em-declaracao-conjunta-lideres-do-g7-afirmam-que-israel-tem-o-direito-de-se-defender-do-ira-e-falam-em-desescalada-do-conflito","status":"publish","type":"post","link":"https:\/\/minutobahia24h.com.br\/?p=30984","title":{"rendered":"Em declara\u00e7\u00e3o conjunta, l\u00edderes do G7 afirmam que Israel tem o direito de se defender do Ir\u00e3 e falam em desescalada do conflito"},"content":{"rendered":"<div class=\"wp-block-image\">\n<figure class=\"aligncenter size-full\"><img data-recalc-dims=\"1\" fetchpriority=\"high\" decoding=\"async\" width=\"800\" height=\"511\" src=\"https:\/\/i0.wp.com\/minutobahia24h.com.br\/wp-content\/uploads\/2025\/06\/Sem-titulo-250.jpg?resize=800%2C511&#038;ssl=1\" alt=\"\" class=\"wp-image-30985\" srcset=\"https:\/\/i0.wp.com\/minutobahia24h.com.br\/wp-content\/uploads\/2025\/06\/Sem-titulo-250.jpg?w=984&amp;ssl=1 984w, https:\/\/i0.wp.com\/minutobahia24h.com.br\/wp-content\/uploads\/2025\/06\/Sem-titulo-250.jpg?resize=300%2C191&amp;ssl=1 300w, https:\/\/i0.wp.com\/minutobahia24h.com.br\/wp-content\/uploads\/2025\/06\/Sem-titulo-250.jpg?resize=768%2C490&amp;ssl=1 768w, https:\/\/i0.wp.com\/minutobahia24h.com.br\/wp-content\/uploads\/2025\/06\/Sem-titulo-250.jpg?resize=750%2C479&amp;ssl=1 750w\" sizes=\"(max-width: 800px) 100vw, 800px\" \/><figcaption class=\"wp-element-caption\">Pa\u00edses do G7 pedem desescalada do conflito entre Israel e Ir\u00e3 \u2014 Foto: REUTERS\/Suzanne Plunkett\/Pool<br><br><\/figcaption><\/figure>\n<\/div>\n\n\n<p>Os l\u00edderes do G7, reunidos no Canad\u00e1, emitiram uma declara\u00e7\u00e3o conjunta na segunda-feira (16), pelo hor\u00e1rio local \u2014 madrugada da ter\u00e7a, no hor\u00e1rio de Bras\u00edlia \u2014 pedindo uma &#8220;desescalada&#8221; das tens\u00f5es entre Ir\u00e3 e Israel no Oriente M\u00e9dio.<\/p>\n\n\n\n<p>No documento, segundo a Aghence France Presse (AFP), os pa\u00edses tamb\u00e9m destacaram que Israel tem o direito de se defender na crescente crise militar com o Ir\u00e3.<\/p>\n\n\n\n<blockquote class=\"wp-block-quote is-layout-flow wp-block-quote-is-layout-flow\">\n<p>&#8220;Afirmamos que Israel tem o direito de se defender&#8221;, diz o texto. &#8220;Deixamos claro em todos os momentos que o Ir\u00e3 nunca poder\u00e1 ter uma arma nuclear.&#8221;<\/p>\n<\/blockquote>\n\n\n\n<blockquote class=\"wp-block-quote is-layout-flow wp-block-quote-is-layout-flow\">\n<p>&#8220;Exortamos para que a resolu\u00e7\u00e3o da crise iraniana leve a uma desescalada mais ampla dos conflitos no Oriente M\u00e9dio, incluindo um cessar-fogo em Gaza&#8221;, acrescentaram os l\u00edderes do grupo.<\/p>\n<\/blockquote>\n\n\n\n<p>Ainda segundo a AFP, o documento foi assinado por Donald Trump.&nbsp;<a class=\"\" href=\"https:\/\/g1.globo.com\/mundo\/noticia\/2025\/06\/16\/trump-deixa-reuniao-g7.ghtml\">O presidente dos Estados Unidos anunciou, na noite desta segunda-feira, que deixaria a reuni\u00e3o mais cedo.&nbsp;<\/a>Segundo a Associated Press, o republicano j\u00e1 saiu do Canad\u00e1.<\/p>\n\n\n\n<blockquote class=\"wp-block-quote is-layout-flow wp-block-quote-is-layout-flow\">\n<p>&#8220;Eu tenho que voltar por motivos \u00f3bvios&#8221;, disse.<\/p>\n<\/blockquote>\n\n\n\n<p>Em comunicado, a porta-voz a Casa Branca, Karoline Leavitt, disse que o republicano voltaria aos EUA para &#8220;resolver assuntos muito importantes&#8221;.<\/p>\n\n\n\n<p>Os l\u00edderes do G7 (Reino Unido, Canad\u00e1, Fran\u00e7a, Alemanha, It\u00e1lia, Jap\u00e3o e EUA) iniciaram nesta segunda (16) a reuni\u00e3o do grupo, que acontece no Canad\u00e1. O encontro tem a participa\u00e7\u00e3o da Uni\u00e3o Europeia e durar\u00e1 at\u00e9 ter\u00e7a-feira (17).<\/p>\n\n\n\n<p>Com a escalada do conflito entre Israel e Ir\u00e3, a c\u00fapula no Canad\u00e1 \u00e9 vista como um momento vital para tentar restaurar uma apar\u00eancia de unidade entre as pot\u00eancias democr\u00e1ticas.<\/p>\n\n\n\n<h2 class=\"wp-block-heading\">O conflito<\/h2>\n\n\n\n<p>Na madrugada desta segunda (16), ataques do ir\u00e3 em Israel deixaram oito mortos e mais de cem feridos. Desde o in\u00edcio das ofensivas, na quinta-feira (12), 22 pessoas morreram em Israel e 224 no ir\u00e3.<\/p>\n\n\n\n<p>Durante o dia, novos ataques de Israel atingiram uma rede de televis\u00e3o estatal e mataram ma funcion\u00e1ria. Em outra ofensiva, tr\u00eas socorristas morreram em Teer\u00e3. Na noite da segunda (16), explos\u00f5es foram reportadas na capital iraniana.<\/p>\n","protected":false},"excerpt":{"rendered":"<p>Os l\u00edderes do G7, reunidos no Canad\u00e1, emitiram uma declara\u00e7\u00e3o conjunta na segunda-feira (16), pelo hor\u00e1rio local \u2014 madrugada da ter\u00e7a, no hor\u00e1rio de Bras\u00edlia \u2014 pedindo uma &#8220;desescalada&#8221; das tens\u00f5es entre Ir\u00e3 e Israel no Oriente M\u00e9dio. No documento, segundo a Aghence France Presse (AFP), os pa\u00edses tamb\u00e9m destacaram que Israel tem o direito [&hellip;]<\/p>\n","protected":false},"author":2,"featured_media":30985,"comment_status":"open","ping_status":"open","sticky":false,"template":"","format":"standard","meta":{"_jetpack_memberships_contains_paid_content":false,"footnotes":""},"categories":[15],"tags":[],"class_list":["post-30984","post","type-post","status-publish","format-standard","has-post-thumbnail","hentry","category-mundo"],"aioseo_notices":[],"jetpack_featured_media_url":"https:\/\/i0.wp.com\/minutobahia24h.com.br\/wp-content\/uploads\/2025\/06\/Sem-titulo-250.jpg?fit=984%2C628&ssl=1","jetpack_sharing_enabled":true,"_links":{"self":[{"href":"https:\/\/minutobahia24h.com.br\/index.php?rest_route=\/wp\/v2\/posts\/30984","targetHints":{"allow":["GET"]}}],"collection":[{"href":"https:\/\/minutobahia24h.com.br\/index.php?rest_route=\/wp\/v2\/posts"}],"about":[{"href":"https:\/\/minutobahia24h.com.br\/index.php?rest_route=\/wp\/v2\/types\/post"}],"author":[{"embeddable":true,"href":"https:\/\/minutobahia24h.com.br\/index.php?rest_route=\/wp\/v2\/users\/2"}],"replies":[{"embeddable":true,"href":"https:\/\/minutobahia24h.com.br\/index.php?rest_route=%2Fwp%2Fv2%2Fcomments&post=30984"}],"version-history":[{"count":1,"href":"https:\/\/minutobahia24h.com.br\/index.php?rest_route=\/wp\/v2\/posts\/30984\/revisions"}],"predecessor-version":[{"id":30986,"href":"https:\/\/minutobahia24h.com.br\/index.php?rest_route=\/wp\/v2\/posts\/30984\/revisions\/30986"}],"wp:featuredmedia":[{"embeddable":true,"href":"https:\/\/minutobahia24h.com.br\/index.php?rest_route=\/wp\/v2\/media\/30985"}],"wp:attachment":[{"href":"https:\/\/minutobahia24h.com.br\/index.php?rest_route=%2Fwp%2Fv2%2Fmedia&parent=30984"}],"wp:term":[{"taxonomy":"category","embeddable":true,"href":"https:\/\/minutobahia24h.com.br\/index.php?rest_route=%2Fwp%2Fv2%2Fcategories&post=30984"},{"taxonomy":"post_tag","embeddable":true,"href":"https:\/\/minutobahia24h.com.br\/index.php?rest_route=%2Fwp%2Fv2%2Ftags&post=30984"}],"curies":[{"name":"wp","href":"https:\/\/api.w.org\/{rel}","templated":true}]}}