{"id":30978,"date":"2025-06-17T07:56:53","date_gmt":"2025-06-17T10:56:53","guid":{"rendered":"https:\/\/minutobahia24h.com.br\/?p=30978"},"modified":"2025-06-17T07:56:55","modified_gmt":"2025-06-17T10:56:55","slug":"oab-abre-processo-que-pode-cassar-registro-de-marcelo-bretas-como-advogado","status":"publish","type":"post","link":"https:\/\/minutobahia24h.com.br\/?p=30978","title":{"rendered":"OAB abre processo que pode cassar registro de Marcelo Bretas como advogado"},"content":{"rendered":"<div class=\"wp-block-image\">\n<figure class=\"aligncenter size-full\"><img data-recalc-dims=\"1\" fetchpriority=\"high\" decoding=\"async\" width=\"600\" height=\"420\" src=\"https:\/\/i0.wp.com\/minutobahia24h.com.br\/wp-content\/uploads\/2025\/06\/Sem-titulo-248.jpg?resize=600%2C420&#038;ssl=1\" alt=\"\" class=\"wp-image-30979\" srcset=\"https:\/\/i0.wp.com\/minutobahia24h.com.br\/wp-content\/uploads\/2025\/06\/Sem-titulo-248.jpg?w=600&amp;ssl=1 600w, https:\/\/i0.wp.com\/minutobahia24h.com.br\/wp-content\/uploads\/2025\/06\/Sem-titulo-248.jpg?resize=300%2C210&amp;ssl=1 300w\" sizes=\"(max-width: 600px) 100vw, 600px\" \/><figcaption class=\"wp-element-caption\">Foto: Tomaz Silva\/ Ag\u00eancia Brasil)<br><\/figcaption><\/figure>\n<\/div>\n\n\n<p>O Conselho Federal da Ordem dos Advogados do Brasil (OAB) decidiu, por unanimidade, abrir um procedimento que pode cassar o registro profissional do ex-juiz federal Marcelo Bretas, impedindo-o de exercer a advocacia. A decis\u00e3o foi tomada nesta segunda-feira (16), durante sess\u00e3o do Conselho Pleno da entidade.<\/p>\n\n\n\n<p>Com a instaura\u00e7\u00e3o do processo, Bretas ser\u00e1 inclu\u00eddo no Registro Nacional de Viola\u00e7\u00f5es de Prerrogativas da Advocacia, etapa que pode resultar na sua exclus\u00e3o definitiva dos quadros da OAB. O ex-magistrado, que atuava na 7\u00aa Vara Federal Criminal do Rio de Janeiro, foi um dos principais nomes da Opera\u00e7\u00e3o Lava Jato no estado.<\/p>\n\n\n\n<p>\u201c\u00c9 um exemplo dado ao Brasil e a todos aqueles que tentam violar as prerrogativas\u201d, declarou o presidente nacional da OAB, Beto Simonetti, ao comentar a decis\u00e3o do conselho.<\/p>\n\n\n\n<p>No in\u00edcio do m\u00eas, no dia 3 de junho, o Conselho Nacional de Justi\u00e7a (CNJ) j\u00e1 havia condenado Bretas \u00e0 aposentadoria compuls\u00f3ria, a puni\u00e7\u00e3o m\u00e1xima na esfera administrativa do Judici\u00e1rio. Os conselheiros entenderam que ele cometeu irregularidades no andamento de processos da Lava Jato. Desde fevereiro de 2023, Bretas j\u00e1 estava afastado de suas fun\u00e7\u00f5es por decis\u00e3o do pr\u00f3prio CNJ.<\/p>\n\n\n\n<p>Bahia.ba<\/p>\n","protected":false},"excerpt":{"rendered":"<p>O Conselho Federal da Ordem dos Advogados do Brasil (OAB) decidiu, por unanimidade, abrir um procedimento que pode cassar o registro profissional do ex-juiz federal Marcelo Bretas, impedindo-o de exercer a advocacia. A decis\u00e3o foi tomada nesta segunda-feira (16), durante sess\u00e3o do Conselho Pleno da entidade. Com a instaura\u00e7\u00e3o do processo, Bretas ser\u00e1 inclu\u00eddo no [&hellip;]<\/p>\n","protected":false},"author":2,"featured_media":30979,"comment_status":"open","ping_status":"open","sticky":false,"template":"","format":"standard","meta":{"_jetpack_memberships_contains_paid_content":false,"footnotes":""},"categories":[23],"tags":[],"class_list":["post-30978","post","type-post","status-publish","format-standard","has-post-thumbnail","hentry","category-justica"],"aioseo_notices":[],"jetpack_featured_media_url":"https:\/\/i0.wp.com\/minutobahia24h.com.br\/wp-content\/uploads\/2025\/06\/Sem-titulo-248.jpg?fit=600%2C420&ssl=1","jetpack_sharing_enabled":true,"_links":{"self":[{"href":"https:\/\/minutobahia24h.com.br\/index.php?rest_route=\/wp\/v2\/posts\/30978","targetHints":{"allow":["GET"]}}],"collection":[{"href":"https:\/\/minutobahia24h.com.br\/index.php?rest_route=\/wp\/v2\/posts"}],"about":[{"href":"https:\/\/minutobahia24h.com.br\/index.php?rest_route=\/wp\/v2\/types\/post"}],"author":[{"embeddable":true,"href":"https:\/\/minutobahia24h.com.br\/index.php?rest_route=\/wp\/v2\/users\/2"}],"replies":[{"embeddable":true,"href":"https:\/\/minutobahia24h.com.br\/index.php?rest_route=%2Fwp%2Fv2%2Fcomments&post=30978"}],"version-history":[{"count":1,"href":"https:\/\/minutobahia24h.com.br\/index.php?rest_route=\/wp\/v2\/posts\/30978\/revisions"}],"predecessor-version":[{"id":30980,"href":"https:\/\/minutobahia24h.com.br\/index.php?rest_route=\/wp\/v2\/posts\/30978\/revisions\/30980"}],"wp:featuredmedia":[{"embeddable":true,"href":"https:\/\/minutobahia24h.com.br\/index.php?rest_route=\/wp\/v2\/media\/30979"}],"wp:attachment":[{"href":"https:\/\/minutobahia24h.com.br\/index.php?rest_route=%2Fwp%2Fv2%2Fmedia&parent=30978"}],"wp:term":[{"taxonomy":"category","embeddable":true,"href":"https:\/\/minutobahia24h.com.br\/index.php?rest_route=%2Fwp%2Fv2%2Fcategories&post=30978"},{"taxonomy":"post_tag","embeddable":true,"href":"https:\/\/minutobahia24h.com.br\/index.php?rest_route=%2Fwp%2Fv2%2Ftags&post=30978"}],"curies":[{"name":"wp","href":"https:\/\/api.w.org\/{rel}","templated":true}]}}