{"id":30960,"date":"2025-06-17T07:43:46","date_gmt":"2025-06-17T10:43:46","guid":{"rendered":"https:\/\/minutobahia24h.com.br\/?p=30960"},"modified":"2025-06-17T07:43:48","modified_gmt":"2025-06-17T10:43:48","slug":"governo-do-estado-vai-ampliar-esgotamento-sanitario-e-abastecimento-de-agua-em-feira-de-santana","status":"publish","type":"post","link":"https:\/\/minutobahia24h.com.br\/?p=30960","title":{"rendered":"Governo do estado vai ampliar esgotamento sanit\u00e1rio e abastecimento de \u00e1gua em Feira de Santana"},"content":{"rendered":"<div class=\"wp-block-image\">\n<figure class=\"aligncenter size-full\"><img data-recalc-dims=\"1\" fetchpriority=\"high\" decoding=\"async\" width=\"598\" height=\"420\" src=\"https:\/\/i0.wp.com\/minutobahia24h.com.br\/wp-content\/uploads\/2025\/06\/Sem-titulo-242.jpg?resize=598%2C420&#038;ssl=1\" alt=\"\" class=\"wp-image-30961\" srcset=\"https:\/\/i0.wp.com\/minutobahia24h.com.br\/wp-content\/uploads\/2025\/06\/Sem-titulo-242.jpg?w=598&amp;ssl=1 598w, https:\/\/i0.wp.com\/minutobahia24h.com.br\/wp-content\/uploads\/2025\/06\/Sem-titulo-242.jpg?resize=300%2C211&amp;ssl=1 300w\" sizes=\"(max-width: 598px) 100vw, 598px\" \/><figcaption class=\"wp-element-caption\">Foto: Wuiga Rubini\/GOVBA<br><\/figcaption><\/figure>\n<\/div>\n\n\n<p>Feira de Santana vai receber um pacote de obras importantes na sua infraestrutura h\u00eddrica. Durante reuni\u00e3o nesta segunda-feira (16), em Salvador, com prefeito Z\u00e9 Ronaldo (Uni\u00e3o Brasil), o governador Jer\u00f4nimo Rodrigues (PT), autorizou o in\u00edcio da licita\u00e7\u00e3o para ampliar o Sistema de Esgotamento Sanit\u00e1rio (SES) na Avenida Art\u00eamia Pires, al\u00e9m de outras interven\u00e7\u00f5es nos distritos de Humildes, Bonfim de Feira e Maria Quit\u00e9ria, e em localidades da zona rural.<\/p>\n\n\n\n<p>\u201cContrato feito com a prefeitura para concess\u00e3o de investimentos na \u00e1rea de saneamento e esgoto, para que a gente chegue \u00e0 universaliza\u00e7\u00e3o do esgotamento sanit\u00e1rio e manter o que n\u00f3s hoje temos de praticamente 100% de abastecimento de \u00e1gua. Ent\u00e3o, a nossa responsabilidade \u00e9 manter at\u00e9 2050 todo esse compromisso dos investimentos\u201d, afirmou o chefe do Executivo estadual.<\/p>\n\n\n\n<p>Na ocasi\u00e3o, foi assinado o aditivo ao contrato de concess\u00e3o dos servi\u00e7os de abastecimento de \u00e1gua e esgotamento sanit\u00e1rio do munic\u00edpio at\u00e9 2050, com previs\u00e3o de investimento total na ordem de R$1,3 bilh\u00e3o. A obra de amplia\u00e7\u00e3o do esgotamento sanit\u00e1rio ser\u00e1 realizada pela Empresa Baiana de \u00c1guas e Saneamento (Embasa), vinculada \u00e0 Secretaria de Infraestrutura H\u00eddrica e Saneamento (SIHS).<\/p>\n\n\n\n<p>\u201cEssas obras s\u00f3 s\u00e3o poss\u00edveis com a sintonia e essa parceria. N\u00f3s estamos aqui, realizando esse projeto ao lado da Embase e do governo estadual para atender a demanda. Esgotamento sanit\u00e1rio, amplia\u00e7\u00e3o do sistema de abastecimento de \u00e1gua n\u00f3s s\u00f3 podemos fazer justamente com essa parceria\u201d, comentou Z\u00e9 Ronaldo.<\/p>\n\n\n\n<p>A amplia\u00e7\u00e3o do SES na regi\u00e3o da Art\u00eamia Pires faz parte do projeto Bacia do Rio Pojuca. Nessa primeira etapa da obra, ser\u00e3o implantados 13,7 quil\u00f4metros de rede coletora de esgoto, beneficiando mais de 21 mil moradores da regi\u00e3o. O investimento \u00e9 de R$ 20 milh\u00f5es. J\u00e1 a licita\u00e7\u00e3o para o projeto de esgotamento do distrito de Humildes, Maria Quit\u00e9ria e Bonfim de Feira tem previs\u00e3o de investimento de R$ 500 mil. No setor de abastecimento, foi autorizada a extens\u00e3o de rede para as localidades de Bebedouro, Osmundo e Honorato, or\u00e7ado em R$ 877 mil. Foi anunciado ainda o projeto de amplia\u00e7\u00e3o da rede nas comunidades de Rio do Peixe, Sete Portas e Barra de Jaguara, no valor de R$ 140 mil.<\/p>\n\n\n\n<p>A Embasa ainda realiza na cidade a amplia\u00e7\u00e3o do Sistema Produtor e Adutor do Sistema Integrado de Abastecimento de \u00c1gua (SIAA), que vai beneficiar 87 localidades nos munic\u00edpios de Concei\u00e7\u00e3o de Feira, Feira de Santana, S\u00e3o Gon\u00e7alo, Santan\u00f3polis, Santa B\u00e1rbara e Tanquinho. O investimento global nesta interven\u00e7\u00e3o chega a R$ 339 milh\u00f5es.<\/p>\n\n\n\n<p>Atualmente 616 mil pessoas s\u00e3o atendidas pela Embasa em Feira de Santana, sendo 99% da popula\u00e7\u00e3o urbana tem acesso a \u00e1gua e 64% \u00e9 atendida com coleta de esgoto.<\/p>\n\n\n\n<p>Bahia.ba<\/p>\n\n\n\n<p><\/p>\n","protected":false},"excerpt":{"rendered":"<p>Feira de Santana vai receber um pacote de obras importantes na sua infraestrutura h\u00eddrica. Durante reuni\u00e3o nesta segunda-feira (16), em Salvador, com prefeito Z\u00e9 Ronaldo (Uni\u00e3o Brasil), o governador Jer\u00f4nimo Rodrigues (PT), autorizou o in\u00edcio da licita\u00e7\u00e3o para ampliar o Sistema de Esgotamento Sanit\u00e1rio (SES) na Avenida Art\u00eamia Pires, al\u00e9m de outras interven\u00e7\u00f5es nos distritos [&hellip;]<\/p>\n","protected":false},"author":2,"featured_media":30961,"comment_status":"open","ping_status":"open","sticky":false,"template":"","format":"standard","meta":{"_jetpack_memberships_contains_paid_content":false,"footnotes":""},"categories":[3],"tags":[],"class_list":["post-30960","post","type-post","status-publish","format-standard","has-post-thumbnail","hentry","category-regional"],"aioseo_notices":[],"jetpack_featured_media_url":"https:\/\/i0.wp.com\/minutobahia24h.com.br\/wp-content\/uploads\/2025\/06\/Sem-titulo-242.jpg?fit=598%2C420&ssl=1","jetpack_sharing_enabled":true,"_links":{"self":[{"href":"https:\/\/minutobahia24h.com.br\/index.php?rest_route=\/wp\/v2\/posts\/30960","targetHints":{"allow":["GET"]}}],"collection":[{"href":"https:\/\/minutobahia24h.com.br\/index.php?rest_route=\/wp\/v2\/posts"}],"about":[{"href":"https:\/\/minutobahia24h.com.br\/index.php?rest_route=\/wp\/v2\/types\/post"}],"author":[{"embeddable":true,"href":"https:\/\/minutobahia24h.com.br\/index.php?rest_route=\/wp\/v2\/users\/2"}],"replies":[{"embeddable":true,"href":"https:\/\/minutobahia24h.com.br\/index.php?rest_route=%2Fwp%2Fv2%2Fcomments&post=30960"}],"version-history":[{"count":1,"href":"https:\/\/minutobahia24h.com.br\/index.php?rest_route=\/wp\/v2\/posts\/30960\/revisions"}],"predecessor-version":[{"id":30962,"href":"https:\/\/minutobahia24h.com.br\/index.php?rest_route=\/wp\/v2\/posts\/30960\/revisions\/30962"}],"wp:featuredmedia":[{"embeddable":true,"href":"https:\/\/minutobahia24h.com.br\/index.php?rest_route=\/wp\/v2\/media\/30961"}],"wp:attachment":[{"href":"https:\/\/minutobahia24h.com.br\/index.php?rest_route=%2Fwp%2Fv2%2Fmedia&parent=30960"}],"wp:term":[{"taxonomy":"category","embeddable":true,"href":"https:\/\/minutobahia24h.com.br\/index.php?rest_route=%2Fwp%2Fv2%2Fcategories&post=30960"},{"taxonomy":"post_tag","embeddable":true,"href":"https:\/\/minutobahia24h.com.br\/index.php?rest_route=%2Fwp%2Fv2%2Ftags&post=30960"}],"curies":[{"name":"wp","href":"https:\/\/api.w.org\/{rel}","templated":true}]}}