{"id":30944,"date":"2025-06-17T07:32:04","date_gmt":"2025-06-17T10:32:04","guid":{"rendered":"https:\/\/minutobahia24h.com.br\/?p=30944"},"modified":"2025-06-17T07:32:06","modified_gmt":"2025-06-17T10:32:06","slug":"estado-lanca-campanha-de-combate-as-ists-no-sao-joao","status":"publish","type":"post","link":"https:\/\/minutobahia24h.com.br\/?p=30944","title":{"rendered":"Estado lan\u00e7a campanha de combate \u00e0s ISTs no S\u00e3o Jo\u00e3o"},"content":{"rendered":"<div class=\"wp-block-image\">\n<figure class=\"aligncenter size-full\"><img data-recalc-dims=\"1\" fetchpriority=\"high\" decoding=\"async\" width=\"800\" height=\"600\" src=\"https:\/\/i0.wp.com\/minutobahia24h.com.br\/wp-content\/uploads\/2025\/06\/Sem-titulo-238.jpg?resize=800%2C600&#038;ssl=1\" alt=\"\" class=\"wp-image-30945\" srcset=\"https:\/\/i0.wp.com\/minutobahia24h.com.br\/wp-content\/uploads\/2025\/06\/Sem-titulo-238.jpg?w=960&amp;ssl=1 960w, https:\/\/i0.wp.com\/minutobahia24h.com.br\/wp-content\/uploads\/2025\/06\/Sem-titulo-238.jpg?resize=300%2C225&amp;ssl=1 300w, https:\/\/i0.wp.com\/minutobahia24h.com.br\/wp-content\/uploads\/2025\/06\/Sem-titulo-238.jpg?resize=768%2C576&amp;ssl=1 768w, https:\/\/i0.wp.com\/minutobahia24h.com.br\/wp-content\/uploads\/2025\/06\/Sem-titulo-238.jpg?resize=750%2C563&amp;ssl=1 750w\" sizes=\"(max-width: 800px) 100vw, 800px\" \/><figcaption class=\"wp-element-caption\">Testes r\u00e1pidos de ISTs estar\u00e3o dispon\u00edveis &#8211;\u00a0Foto: Leonardo Rattes \/ Sa\u00fade GovBA<br><br><\/figcaption><\/figure>\n<\/div>\n\n\n<p>Pelo terceiro ano consecutivo, as cidades que recebem as mais importantes festas de S\u00e3o Jo\u00e3o da Bahia ter\u00e3o postos e estandes de testagem r\u00e1pida de Infec\u00e7\u00f5es Sexualmente Transmiss\u00edveis (ISTs), al\u00e9m de ampla distribui\u00e7\u00e3o de preservativos masculinos e femininos. Este ano, ser\u00e3o 13 postos e estandes pelo Estado, parte da estrat\u00e9gia elaborada pela Secretaria de Sa\u00fade da Bahia (Sesab) para os festejos juninos, que vai contar com investimento total de mais de R$ 12 milh\u00f5es.<\/p>\n\n\n\n<p>Com funcionamento de 18 a 23 de junho, o estande montado em Salvador atender\u00e1 o p\u00fablico que for curtir a festa no Parque de Exposi\u00e7\u00f5es. J\u00e1 em Cruz das Almas, Amargosa, Santo Ant\u00f4nio de Jesus e Ibicu\u00ed, os estandes v\u00e3o funcionar de 19 a 24 de junho, enquanto em Alagoinhas e Irec\u00ea, os postos de testagem funcionar\u00e3o de 19 a 23. Em Senhor do Bonfim, o funcionamento ser\u00e1 de 19 a 25 de junho, enquanto em Cama\u00e7ari e Itaberaba, ser\u00e1 entre os dias 20 a 23 e, em Jequi\u00e9, entre 20 e 24.<\/p>\n\n\n\n<p>Em Cachoeira, o estande estar\u00e1 pronto para o p\u00fablico no dia 21 e mant\u00e9m atendimento at\u00e9 o dia 25. J\u00e1 em Itabuna, os atendimentos ser\u00e3o durante os festejos de S\u00e3o Pedro, de 26 a 29 de junho. Os estandes contar\u00e3o com equipes multidisciplinares formadas por assistente social, enfermeiras, farmac\u00eauticos, psic\u00f3logos, m\u00e9dicos, biom\u00e9dicos, fisioterapeutas, sanitaristas, motoristas e assistentes administrativos.<\/p>\n\n\n<div class=\"wp-block-image\">\n<figure class=\"aligncenter\"><img data-recalc-dims=\"1\" decoding=\"async\" data-src=\"https:\/\/i0.wp.com\/cdn.atarde.com.br\/img\/inline\/1330000\/724x0\/Estado-lanca-campanha-de-combate-as-ISTs-no-Sao-Jo0133081100202506131756-1.webp?w=800&#038;ssl=1\" alt=\"Preservativos ser\u00e3o distribu\u00eddos\" src=\"data:image\/gif;base64,R0lGODlhAQABAAAAACH5BAEKAAEALAAAAAABAAEAAAICTAEAOw==\" class=\"lazyload\" \/><noscript><img data-recalc-dims=\"1\" decoding=\"async\" src=\"https:\/\/i0.wp.com\/cdn.atarde.com.br\/img\/inline\/1330000\/724x0\/Estado-lanca-campanha-de-combate-as-ISTs-no-Sao-Jo0133081100202506131756-1.webp?w=800&#038;ssl=1\" alt=\"Preservativos ser\u00e3o distribu\u00eddos\"\/><\/noscript><\/figure>\n<\/div>\n\n\n<p>Preservativos ser\u00e3o distribu\u00eddos&nbsp;| Foto: Leonardo Rattes \/ Sa\u00fade GovBA<\/p>\n\n\n\n<p>Nos locais, ser\u00e1 poss\u00edvel realizar testes r\u00e1pidos para a detec\u00e7\u00e3o de HIV, S\u00edfilis e Hepatites B e C e ter acesso \u00e0 distribui\u00e7\u00e3o de preservativos femininos e masculinos, al\u00e9m de aconselhamento sobre preven\u00e7\u00e3o, sexo seguro e tamb\u00e9m encaminhamento para tratamento, no caso de testes positivos.<\/p>\n\n\n\n<h2 class=\"wp-block-heading\">Seguran\u00e7a<\/h2>\n\n\n\n<p>De acordo com a Sesab, este \u00e9 o terceiro ano consecutivo em que a estrat\u00e9gia de testagem de ISTs est\u00e1 sendo realizada durante os festejos de S\u00e3o Jo\u00e3o. Dados da pasta apontam que, em 2024, foram realizados 20 mil testes r\u00e1pidos nas sete cidades onde os estandes foram montados. Deste total, 21 foram positivos para HIV, 4 para Hepatite B, 13 para Hepatite C e para S\u00edfilis foram 209 testes reagentes.<\/p>\n\n\n\n<p>Para a secret\u00e1ria estadual da Sa\u00fade, Roberta Santana, a a\u00e7\u00e3o de testagem contribui de forma positiva para quebrar o ciclo de transmiss\u00e3o das ISTs. \u201cAs a\u00e7\u00f5es de testagem de IST dentro das festividades de sete dos principais polos juninos do Estado contribuem efetivamente para quebrarmos o ciclo de transmiss\u00e3o dessas infec\u00e7\u00f5es\u201d, afirma. \u201cPor isso, convidamos a popula\u00e7\u00e3o a realizar esses exames. \u00c9 r\u00e1pido e deixa o S\u00e3o Jo\u00e3o muito mais seguro.\u201d<\/p>\n\n\n\n<p>Al\u00e9m de serem entregues nos postos de testagem, cerca de 1 milh\u00e3o de preservativos ser\u00e3o distribu\u00eddos em diversos munic\u00edpios baianos, em locais de grande concentra\u00e7\u00e3o de pessoas. Durante as festas, promotores far\u00e3o a entrega das camisinhas e panfletos com informa\u00e7\u00f5es sobre preven\u00e7\u00e3o e orienta\u00e7\u00e3o.<\/p>\n\n\n<div class=\"wp-block-image\">\n<figure class=\"aligncenter\"><img data-recalc-dims=\"1\" decoding=\"async\" data-src=\"https:\/\/i0.wp.com\/cdn.atarde.com.br\/img\/inline\/1330000\/724x0\/Estado-lanca-campanha-de-combate-as-ISTs-no-Sao-Jo0133081101202506131756-1.webp?w=800&#038;ssl=1\" alt=\"Estado lan\u00e7a campanha de combate \u00e0s ISTs no S\u00e3o Jo\u00e3o\" src=\"data:image\/gif;base64,R0lGODlhAQABAAAAACH5BAEKAAEALAAAAAABAAEAAAICTAEAOw==\" class=\"lazyload\" \/><noscript><img data-recalc-dims=\"1\" decoding=\"async\" src=\"https:\/\/i0.wp.com\/cdn.atarde.com.br\/img\/inline\/1330000\/724x0\/Estado-lanca-campanha-de-combate-as-ISTs-no-Sao-Jo0133081101202506131756-1.webp?w=800&#038;ssl=1\" alt=\"Estado lan\u00e7a campanha de combate \u00e0s ISTs no S\u00e3o Jo\u00e3o\"\/><\/noscript><\/figure>\n<\/div>\n\n\n<p>Estado lan\u00e7a campanha de combate \u00e0s ISTs no S\u00e3o Jo\u00e3o&nbsp;| Foto: Leonardo Rattes \/ Sa\u00fade GovBA<\/p>\n\n\n\n<p>Para a coordenadora de Doen\u00e7as e Agravos Transmiss\u00edveis da Sesab, Eleuzina Falc\u00e3o, os postos s\u00e3o importantes n\u00e3o somente pelas testagens, mas tamb\u00e9m por todo o trabalho de alerta para a preven\u00e7\u00e3o de ISTs. \u201cNosso objetivo \u00e9 alertar baianos e turistas sobre a import\u00e2ncia da preven\u00e7\u00e3o contra infec\u00e7\u00f5es sexualmente transmiss\u00edveis e a pr\u00e1tica do sexo seguro\u201d, destaca.<\/p>\n\n\n\n<p>A infectologista e diretora-m\u00e9dica do Instituto Couto Maia, Alice Sena, chama a aten\u00e7\u00e3o para a import\u00e2ncia do uso de preservativos em todas as rela\u00e7\u00f5es. \u201cO alerta que eu fa\u00e7o para a popula\u00e7\u00e3o \u00e9 utilizar um jarg\u00e3o muito comum: quem v\u00ea cara, n\u00e3o v\u00ea status de infec\u00e7\u00e3o. N\u00e3o podemos confiar na apar\u00eancia da pessoa, n\u00e3o podemos confiar no discurso de ser uma pessoa que tem pr\u00e1ticas sexuais seguras, que faz uso de preservativo, que tem um n\u00famero limitado de parceiros, \u00e9 necess\u00e1rio que o uso do preservativo seja institu\u00eddo.\u201d<\/p>\n\n\n\n<p>Juliana Amado conta que testou positivo para S\u00edfilis no S\u00e3o Jo\u00e3o do ano passado e que ficou abalada emocionalmente por ter confiado na pessoa errada, mas ao saber do tratamento, buscou orienta\u00e7\u00e3o e tomou a dose de ataque. \u201c\u00c9 essencial seguir o tratamento certinho\u201d, relata. \u201cAl\u00e9m de aliviar os sintomas, ele evita que a IST se espalhe ou cause outras complica\u00e7\u00f5es. No meu caso, seguir a orienta\u00e7\u00e3o m\u00e9dica fez toda a diferen\u00e7a.\u201d\u201d<\/p>\n\n\n\n<p>Alice Sena \u00e9 taxativa ao afirmar que as medidas de preven\u00e7\u00e3o devem ser mantidas mesmo que a infec\u00e7\u00e3o n\u00e3o seja visualmente percept\u00edvel. \u201cOs agentes que s\u00e3o causadores de ISTs podem estar na fase de lat\u00eancia, uma fase que \u00e9 silenciosa, em que n\u00e3o existem sintomas aparentes da infec\u00e7\u00e3o, mas existe o risco de transmissibilidade \u2013 ent\u00e3o, \u00e9 necess\u00e1rio que todas as medidas sejam mantidas para evitar a transmiss\u00e3o dessas doen\u00e7as.\u201d<\/p>\n\n\n<div class=\"wp-block-image\">\n<figure class=\"aligncenter\"><img data-recalc-dims=\"1\" decoding=\"async\" data-src=\"https:\/\/i0.wp.com\/cdn.atarde.com.br\/img\/inline\/1330000\/724x0\/Estado-lanca-campanha-de-combate-as-ISTs-no-Sao-Jo0133081102202506131756-1.webp?w=800&#038;ssl=1\" alt=\"Nos locais, ser\u00e1 poss\u00edvel realizar testes r\u00e1pidos para a detec\u00e7\u00e3o de HIV, S\u00edfilis e Hepatites B e C\" src=\"data:image\/gif;base64,R0lGODlhAQABAAAAACH5BAEKAAEALAAAAAABAAEAAAICTAEAOw==\" class=\"lazyload\" \/><noscript><img data-recalc-dims=\"1\" decoding=\"async\" src=\"https:\/\/i0.wp.com\/cdn.atarde.com.br\/img\/inline\/1330000\/724x0\/Estado-lanca-campanha-de-combate-as-ISTs-no-Sao-Jo0133081102202506131756-1.webp?w=800&#038;ssl=1\" alt=\"Nos locais, ser\u00e1 poss\u00edvel realizar testes r\u00e1pidos para a detec\u00e7\u00e3o de HIV, S\u00edfilis e Hepatites B e C\"\/><\/noscript><\/figure>\n<\/div>\n\n\n<p>Nos locais, ser\u00e1 poss\u00edvel realizar testes r\u00e1pidos para a detec\u00e7\u00e3o de HIV, S\u00edfilis e Hepatites B e C&nbsp;| Foto: Leonardo Rattes \/ Sa\u00fade GovBA<\/p>\n\n\n\n<h2 class=\"wp-block-heading\">Tratamento<\/h2>\n\n\n\n<p>A coordenadora de Doen\u00e7as e Agravos Transmiss\u00edveis da Sesab, Eleuzina Falc\u00e3o, explica que as pessoas com testes positivos detectados na a\u00e7\u00e3o s\u00e3o encaminhadas para acompanhamento e tratamento em unidades de sa\u00fade do sistema. O Centro Estadual Especializado em Diagn\u00f3stico, Assist\u00eancia e Pesquisa (Cedap), unidade da Sesab, por exemplo, \u00e9 especializado no atendimento a pessoas com ISTs em Salvador.<\/p>\n\n\n\n<p>\u201cQuem, por ventura, tenha o teste positivo, j\u00e1 sai do estande com agendamento para uma unidade de sa\u00fade onde poder\u00e1 ter toda orienta\u00e7\u00e3o e tratamento para a infec\u00e7\u00e3o\u201d, destaca. \u201cNosso trabalho n\u00e3o \u00e9 apenas o de entregar o resultado de um teste. \u00c9 essencial que fa\u00e7amos n\u00e3o s\u00f3 a testagem, mas tamb\u00e9m a conscientiza\u00e7\u00e3o da import\u00e2ncia do sexo seguro e encaminhar para tratamento, quando necess\u00e1rio.\u201d<\/p>\n\n\n\n<p>A Secretaria da Sa\u00fade do Estado da Bahia tamb\u00e9m tem promovido o acesso a testes r\u00e1pidos de ISTs nas Feiras Sa\u00fade Mais Perto. Neste ano, at\u00e9 maio, foram 4.454 testes realizados, sendo 9 positivos para HIV, 8 para hepatite e 51 reagentes para s\u00edfilis.<\/p>\n\n\n\n<p>Para o coordenador do projeto Sa\u00fade Mais Perto, Edvaldo Gomes, a oferta do servi\u00e7o \u00e9 importante para detec\u00e7\u00e3o e tratamento precoce dessas infec\u00e7\u00f5es. \u201cCom a testagem r\u00e1pida, a gente consegue detectar as infec\u00e7\u00f5es que podem ser assintom\u00e1ticas, permitindo que o tratamento seja realizado de forma \u00e1gil e eficiente\u201d, afirma.<\/p>\n\n\n\n<p>Atarde<\/p>\n","protected":false},"excerpt":{"rendered":"<p>Pelo terceiro ano consecutivo, as cidades que recebem as mais importantes festas de S\u00e3o Jo\u00e3o da Bahia ter\u00e3o postos e estandes de testagem r\u00e1pida de Infec\u00e7\u00f5es Sexualmente Transmiss\u00edveis (ISTs), al\u00e9m de ampla distribui\u00e7\u00e3o de preservativos masculinos e femininos. Este ano, ser\u00e3o 13 postos e estandes pelo Estado, parte da estrat\u00e9gia elaborada pela Secretaria de Sa\u00fade [&hellip;]<\/p>\n","protected":false},"author":2,"featured_media":30945,"comment_status":"open","ping_status":"open","sticky":false,"template":"","format":"standard","meta":{"_jetpack_memberships_contains_paid_content":false,"footnotes":""},"categories":[18],"tags":[],"class_list":["post-30944","post","type-post","status-publish","format-standard","has-post-thumbnail","hentry","category-saude"],"aioseo_notices":[],"jetpack_featured_media_url":"https:\/\/i0.wp.com\/minutobahia24h.com.br\/wp-content\/uploads\/2025\/06\/Sem-titulo-238.jpg?fit=960%2C720&ssl=1","jetpack_sharing_enabled":true,"_links":{"self":[{"href":"https:\/\/minutobahia24h.com.br\/index.php?rest_route=\/wp\/v2\/posts\/30944","targetHints":{"allow":["GET"]}}],"collection":[{"href":"https:\/\/minutobahia24h.com.br\/index.php?rest_route=\/wp\/v2\/posts"}],"about":[{"href":"https:\/\/minutobahia24h.com.br\/index.php?rest_route=\/wp\/v2\/types\/post"}],"author":[{"embeddable":true,"href":"https:\/\/minutobahia24h.com.br\/index.php?rest_route=\/wp\/v2\/users\/2"}],"replies":[{"embeddable":true,"href":"https:\/\/minutobahia24h.com.br\/index.php?rest_route=%2Fwp%2Fv2%2Fcomments&post=30944"}],"version-history":[{"count":1,"href":"https:\/\/minutobahia24h.com.br\/index.php?rest_route=\/wp\/v2\/posts\/30944\/revisions"}],"predecessor-version":[{"id":30946,"href":"https:\/\/minutobahia24h.com.br\/index.php?rest_route=\/wp\/v2\/posts\/30944\/revisions\/30946"}],"wp:featuredmedia":[{"embeddable":true,"href":"https:\/\/minutobahia24h.com.br\/index.php?rest_route=\/wp\/v2\/media\/30945"}],"wp:attachment":[{"href":"https:\/\/minutobahia24h.com.br\/index.php?rest_route=%2Fwp%2Fv2%2Fmedia&parent=30944"}],"wp:term":[{"taxonomy":"category","embeddable":true,"href":"https:\/\/minutobahia24h.com.br\/index.php?rest_route=%2Fwp%2Fv2%2Fcategories&post=30944"},{"taxonomy":"post_tag","embeddable":true,"href":"https:\/\/minutobahia24h.com.br\/index.php?rest_route=%2Fwp%2Fv2%2Ftags&post=30944"}],"curies":[{"name":"wp","href":"https:\/\/api.w.org\/{rel}","templated":true}]}}