{"id":30920,"date":"2025-06-16T12:05:51","date_gmt":"2025-06-16T15:05:51","guid":{"rendered":"https:\/\/minutobahia24h.com.br\/?p=30920"},"modified":"2025-06-16T12:06:06","modified_gmt":"2025-06-16T15:06:06","slug":"deputado-bobo-participa-de-reunioes-com-associacoes-rurais-no-distrito-de-quice","status":"publish","type":"post","link":"https:\/\/minutobahia24h.com.br\/?p=30920","title":{"rendered":"Deputado Bob\u00f4 participa de reuni\u00f5es com associa\u00e7\u00f5es rurais no distrito de Quic\u00e9"},"content":{"rendered":"<div class=\"wp-block-image\">\n<figure class=\"aligncenter size-large\"><img data-recalc-dims=\"1\" fetchpriority=\"high\" decoding=\"async\" width=\"800\" height=\"450\" src=\"https:\/\/i0.wp.com\/minutobahia24h.com.br\/wp-content\/uploads\/2025\/06\/img-20250616-wa04364701069073358624420-1024x576.jpg?resize=800%2C450&#038;ssl=1\" alt=\"\" class=\"wp-image-30917\" srcset=\"https:\/\/i0.wp.com\/minutobahia24h.com.br\/wp-content\/uploads\/2025\/06\/img-20250616-wa04364701069073358624420.jpg?resize=1024%2C576&amp;ssl=1 1024w, https:\/\/i0.wp.com\/minutobahia24h.com.br\/wp-content\/uploads\/2025\/06\/img-20250616-wa04364701069073358624420.jpg?resize=300%2C169&amp;ssl=1 300w, https:\/\/i0.wp.com\/minutobahia24h.com.br\/wp-content\/uploads\/2025\/06\/img-20250616-wa04364701069073358624420.jpg?resize=768%2C432&amp;ssl=1 768w, https:\/\/i0.wp.com\/minutobahia24h.com.br\/wp-content\/uploads\/2025\/06\/img-20250616-wa04364701069073358624420.jpg?resize=1536%2C864&amp;ssl=1 1536w, https:\/\/i0.wp.com\/minutobahia24h.com.br\/wp-content\/uploads\/2025\/06\/img-20250616-wa04364701069073358624420.jpg?resize=750%2C422&amp;ssl=1 750w, https:\/\/i0.wp.com\/minutobahia24h.com.br\/wp-content\/uploads\/2025\/06\/img-20250616-wa04364701069073358624420.jpg?resize=1140%2C641&amp;ssl=1 1140w, https:\/\/i0.wp.com\/minutobahia24h.com.br\/wp-content\/uploads\/2025\/06\/img-20250616-wa04364701069073358624420.jpg?w=2000&amp;ssl=1 2000w, https:\/\/i0.wp.com\/minutobahia24h.com.br\/wp-content\/uploads\/2025\/06\/img-20250616-wa04364701069073358624420.jpg?w=1600 1600w\" sizes=\"(max-width: 800px) 100vw, 800px\" \/><\/figure>\n<\/div>\n\n\n<p>Atendendo ao convite do vereador R\u00ea do Sindicato, o deputado estadual Bob\u00f4 esteve na tarde do \u00faltimo s\u00e1bado (14) no distrito de Quic\u00e9, onde participou de duas importantes reuni\u00f5es com representantes da agricultura familiar. A primeira reuni\u00e3o foi com os membros da Associa\u00e7\u00e3o Municipal da Agricultura Familiar e dos (as) Artes\u00e3os (as) de Senhor do Bonfim &#8211; AMAFASB.<br><br>Durante o encontro, o vereador R\u00ea anunciou publicamente que, a partir de agora, caminhar\u00e1 politicamente ao lado do deputado Bob\u00f4, refor\u00e7ando a parceria em prol do desenvolvimento da zona rural. Na ocasi\u00e3o, os associados apresentaram demandas ao parlamentar, como a extens\u00e3o de rede de abastecimento de \u00e1gua e energia el\u00e9trica para comunidades mais afastadas do distrito.<\/p>\n\n\n<div class=\"wp-block-image\">\n<figure class=\"aligncenter size-large\"><img data-recalc-dims=\"1\" decoding=\"async\" width=\"800\" height=\"583\" src=\"https:\/\/i0.wp.com\/minutobahia24h.com.br\/wp-content\/uploads\/2025\/06\/img-20250616-wa04374840206658766346901-1024x746.jpg?resize=800%2C583&#038;ssl=1\" alt=\"\" class=\"wp-image-30918\" srcset=\"https:\/\/i0.wp.com\/minutobahia24h.com.br\/wp-content\/uploads\/2025\/06\/img-20250616-wa04374840206658766346901.jpg?resize=1024%2C746&amp;ssl=1 1024w, https:\/\/i0.wp.com\/minutobahia24h.com.br\/wp-content\/uploads\/2025\/06\/img-20250616-wa04374840206658766346901.jpg?resize=300%2C219&amp;ssl=1 300w, https:\/\/i0.wp.com\/minutobahia24h.com.br\/wp-content\/uploads\/2025\/06\/img-20250616-wa04374840206658766346901.jpg?resize=768%2C560&amp;ssl=1 768w, https:\/\/i0.wp.com\/minutobahia24h.com.br\/wp-content\/uploads\/2025\/06\/img-20250616-wa04374840206658766346901.jpg?resize=120%2C86&amp;ssl=1 120w, https:\/\/i0.wp.com\/minutobahia24h.com.br\/wp-content\/uploads\/2025\/06\/img-20250616-wa04374840206658766346901.jpg?resize=750%2C547&amp;ssl=1 750w, https:\/\/i0.wp.com\/minutobahia24h.com.br\/wp-content\/uploads\/2025\/06\/img-20250616-wa04374840206658766346901.jpg?resize=1140%2C831&amp;ssl=1 1140w, https:\/\/i0.wp.com\/minutobahia24h.com.br\/wp-content\/uploads\/2025\/06\/img-20250616-wa04374840206658766346901.jpg?w=1290&amp;ssl=1 1290w\" sizes=\"(max-width: 800px) 100vw, 800px\" \/><\/figure>\n<\/div>\n\n\n<p>\u201cMesmo antes de anunciar a parceria com Bob\u00f4, n\u00f3s j\u00e1 trabalh\u00e1vamos para trazer investimentos para a regi\u00e3o de Quic\u00e9. Pavimentamos ruas aqui no distrito e a partir desta segunda-feira (16), ser\u00e3o iniciadas mais tr\u00eas obras de pavimenta\u00e7\u00e3o com apoio de Bob\u00f4 e do Secret\u00e1rio de Infraestrutura S\u00e9rgio Brito. As comunidades de Tei\u00fa, Cariac\u00e1 e Morrinhos ter\u00e3o seus acessos pavimentados. E o deputado Bob\u00f4 tamb\u00e9m j\u00e1 garantiu mais R$ 800 mil reais atrav\u00e9s de emenda parlamentar para novas pavimenta\u00e7\u00f5es. Essa ser\u00e1 a parceria que ir\u00e1 transformar o nosso distrito\u201d, falou R\u00ea do Sindicato.<\/p>\n\n\n\n<p>Na sequ\u00eancia, o deputado participou de uma segunda reuni\u00e3o, desta vez com membros da Associa\u00e7\u00e3o dos Pequenos Agricultores de Quic\u00e9 (APAQ), e o empres\u00e1rio Alexsandro Santana. O encontro teve como foco a cria\u00e7\u00e3o de um grupo de gest\u00e3o para organizar e garantir o funcionamento de importantes equipamentos entregues pelo Governo do Estado, como a Casa do Mel, o lactic\u00ednio e a Casa de Farinha, estruturas fundamentais para o fortalecimento da produ\u00e7\u00e3o local.<\/p>\n\n\n<div class=\"wp-block-image\">\n<figure class=\"aligncenter size-large\"><img data-recalc-dims=\"1\" decoding=\"async\" width=\"800\" height=\"450\" src=\"https:\/\/i0.wp.com\/minutobahia24h.com.br\/wp-content\/uploads\/2025\/06\/img-20250616-wa04381100437062024408749-1024x576.jpg?resize=800%2C450&#038;ssl=1\" alt=\"\" class=\"wp-image-30919\" srcset=\"https:\/\/i0.wp.com\/minutobahia24h.com.br\/wp-content\/uploads\/2025\/06\/img-20250616-wa04381100437062024408749.jpg?resize=1024%2C576&amp;ssl=1 1024w, https:\/\/i0.wp.com\/minutobahia24h.com.br\/wp-content\/uploads\/2025\/06\/img-20250616-wa04381100437062024408749.jpg?resize=300%2C169&amp;ssl=1 300w, https:\/\/i0.wp.com\/minutobahia24h.com.br\/wp-content\/uploads\/2025\/06\/img-20250616-wa04381100437062024408749.jpg?resize=768%2C432&amp;ssl=1 768w, https:\/\/i0.wp.com\/minutobahia24h.com.br\/wp-content\/uploads\/2025\/06\/img-20250616-wa04381100437062024408749.jpg?resize=1536%2C864&amp;ssl=1 1536w, https:\/\/i0.wp.com\/minutobahia24h.com.br\/wp-content\/uploads\/2025\/06\/img-20250616-wa04381100437062024408749.jpg?resize=750%2C422&amp;ssl=1 750w, https:\/\/i0.wp.com\/minutobahia24h.com.br\/wp-content\/uploads\/2025\/06\/img-20250616-wa04381100437062024408749.jpg?resize=1140%2C642&amp;ssl=1 1140w, https:\/\/i0.wp.com\/minutobahia24h.com.br\/wp-content\/uploads\/2025\/06\/img-20250616-wa04381100437062024408749.jpg?w=1999&amp;ssl=1 1999w, https:\/\/i0.wp.com\/minutobahia24h.com.br\/wp-content\/uploads\/2025\/06\/img-20250616-wa04381100437062024408749.jpg?w=1600 1600w\" sizes=\"(max-width: 800px) 100vw, 800px\" \/><\/figure>\n<\/div>\n\n\n<p>\u201cMais uma vez me coloco \u00e0 disposi\u00e7\u00e3o para buscar junto ao Governo do Estado equipamentos que potencializem a produ\u00e7\u00e3o de voc\u00eas. Saibam que voc\u00eas t\u00eam esse parceiro que tem como uma de suas principais bandeiras o associativismo e a agricultura familiar. Posso atender a demanda por uma forrageira de forma imediata e acredito que at\u00e9 ter\u00e7a-feira o equipamento j\u00e1 estar\u00e1 \u00e0 disposi\u00e7\u00e3o de voc\u00eas\u201d, anunciou Bob\u00f4.<\/p>\n","protected":false},"excerpt":{"rendered":"<p>Atendendo ao convite do vereador R\u00ea do Sindicato, o deputado estadual Bob\u00f4 esteve na tarde do \u00faltimo s\u00e1bado (14) no distrito de Quic\u00e9, onde participou de duas importantes reuni\u00f5es com representantes da agricultura familiar. A primeira reuni\u00e3o foi com os membros da Associa\u00e7\u00e3o Municipal da Agricultura Familiar e dos (as) Artes\u00e3os (as) de Senhor do [&hellip;]<\/p>\n","protected":false},"author":2,"featured_media":30917,"comment_status":"open","ping_status":"open","sticky":false,"template":"","format":"standard","meta":{"_jetpack_memberships_contains_paid_content":false,"footnotes":""},"categories":[3],"tags":[5],"class_list":["post-30920","post","type-post","status-publish","format-standard","has-post-thumbnail","hentry","category-regional","tag-bonfim"],"aioseo_notices":[],"jetpack_featured_media_url":"https:\/\/i0.wp.com\/minutobahia24h.com.br\/wp-content\/uploads\/2025\/06\/img-20250616-wa04364701069073358624420.jpg?fit=2000%2C1125&ssl=1","jetpack_sharing_enabled":true,"_links":{"self":[{"href":"https:\/\/minutobahia24h.com.br\/index.php?rest_route=\/wp\/v2\/posts\/30920","targetHints":{"allow":["GET"]}}],"collection":[{"href":"https:\/\/minutobahia24h.com.br\/index.php?rest_route=\/wp\/v2\/posts"}],"about":[{"href":"https:\/\/minutobahia24h.com.br\/index.php?rest_route=\/wp\/v2\/types\/post"}],"author":[{"embeddable":true,"href":"https:\/\/minutobahia24h.com.br\/index.php?rest_route=\/wp\/v2\/users\/2"}],"replies":[{"embeddable":true,"href":"https:\/\/minutobahia24h.com.br\/index.php?rest_route=%2Fwp%2Fv2%2Fcomments&post=30920"}],"version-history":[{"count":1,"href":"https:\/\/minutobahia24h.com.br\/index.php?rest_route=\/wp\/v2\/posts\/30920\/revisions"}],"predecessor-version":[{"id":30921,"href":"https:\/\/minutobahia24h.com.br\/index.php?rest_route=\/wp\/v2\/posts\/30920\/revisions\/30921"}],"wp:featuredmedia":[{"embeddable":true,"href":"https:\/\/minutobahia24h.com.br\/index.php?rest_route=\/wp\/v2\/media\/30917"}],"wp:attachment":[{"href":"https:\/\/minutobahia24h.com.br\/index.php?rest_route=%2Fwp%2Fv2%2Fmedia&parent=30920"}],"wp:term":[{"taxonomy":"category","embeddable":true,"href":"https:\/\/minutobahia24h.com.br\/index.php?rest_route=%2Fwp%2Fv2%2Fcategories&post=30920"},{"taxonomy":"post_tag","embeddable":true,"href":"https:\/\/minutobahia24h.com.br\/index.php?rest_route=%2Fwp%2Fv2%2Ftags&post=30920"}],"curies":[{"name":"wp","href":"https:\/\/api.w.org\/{rel}","templated":true}]}}