{"id":30911,"date":"2025-06-16T10:04:19","date_gmt":"2025-06-16T13:04:19","guid":{"rendered":"https:\/\/minutobahia24h.com.br\/?p=30911"},"modified":"2025-06-16T10:04:21","modified_gmt":"2025-06-16T13:04:21","slug":"stf-analisa-acao-que-cobra-gratuidade-para-retificacao-de-nome-e-genero-de-pessoas-trans","status":"publish","type":"post","link":"https:\/\/minutobahia24h.com.br\/?p=30911","title":{"rendered":"STF analisa a\u00e7\u00e3o que cobra gratuidade para retifica\u00e7\u00e3o de nome e g\u00eanero de pessoas trans"},"content":{"rendered":"<div class=\"wp-block-image\">\n<figure class=\"aligncenter size-large\"><img data-recalc-dims=\"1\" fetchpriority=\"high\" decoding=\"async\" width=\"800\" height=\"420\" src=\"https:\/\/i0.wp.com\/minutobahia24h.com.br\/wp-content\/uploads\/2025\/06\/Sem-titulo-229-1024x538.jpg?resize=800%2C420&#038;ssl=1\" alt=\"\" class=\"wp-image-30912\" srcset=\"https:\/\/i0.wp.com\/minutobahia24h.com.br\/wp-content\/uploads\/2025\/06\/Sem-titulo-229.jpg?resize=1024%2C538&amp;ssl=1 1024w, https:\/\/i0.wp.com\/minutobahia24h.com.br\/wp-content\/uploads\/2025\/06\/Sem-titulo-229.jpg?resize=300%2C158&amp;ssl=1 300w, https:\/\/i0.wp.com\/minutobahia24h.com.br\/wp-content\/uploads\/2025\/06\/Sem-titulo-229.jpg?resize=768%2C403&amp;ssl=1 768w, https:\/\/i0.wp.com\/minutobahia24h.com.br\/wp-content\/uploads\/2025\/06\/Sem-titulo-229.jpg?resize=750%2C394&amp;ssl=1 750w, https:\/\/i0.wp.com\/minutobahia24h.com.br\/wp-content\/uploads\/2025\/06\/Sem-titulo-229.jpg?resize=1140%2C599&amp;ssl=1 1140w, https:\/\/i0.wp.com\/minutobahia24h.com.br\/wp-content\/uploads\/2025\/06\/Sem-titulo-229.jpg?w=1200&amp;ssl=1 1200w\" sizes=\"(max-width: 800px) 100vw, 800px\" \/><figcaption class=\"wp-element-caption\">Foto: Ton Molina \/ STF<br><\/figcaption><\/figure>\n<\/div>\n\n\n<p>O Supremo Tribunal Federal (STF) est\u00e1 analisando uma\u00a0A\u00e7\u00e3o Direta de Inconstitucionalidade por Omiss\u00e3o movida pela\u00a0Alian\u00e7a Nacional LGBTI+, que afirma que\u00a0o\u00a0Congresso Nacional\u00a0e as\u00a0Assembleias Legislativas estaduais\u00a0de negligenciarem a cria\u00e7\u00e3o de leis que garantam a\u00a0gratuidade\u00a0nos procedimentos de retifica\u00e7\u00e3o de\u00a0prenome e g\u00eanero\u00a0para pessoas trans em situa\u00e7\u00e3o de\u00a0hipossufici\u00eancia financeira. A a\u00e7\u00e3o argumenta que a aus\u00eancia dessa regulamenta\u00e7\u00e3o viola direitos fundamentais previstos na Constitui\u00e7\u00e3o, como\u00a0dignidade humana, igualdade e acesso \u00e0 justi\u00e7a.<\/p>\n\n\n\n<p>De acordo com a a\u00e7\u00e3o, ap\u00f3s o STF ter\u00a0reconhecido, em 2018, o direito de pessoas trans alterarem nome e g\u00eanero diretamente em cart\u00f3rios, sem necessidade de autoriza\u00e7\u00e3o judicial ou cirurgia de redesigna\u00e7\u00e3o sexual. No entanto, segundo a Alian\u00e7a, os\u00a0custos do processo, que podem variar entre\u00a0R$ 300 e R$ 600, tornando\u00a0o direito inacess\u00edvel para uma parcela significativa da popula\u00e7\u00e3o trans, que enfrenta altos \u00edndices de\u00a0desemprego, exclus\u00e3o social e viol\u00eancia.<\/p>\n\n\n\n<p>Na peti\u00e7\u00e3o, a Alian\u00e7a LGBTI+ destaca que a\u00a0demora do Legislativo\u00a0em regulamentar a gratuidade configura uma\u00a0&#8220;mora inconstitucional&#8221;, j\u00e1 que o Estado falha em assegurar a efetividade de um direito j\u00e1 reconhecido. A entidade cita o\u00a0Projeto de Lei 3394\/2021, de autoria do senador\u00a0Fabiano Contarato (REDE-ES), que prop\u00f5e a isen\u00e7\u00e3o de custas para pessoas em vulnerabilidade socioecon\u00f4mica, mas est\u00e1 parado no Senado desde fevereiro de 2024, sem relator designado.<\/p>\n\n\n\n<p>A ADO pede, em car\u00e1ter\u00a0liminar, a\u00a0suspens\u00e3o imediata\u00a0da cobran\u00e7a de custas e emolumentos para pessoas comprovadamente hipossuficientes at\u00e9 o julgamento final do caso. No m\u00e9rito, a a\u00e7\u00e3o requer que o STF\u00a0declare a omiss\u00e3o inconstitucional\u00a0e determine que o Congresso e as Assembleias Legislativas editem normas que garantam a gratuidade do procedimento.<\/p>\n\n\n\n<p>O relator do caso,\u00a0ministro Edson Fachin, considerou o tema de\u00a0&#8220;relev\u00e2ncia jur\u00eddica e social&#8221;\u00a0e determinou um rito acelerado, com prazos curtos para manifesta\u00e7\u00f5es da\u00a0Presid\u00eancia da Rep\u00fablica, do Congresso Nacional, do Advogado-Geral da Uni\u00e3o e do Procurador-Geral da Rep\u00fablica.<\/p>\n\n\n\n<p>BN<\/p>\n","protected":false},"excerpt":{"rendered":"<p>O Supremo Tribunal Federal (STF) est\u00e1 analisando uma\u00a0A\u00e7\u00e3o Direta de Inconstitucionalidade por Omiss\u00e3o movida pela\u00a0Alian\u00e7a Nacional LGBTI+, que afirma que\u00a0o\u00a0Congresso Nacional\u00a0e as\u00a0Assembleias Legislativas estaduais\u00a0de negligenciarem a cria\u00e7\u00e3o de leis que garantam a\u00a0gratuidade\u00a0nos procedimentos de retifica\u00e7\u00e3o de\u00a0prenome e g\u00eanero\u00a0para pessoas trans em situa\u00e7\u00e3o de\u00a0hipossufici\u00eancia financeira. A a\u00e7\u00e3o argumenta que a aus\u00eancia dessa regulamenta\u00e7\u00e3o viola direitos fundamentais [&hellip;]<\/p>\n","protected":false},"author":2,"featured_media":30912,"comment_status":"open","ping_status":"open","sticky":false,"template":"","format":"standard","meta":{"_jetpack_memberships_contains_paid_content":false,"footnotes":""},"categories":[23],"tags":[],"class_list":["post-30911","post","type-post","status-publish","format-standard","has-post-thumbnail","hentry","category-justica"],"aioseo_notices":[],"jetpack_featured_media_url":"https:\/\/i0.wp.com\/minutobahia24h.com.br\/wp-content\/uploads\/2025\/06\/Sem-titulo-229.jpg?fit=1200%2C630&ssl=1","jetpack_sharing_enabled":true,"_links":{"self":[{"href":"https:\/\/minutobahia24h.com.br\/index.php?rest_route=\/wp\/v2\/posts\/30911","targetHints":{"allow":["GET"]}}],"collection":[{"href":"https:\/\/minutobahia24h.com.br\/index.php?rest_route=\/wp\/v2\/posts"}],"about":[{"href":"https:\/\/minutobahia24h.com.br\/index.php?rest_route=\/wp\/v2\/types\/post"}],"author":[{"embeddable":true,"href":"https:\/\/minutobahia24h.com.br\/index.php?rest_route=\/wp\/v2\/users\/2"}],"replies":[{"embeddable":true,"href":"https:\/\/minutobahia24h.com.br\/index.php?rest_route=%2Fwp%2Fv2%2Fcomments&post=30911"}],"version-history":[{"count":1,"href":"https:\/\/minutobahia24h.com.br\/index.php?rest_route=\/wp\/v2\/posts\/30911\/revisions"}],"predecessor-version":[{"id":30913,"href":"https:\/\/minutobahia24h.com.br\/index.php?rest_route=\/wp\/v2\/posts\/30911\/revisions\/30913"}],"wp:featuredmedia":[{"embeddable":true,"href":"https:\/\/minutobahia24h.com.br\/index.php?rest_route=\/wp\/v2\/media\/30912"}],"wp:attachment":[{"href":"https:\/\/minutobahia24h.com.br\/index.php?rest_route=%2Fwp%2Fv2%2Fmedia&parent=30911"}],"wp:term":[{"taxonomy":"category","embeddable":true,"href":"https:\/\/minutobahia24h.com.br\/index.php?rest_route=%2Fwp%2Fv2%2Fcategories&post=30911"},{"taxonomy":"post_tag","embeddable":true,"href":"https:\/\/minutobahia24h.com.br\/index.php?rest_route=%2Fwp%2Fv2%2Ftags&post=30911"}],"curies":[{"name":"wp","href":"https:\/\/api.w.org\/{rel}","templated":true}]}}