{"id":30905,"date":"2025-06-16T09:52:56","date_gmt":"2025-06-16T12:52:56","guid":{"rendered":"https:\/\/minutobahia24h.com.br\/?p=30905"},"modified":"2025-06-16T09:53:00","modified_gmt":"2025-06-16T12:53:00","slug":"trabalho-no-feriado-por-que-deputados-podem-derrubar-nova-regra-estabelecida-pelo-governo","status":"publish","type":"post","link":"https:\/\/minutobahia24h.com.br\/?p=30905","title":{"rendered":"Trabalho no feriado: por que deputados podem derrubar nova regra estabelecida pelo governo"},"content":{"rendered":"<div class=\"wp-block-image\">\n<figure class=\"aligncenter size-full\"><img data-recalc-dims=\"1\" fetchpriority=\"high\" decoding=\"async\" width=\"800\" height=\"450\" src=\"https:\/\/i0.wp.com\/minutobahia24h.com.br\/wp-content\/uploads\/2025\/06\/Sem-titulo-227.jpg?resize=800%2C450&#038;ssl=1\" alt=\"\" class=\"wp-image-30906\" srcset=\"https:\/\/i0.wp.com\/minutobahia24h.com.br\/wp-content\/uploads\/2025\/06\/Sem-titulo-227.jpg?w=984&amp;ssl=1 984w, https:\/\/i0.wp.com\/minutobahia24h.com.br\/wp-content\/uploads\/2025\/06\/Sem-titulo-227.jpg?resize=300%2C169&amp;ssl=1 300w, https:\/\/i0.wp.com\/minutobahia24h.com.br\/wp-content\/uploads\/2025\/06\/Sem-titulo-227.jpg?resize=768%2C432&amp;ssl=1 768w, https:\/\/i0.wp.com\/minutobahia24h.com.br\/wp-content\/uploads\/2025\/06\/Sem-titulo-227.jpg?resize=750%2C421&amp;ssl=1 750w\" sizes=\"(max-width: 800px) 100vw, 800px\" \/><figcaption class=\"wp-element-caption\">Governo quer que patr\u00f5es e funcion\u00e1rios negociem as compensa\u00e7\u00f5es para quem trabalhar em feriados \u2014 Foto: Getty Images via BBC<br><br><\/figcaption><\/figure>\n<\/div>\n\n\n<p>Est\u00e1 prevista para esta segunda-feira (16) uma vota\u00e7\u00e3o na C\u00e2mara dos Deputados para derrubar a&nbsp;<a class=\"\" href=\"https:\/\/g1.globo.com\/trabalho-e-carreira\/noticia\/2025\/05\/24\/trabalho-no-feriado-vai-mudar-entenda-o-que-esta-sendo-negociado-no-congresso.ghtml\">portaria do Governo Federal&nbsp;<\/a>que pretendia proibir o trabalho aos feriados em supermercados, farm\u00e1cias, concession\u00e1rias de ve\u00edculos e outros tipos de com\u00e9rcio sem uma negocia\u00e7\u00e3o entre trabalhadores e empregadores por meio de uma conven\u00e7\u00e3o coletiva.<\/p>\n\n\n\n<p>A portaria 3.665, de 2023, foi publicada pelo&nbsp;<a class=\"\" href=\"https:\/\/g1.globo.com\/tudo-sobre\/ministerio-do-trabalho\/\">Minist\u00e9rio do Trabalho<\/a>&nbsp;e Emprego, mas, ap\u00f3s uma rea\u00e7\u00e3o inicial negativa no parlamento, a implementa\u00e7\u00e3o dela foi prorrogada para 1\u00b0 de julho de 2025.<\/p>\n\n\n\n<p>Anteriormente, o governo j\u00e1 havia afirmado que pretende adiar o in\u00edcio das regras&nbsp;<a class=\"\" href=\"https:\/\/g1.globo.com\/economia\/noticia\/2025\/06\/07\/regra-que-restringe-trabalho-aos-feriados-deve-ser-adiada-ate-haver-consenso-diz-ministro.ghtml\">enquanto n\u00e3o houver acordo entre empres\u00e1rios e trabalhadores<\/a>, segundo disse o ministro do Trabalho, Luiz Marinho, \u00e0 TV Globo: &#8220;Enquanto n\u00e3o tiver solu\u00e7\u00e3o, n\u00f3s vamos prorrogar.&#8221;<\/p>\n\n\n\n<p>Marinho disse ainda que &#8220;a solu\u00e7\u00e3o definitiva pode ser que passe pelo Congresso&#8221;.<\/p>\n\n\n\n<p>Parlamentares de oposi\u00e7\u00e3o, empres\u00e1rios e sindicatos patronais t\u00eam pressionado para que o governo prorrogue a data mais uma vez e, eventualmente, aceite uma contraproposta \u2014 e a tentativa de derrubada da portaria agendada para esta segunda-feira \u00e9 mais um cap\u00edtulo dessa hist\u00f3ria.<\/p>\n\n\n\n<p>A mudan\u00e7a encampada pelo governo de Luiz In\u00e1cio Lula da Silva (PT), atrav\u00e9s da portaria de 2023, anula uma outra portaria, de 2021, do governo de Jair Bolsonaro (PL).<\/p>\n\n\n\n<p>Na \u00e9poca, foi descartada a exig\u00eancia de conven\u00e7\u00f5es para o funcionamento do com\u00e9rcio em datas comemorativas.<\/p>\n\n\n\n<p>A portaria publicada pelo&nbsp;<a class=\"\" href=\"https:\/\/g1.globo.com\/tudo-sobre\/ministerio-do-trabalho\/\">Minist\u00e9rio do Trabalho<\/a>&nbsp;e Emprego (MTE) do governo Lula n\u00e3o muda totalmente a medida da gest\u00e3o Bolsonaro, afetando apenas 12&nbsp;<strong><em>(todas no com\u00e9rcio; confira no final da reportagem)<\/em><\/strong>&nbsp;das 122 atividades cujo funcionamento foi liberado pelo governo anterior.<\/p>\n\n\n\n<p>Hot\u00e9is, constru\u00e7\u00e3o civil, servi\u00e7os de call center, ind\u00fastrias e atividades de transportes, cultura e educa\u00e7\u00e3o podem continuar abrindo no feriado, sem uma conven\u00e7\u00e3o coletiva.<\/p>\n\n\n\n<p>Na pr\u00e1tica, a mudan\u00e7a d\u00e1 mais poder de barganha aos sindicatos na negocia\u00e7\u00e3o com as empresas, j\u00e1 que na conven\u00e7\u00e3o s\u00e3o determinadas as contrapartidas recebidas pelos funcion\u00e1rios que t\u00eam de trabalhar nos feriados \u2014 como folgas compensat\u00f3rias, remunera\u00e7\u00e3o extra e vale-alimenta\u00e7\u00e3o para esses dias.<\/p>\n\n\n\n<p>Caso a portaria entre em vigor e haja descumprimento das regras, os patr\u00f5es podem ser punidos com multas administrativas.<\/p>\n\n\n\n<figure class=\"wp-block-image\"><img data-recalc-dims=\"1\" decoding=\"async\" src=\"https:\/\/i0.wp.com\/s2-g1.glbimg.com\/dsxl9DMT-7DABv73wa8KLmKc_O4%3D\/0x0%3A963x542\/984x0\/smart\/filters%3Astrip_icc%28%29\/i.s3.glbimg.com\/v1\/AUTH_59edd422c0c84a879bd37670ae4f538a\/internal_photos\/bs\/2025\/7\/c\/gScDTuSQ2Qw9zj9IT92w\/thumbnail-image002-2-.png?w=800&#038;ssl=1\" alt=\"Lula e o ministro Luiz Marinho; parlamentares de oposi\u00e7\u00e3o est\u00e3o negociando com o governo uma contraproposta sobre o trabalho nos feriados \u2014 Foto: Reuters via BBC\"\/><\/figure>\n\n\n\n<p>Lula e o ministro Luiz Marinho; parlamentares de oposi\u00e7\u00e3o est\u00e3o negociando com o governo uma contraproposta sobre o trabalho nos feriados \u2014 Foto: Reuters via BBC<\/p>\n\n\n\n<p>Devido \u00e0 press\u00e3o contra a medida, a entrada em vigor da portaria do governo Lula j\u00e1 tinha sido adiada&nbsp;<strong>pelo menos quatro vezes<\/strong>.<\/p>\n\n\n\n<p>Em 7 de maio, Luiz Marinho reuniu-se com representantes da Frente Parlamentar de Com\u00e9rcio e Servi\u00e7os (FCS) e da Uni\u00e3o Nacional de Entidades de Com\u00e9rcio e Servi\u00e7o (Unecs), que tinham ficado de entregar, em 3 de junho, uma proposta de texto que seria enviada pela pasta ao Congresso.<\/p>\n\n\n\n<p>De acordo com o deputado federal Joaquim Passarinho (PL-PA), presidente da Frente Parlamentar de Empreendedorismo (FPE) na C\u00e2mara, Marinho teria sinalizado uma nova posterga\u00e7\u00e3o da entrada em vigor da portaria.<\/p>\n\n\n\n<p>&#8220;Ele [o ministro] se comprometeu a fazer um novo adiamento da portaria, para retirar e n\u00e3o ficar nessa amea\u00e7a. O problema deles \u00e9 mais pol\u00edtico, j\u00e1 que a base dele vai reclamar. Mas seria uma prorroga\u00e7\u00e3o de seis meses, durante a qual ficar\u00edamos respons\u00e1veis por entregar uma proposta alternativa&#8221;, afirmou o parlamentar \u00e0 BBC News Brasil em reportagem publicada em maio.<\/p>\n\n\n\n<p>Procurado na ocasi\u00e3o, o&nbsp;<a class=\"\" href=\"https:\/\/g1.globo.com\/tudo-sobre\/ministerio-do-trabalho\/\">Minist\u00e9rio do Trabalho<\/a>&nbsp;n\u00e3o havia respondido se de fato haveria uma prorroga\u00e7\u00e3o, mas enviou um comunicado confirmando que Marinho negociou com a FCS e a Unecs o recebimento de uma contraproposta.<\/p>\n\n\n\n<p>A contraposta ficou nas m\u00e3os do deputado federal Luiz Gast\u00e3o (PSD-CE), tamb\u00e9m presidente da Federa\u00e7\u00e3o do Com\u00e9rcio de Bens Servi\u00e7os e Turismo do Cear\u00e1 (Fecom\u00e9rcio-CE), mas a reportagem n\u00e3o conseguiu contato com o parlamentar naquele momento.<\/p>\n\n\n\n<p>Passarinho, que est\u00e1 trabalhando com Gast\u00e3o no projeto, garantiu que a proposta n\u00e3o tentar\u00e1 &#8220;retroceder para m\u00e9todos antigos&#8221;, mas defendeu que a eventual entrada em vigor da portaria sobre feriados resultaria em uma situa\u00e7\u00e3o invi\u00e1vel.<\/p>\n\n\n\n<p>&#8220;Uma cidade pequena no Par\u00e1, por exemplo, n\u00e3o tem sindicato de trabalhador no com\u00e9rcio das praias. Ent\u00e3o, [com as regras previstas na portaria e sem conven\u00e7\u00e3o] se uma central sindical parar, vai parar todo o Brasil&#8221;, critica.<\/p>\n\n\n\n<p>J\u00e1 Julimar Roberto de Oliveira, presidente da Confedera\u00e7\u00e3o Nacional dos Trabalhadores do Com\u00e9rcio e Servi\u00e7os da Central \u00danica dos Trabalhadores (Contracs\/CUT), diz que passar por um acordo \u00e9 algo imprescind\u00edvel.<\/p>\n\n\n\n<p>&#8220;O sindicato negocia o benef\u00edcio para o trabalhador \u2014 al\u00e9m da folga, um dia em dobro, um t\u00edquete-alimenta\u00e7\u00e3o melhor, estipula uma carga hor\u00e1ria menor&#8230; A\u00ed vai depender da negocia\u00e7\u00e3o. O trabalhador est\u00e1 abrindo m\u00e3o de um dia de feriado, de passear com a fam\u00edlia&#8230; Ele est\u00e1 indo trabalhar e tendo um retorno por isso&#8221;, argumenta Oliveira.<\/p>\n\n\n\n<p>Segundo o deputado Joaquim Passarinho, o projeto que ele e colegas preparam deve tratar tamb\u00e9m de uma nova maneira de financiar os sindicatos, tanto os laborais quanto os patronais.<\/p>\n\n\n\n<p>N\u00fameros do MTE publicados em 15 de maio mostram que o volume de contribui\u00e7\u00f5es sindicais, cuja obrigatoriedade foi suspensa pela reforma trabalhista no governo Michel Temer (MDB), caiu de R$ 3 bilh\u00f5es em 2017 para R$ 57,6 milh\u00f5es no ano passado.<\/p>\n\n\n\n<p>A reforma trabalhista, que trouxe a flexibiliza\u00e7\u00e3o com a promessa de aumentar vagas formais e os sal\u00e1rios, acabou gerando o efeito contr\u00e1rio, como mostrou um estudo da Duke University, dos EUA<\/p>\n\n\n\n<p>A reportagem procurou em maio representantes da Confedera\u00e7\u00e3o Nacional do Com\u00e9rcio (CNC), da Associa\u00e7\u00e3o Brasileira de Supermercados (Abras) e da Associa\u00e7\u00e3o Brasileira de Shopping Centers (Abrasce), que n\u00e3o quiseram se posicionar sobre as discuss\u00f5es acerca do trabalho em feriados.<\/p>\n\n\n\n<h2 class=\"wp-block-heading\">Portaria versus lei<\/h2>\n\n\n\n<p>Para Julimar Roberto de Oliveira, da CUT, a portaria do governo atual visa refor\u00e7ar o que j\u00e1 \u00e9 determinado pela lei federal 10.101\/2000 \u2014 mas cujo conte\u00fado entrou em conflito com a portaria do governo de Bolsonaro, decis\u00e3o que ele classifica como uma &#8220;canetada&#8221;.<\/p>\n\n\n\n<p>O minist\u00e9rio de Luiz Marinho tem afirmado que a portaria do governo Bolsonaro foi &#8220;ilegal&#8221;, pois uma portaria n\u00e3o poderia se sobrepor a uma lei.<\/p>\n\n\n\n<p>Dois entrevistados da \u00e1rea do Direito ouvidos pela BBC News Brasil concordam com essa interpreta\u00e7\u00e3o.<\/p>\n\n\n\n<p>&#8220;Essa portaria [de 2021] foi uma clara tentativa, num ato do Poder Executivo, de se passar por cima de uma lei. Isso n\u00e3o \u00e9 permitido no Direito&#8221;, argumenta Rodrigo Carelli, professor de direito do trabalho da Universidade Federal do Rio de Janeiro (UFRJ).<\/p>\n\n\n\n<p>Natalia Guazelli, advogada especializada em direito empresarial e do trabalho e membro da Comiss\u00e3o de Direito do Trabalho da Ordem dos Advogados do Brasil no Paran\u00e1 (OAB\/PR), explica que uma lei federal, por ser um ato legislativo, tem uma hierarquia maior que uma portaria, que \u00e9 um ato administrativo \u2014 e, por isso, n\u00e3o pode se sobrepor.<\/p>\n\n\n\n<p>Segundo Guazelli, a situa\u00e7\u00e3o atual gera inseguran\u00e7a jur\u00eddica.<\/p>\n\n\n\n<p>Por um lado, os auditores do trabalho t\u00eam dificuldade de fiscalizar e aplicar multas, j\u00e1 que o empregador abrindo no feriado sem conven\u00e7\u00e3o pode argumentar que est\u00e1 dentro da legalidade, com base na portaria de 2021.<\/p>\n\n\n\n<figure class=\"wp-block-image\"><img data-recalc-dims=\"1\" decoding=\"async\" src=\"https:\/\/i0.wp.com\/s2-g1.glbimg.com\/ZkfRUVEpnmpykd3Mr2AXJQ0IoLw%3D\/0x0%3A723x407\/984x0\/smart\/filters%3Astrip_icc%28%29\/i.s3.glbimg.com\/v1\/AUTH_59edd422c0c84a879bd37670ae4f538a\/internal_photos\/bs\/2025\/z\/W\/ESWU4TQ4CPOH9Yzg1JWA\/thumbnail-image003-2-.png?w=800&#038;ssl=1\" alt=\"Para abrir em feriados, v\u00e1rios tipos de com\u00e9rcio vinham se apoiando em portaria do governo Bolsonaro, que deve ser anulada \u2014 Foto: Getty Images via BBC\"\/><\/figure>\n\n\n\n<p>Para abrir em feriados, v\u00e1rios tipos de com\u00e9rcio vinham se apoiando em portaria do governo Bolsonaro, que deve ser anulada \u2014 Foto: Getty Images via BBC<\/p>\n\n\n\n<p>E, pelo lado do empregador, \u00e9 preciso se organizar e definir como ser\u00e1 o funcionamento de seus neg\u00f3cios a partir de 1\u00ba de julho, quando est\u00e1 prevista a entrada em vigor da nova portaria.<\/p>\n\n\n\n<blockquote class=\"wp-block-quote is-layout-flow wp-block-quote-is-layout-flow\">\n<p>&#8220;O setor empresarial est\u00e1 muito resistente \u00e0 medida [do governo Lula], pois ela traz um aumento de custo e uma dificuldade para alguns setores, porque esses trabalhadores precisar\u00e3o ser remunerados com horas extras, por exemplo, e isso gera mais custo&#8221;, avalia a advogada.<\/p>\n<\/blockquote>\n\n\n\n<p>Carelli lembra que a Constitui\u00e7\u00e3o prev\u00ea a realiza\u00e7\u00e3o do descanso conjunto, aos domingos e feriados, para que a comunidade possa se encontrar e realizar trocas sociais. Segundo ele, em pa\u00edses como Alemanha, o funcionamento do com\u00e9rcio nesses dias chega a ser proibido por essa raz\u00e3o.<\/p>\n\n\n\n<p>&#8220;Aqui, temos a autoriza\u00e7\u00e3o&#8221;, diz. &#8220;A conven\u00e7\u00e3o coletiva vai ser a regulamenta\u00e7\u00e3o disso: quanto vai ser pago nesse feriado, quando vai ser a folga, qual vai ser a escala&#8230; Voc\u00ea pode trabalhar, quando for autorizado. Como a lei coloca isso como requisito, \u00e9 do interesse das empresas assinar a conven\u00e7\u00e3o.&#8221;<\/p>\n\n\n\n<p>Quanto aos domingos, segue vigente no Brasil o previsto pela lei 10.101\/2000 \u2014 os funcion\u00e1rios podem trabalhar nesses dias sem a necessidade de uma conven\u00e7\u00e3o coletiva, desde que, a cada tr\u00eas semanas, pelo menos um domingo seja de repouso.<\/p>\n\n\n\n<p><strong>Confira abaixo as atividades comerciais que, segundo a portaria do governo Lula, podem precisar de conven\u00e7\u00e3o coletiva para abrir aos feriados, se a medida entrar em vigor:<\/strong><\/p>\n\n\n\n<ul class=\"wp-block-list\">\n<li>varejistas de peixe;<\/li>\n\n\n\n<li>varejistas de carnes frescas e ca\u00e7a;<\/li>\n\n\n\n<li>varejistas de frutas e verduras;<\/li>\n\n\n\n<li>varejistas de produtos farmac\u00eauticos (farm\u00e1cias, inclusive manipula\u00e7\u00e3o de receitu\u00e1rio);<\/li>\n\n\n\n<li>mercados, com\u00e9rcio varejista de supermercados e hipermercados, cuja atividade preponderante seja a venda de alimentos, inclusive os transportes a eles inerentes;<\/li>\n\n\n\n<li>com\u00e9rcio de artigos regionais nas est\u00e2ncias hidrominerais;<\/li>\n\n\n\n<li>com\u00e9rcio em portos, aeroportos, estradas, esta\u00e7\u00f5es rodovi\u00e1rias e ferrovi\u00e1rias;<\/li>\n\n\n\n<li>com\u00e9rcio em hot\u00e9is;<\/li>\n\n\n\n<li>com\u00e9rcio em geral;<\/li>\n\n\n\n<li>atacadistas e distribuidores de produtos industrializados;<\/li>\n\n\n\n<li>revendedores de tratores, caminh\u00f5es, autom\u00f3veis e ve\u00edculos similares<\/li>\n\n\n\n<li>com\u00e9rcio varejista em geral.<\/li>\n<\/ul>\n\n\n\n<p><em>Esta reportagem foi&nbsp;<\/em><a class=\"\" href=\"https:\/\/www.bbc.com\/portuguese\/articles\/c2e33nmmve2o?xtor=AL-73-%5Bpartner%5D-%5Bg1%5D-%5Blink%5D-%5Bbrazil%5D-%5Bbizdev%5D-%5Bisapi%5D\" target=\"_blank\" rel=\"noreferrer noopener\"><em>originalmente publicada em 23 de maio de 2025<\/em><\/a><em>, e atualizada em 16 de junho.<\/em><\/p>\n","protected":false},"excerpt":{"rendered":"<p>Est\u00e1 prevista para esta segunda-feira (16) uma vota\u00e7\u00e3o na C\u00e2mara dos Deputados para derrubar a&nbsp;portaria do Governo Federal&nbsp;que pretendia proibir o trabalho aos feriados em supermercados, farm\u00e1cias, concession\u00e1rias de ve\u00edculos e outros tipos de com\u00e9rcio sem uma negocia\u00e7\u00e3o entre trabalhadores e empregadores por meio de uma conven\u00e7\u00e3o coletiva. A portaria 3.665, de 2023, foi publicada [&hellip;]<\/p>\n","protected":false},"author":2,"featured_media":30906,"comment_status":"open","ping_status":"open","sticky":false,"template":"","format":"standard","meta":{"_jetpack_memberships_contains_paid_content":false,"footnotes":""},"categories":[46],"tags":[],"class_list":["post-30905","post","type-post","status-publish","format-standard","has-post-thumbnail","hentry","category-noticia"],"aioseo_notices":[],"jetpack_featured_media_url":"https:\/\/i0.wp.com\/minutobahia24h.com.br\/wp-content\/uploads\/2025\/06\/Sem-titulo-227.jpg?fit=984%2C553&ssl=1","jetpack_sharing_enabled":true,"_links":{"self":[{"href":"https:\/\/minutobahia24h.com.br\/index.php?rest_route=\/wp\/v2\/posts\/30905","targetHints":{"allow":["GET"]}}],"collection":[{"href":"https:\/\/minutobahia24h.com.br\/index.php?rest_route=\/wp\/v2\/posts"}],"about":[{"href":"https:\/\/minutobahia24h.com.br\/index.php?rest_route=\/wp\/v2\/types\/post"}],"author":[{"embeddable":true,"href":"https:\/\/minutobahia24h.com.br\/index.php?rest_route=\/wp\/v2\/users\/2"}],"replies":[{"embeddable":true,"href":"https:\/\/minutobahia24h.com.br\/index.php?rest_route=%2Fwp%2Fv2%2Fcomments&post=30905"}],"version-history":[{"count":1,"href":"https:\/\/minutobahia24h.com.br\/index.php?rest_route=\/wp\/v2\/posts\/30905\/revisions"}],"predecessor-version":[{"id":30907,"href":"https:\/\/minutobahia24h.com.br\/index.php?rest_route=\/wp\/v2\/posts\/30905\/revisions\/30907"}],"wp:featuredmedia":[{"embeddable":true,"href":"https:\/\/minutobahia24h.com.br\/index.php?rest_route=\/wp\/v2\/media\/30906"}],"wp:attachment":[{"href":"https:\/\/minutobahia24h.com.br\/index.php?rest_route=%2Fwp%2Fv2%2Fmedia&parent=30905"}],"wp:term":[{"taxonomy":"category","embeddable":true,"href":"https:\/\/minutobahia24h.com.br\/index.php?rest_route=%2Fwp%2Fv2%2Fcategories&post=30905"},{"taxonomy":"post_tag","embeddable":true,"href":"https:\/\/minutobahia24h.com.br\/index.php?rest_route=%2Fwp%2Fv2%2Ftags&post=30905"}],"curies":[{"name":"wp","href":"https:\/\/api.w.org\/{rel}","templated":true}]}}