{"id":30899,"date":"2025-06-16T07:25:31","date_gmt":"2025-06-16T10:25:31","guid":{"rendered":"https:\/\/minutobahia24h.com.br\/?p=30899"},"modified":"2025-06-16T07:25:33","modified_gmt":"2025-06-16T10:25:33","slug":"quase-metade-dos-brasileiros-avalia-que-economia-piorou-nos-ultimos-seis-meses-aponta-pesquisa","status":"publish","type":"post","link":"https:\/\/minutobahia24h.com.br\/?p=30899","title":{"rendered":"Quase metade dos brasileiros avalia que economia piorou nos \u00faltimos seis meses, aponta pesquisa"},"content":{"rendered":"<div class=\"wp-block-image\">\n<figure class=\"aligncenter size-full\"><img data-recalc-dims=\"1\" fetchpriority=\"high\" decoding=\"async\" width=\"600\" height=\"420\" src=\"https:\/\/i0.wp.com\/minutobahia24h.com.br\/wp-content\/uploads\/2025\/06\/Sem-titulo-226.jpg?resize=600%2C420&#038;ssl=1\" alt=\"\" class=\"wp-image-30900\" srcset=\"https:\/\/i0.wp.com\/minutobahia24h.com.br\/wp-content\/uploads\/2025\/06\/Sem-titulo-226.jpg?w=600&amp;ssl=1 600w, https:\/\/i0.wp.com\/minutobahia24h.com.br\/wp-content\/uploads\/2025\/06\/Sem-titulo-226.jpg?resize=300%2C210&amp;ssl=1 300w\" sizes=\"(max-width: 600px) 100vw, 600px\" \/><figcaption class=\"wp-element-caption\">Foto: Marcello Casal Jr\/Ag\u00eancia Brasil<br><\/figcaption><\/figure>\n<\/div>\n\n\n<p>A percep\u00e7\u00e3o negativa sobre a economia brasileira cresceu entre a popula\u00e7\u00e3o, segundo pesquisa divulgada no \u00faltimo s\u00e1bado (14) pelo instituto Ipsos-Ipec. De acordo com o levantamento, 49% dos brasileiros acreditam que a situa\u00e7\u00e3o econ\u00f4mica do pa\u00eds piorou nos \u00faltimos seis meses, um aumento de nove pontos percentuais em rela\u00e7\u00e3o \u00e0 \u00faltima pesquisa, realizada em dezembro de 2024, quando esse \u00edndice era de 40%.<\/p>\n\n\n\n<p>O levantamento mostra ainda que 26% dos entrevistados disseram que a situa\u00e7\u00e3o econ\u00f4mica permanece igual, enquanto 23% acreditam que houve melhora no per\u00edodo. Outros 3% n\u00e3o souberam ou preferiram n\u00e3o responder.<\/p>\n\n\n\n<p>Al\u00e9m da avalia\u00e7\u00e3o atual, a pesquisa tamb\u00e9m aponta piora nas expectativas para os pr\u00f3ximos seis meses. Agora, 39% dos entrevistados acreditam que a economia do pa\u00eds deve piorar \u2014 aumento em compara\u00e7\u00e3o com os 34% registrados em dezembro. J\u00e1 o percentual dos que acreditam em melhora caiu de 39% para 31%, e os que acham que o cen\u00e1rio continuar\u00e1 igual subiram levemente, de 22% para 24%. Os que n\u00e3o souberam responder mantiveram-se em 5%.<\/p>\n\n\n\n<p><strong>Combate ao desemprego<\/strong><\/p>\n\n\n\n<p>O levantamento tamb\u00e9m avaliou a atua\u00e7\u00e3o do governo federal no combate ao desemprego, tema sens\u00edvel para os brasileiros. 45% consideram a atua\u00e7\u00e3o \u201cruim\u201d ou \u201cp\u00e9ssima\u201d, mesmo percentual da pesquisa anterior, realizada em mar\u00e7o deste ano. A aprova\u00e7\u00e3o da atua\u00e7\u00e3o do governo caiu de 30% para 25%, e a avalia\u00e7\u00e3o regular passou de 31% para 28%. Apenas 2% dos entrevistados n\u00e3o souberam opinar.<\/p>\n\n\n\n<p>Bahia.ba<\/p>\n","protected":false},"excerpt":{"rendered":"<p>A percep\u00e7\u00e3o negativa sobre a economia brasileira cresceu entre a popula\u00e7\u00e3o, segundo pesquisa divulgada no \u00faltimo s\u00e1bado (14) pelo instituto Ipsos-Ipec. De acordo com o levantamento, 49% dos brasileiros acreditam que a situa\u00e7\u00e3o econ\u00f4mica do pa\u00eds piorou nos \u00faltimos seis meses, um aumento de nove pontos percentuais em rela\u00e7\u00e3o \u00e0 \u00faltima pesquisa, realizada em dezembro [&hellip;]<\/p>\n","protected":false},"author":2,"featured_media":30900,"comment_status":"open","ping_status":"open","sticky":false,"template":"","format":"standard","meta":{"_jetpack_memberships_contains_paid_content":false,"footnotes":""},"categories":[19],"tags":[],"class_list":["post-30899","post","type-post","status-publish","format-standard","has-post-thumbnail","hentry","category-economia"],"aioseo_notices":[],"jetpack_featured_media_url":"https:\/\/i0.wp.com\/minutobahia24h.com.br\/wp-content\/uploads\/2025\/06\/Sem-titulo-226.jpg?fit=600%2C420&ssl=1","jetpack_sharing_enabled":true,"_links":{"self":[{"href":"https:\/\/minutobahia24h.com.br\/index.php?rest_route=\/wp\/v2\/posts\/30899","targetHints":{"allow":["GET"]}}],"collection":[{"href":"https:\/\/minutobahia24h.com.br\/index.php?rest_route=\/wp\/v2\/posts"}],"about":[{"href":"https:\/\/minutobahia24h.com.br\/index.php?rest_route=\/wp\/v2\/types\/post"}],"author":[{"embeddable":true,"href":"https:\/\/minutobahia24h.com.br\/index.php?rest_route=\/wp\/v2\/users\/2"}],"replies":[{"embeddable":true,"href":"https:\/\/minutobahia24h.com.br\/index.php?rest_route=%2Fwp%2Fv2%2Fcomments&post=30899"}],"version-history":[{"count":1,"href":"https:\/\/minutobahia24h.com.br\/index.php?rest_route=\/wp\/v2\/posts\/30899\/revisions"}],"predecessor-version":[{"id":30901,"href":"https:\/\/minutobahia24h.com.br\/index.php?rest_route=\/wp\/v2\/posts\/30899\/revisions\/30901"}],"wp:featuredmedia":[{"embeddable":true,"href":"https:\/\/minutobahia24h.com.br\/index.php?rest_route=\/wp\/v2\/media\/30900"}],"wp:attachment":[{"href":"https:\/\/minutobahia24h.com.br\/index.php?rest_route=%2Fwp%2Fv2%2Fmedia&parent=30899"}],"wp:term":[{"taxonomy":"category","embeddable":true,"href":"https:\/\/minutobahia24h.com.br\/index.php?rest_route=%2Fwp%2Fv2%2Fcategories&post=30899"},{"taxonomy":"post_tag","embeddable":true,"href":"https:\/\/minutobahia24h.com.br\/index.php?rest_route=%2Fwp%2Fv2%2Ftags&post=30899"}],"curies":[{"name":"wp","href":"https:\/\/api.w.org\/{rel}","templated":true}]}}