{"id":30878,"date":"2025-06-16T07:14:46","date_gmt":"2025-06-16T10:14:46","guid":{"rendered":"https:\/\/minutobahia24h.com.br\/?p=30878"},"modified":"2025-06-16T07:14:47","modified_gmt":"2025-06-16T10:14:47","slug":"camara-vota-nesta-segunda-urgencia-para-projeto-que-derruba-novo-decreto-do-iof","status":"publish","type":"post","link":"https:\/\/minutobahia24h.com.br\/?p=30878","title":{"rendered":"C\u00e2mara vota nesta segunda urg\u00eancia para projeto que derruba novo decreto do IOF"},"content":{"rendered":"<div class=\"wp-block-image\">\n<figure class=\"aligncenter size-full\"><img data-recalc-dims=\"1\" fetchpriority=\"high\" decoding=\"async\" width=\"800\" height=\"533\" src=\"https:\/\/i0.wp.com\/minutobahia24h.com.br\/wp-content\/uploads\/2025\/06\/Sem-titulo-219.jpg?resize=800%2C533&#038;ssl=1\" alt=\"\" class=\"wp-image-30879\" srcset=\"https:\/\/i0.wp.com\/minutobahia24h.com.br\/wp-content\/uploads\/2025\/06\/Sem-titulo-219.jpg?w=888&amp;ssl=1 888w, https:\/\/i0.wp.com\/minutobahia24h.com.br\/wp-content\/uploads\/2025\/06\/Sem-titulo-219.jpg?resize=300%2C200&amp;ssl=1 300w, https:\/\/i0.wp.com\/minutobahia24h.com.br\/wp-content\/uploads\/2025\/06\/Sem-titulo-219.jpg?resize=768%2C512&amp;ssl=1 768w, https:\/\/i0.wp.com\/minutobahia24h.com.br\/wp-content\/uploads\/2025\/06\/Sem-titulo-219.jpg?resize=750%2C500&amp;ssl=1 750w\" sizes=\"(max-width: 800px) 100vw, 800px\" \/><figcaption class=\"wp-element-caption\">Presidente da C\u00e2mara dos Deputados, Hugo Motta, em sess\u00e3o plen\u00e1ria \u2014 Foto: Brenno Carvalho \/ Ag\u00eancia O Globo<br><\/figcaption><\/figure>\n<\/div>\n\n\n<p>A&nbsp;<a class=\"\" href=\"https:\/\/oglobo.globo.com\/tudo-sobre\/instituicao-governamental\/camara-dos-deputados\">C\u00e2mara dos Deputados<\/a>&nbsp;vai votar nesta segunda-feira a&nbsp;<a class=\"\" href=\"https:\/\/oglobo.globo.com\/economia\/noticia\/2025\/06\/12\/em-reacao-ao-governo-camara-vai-votar-na-segunda-projeto-que-acelera-derrubada-de-novo-decreto-sobre-iof.ghtml\">urg\u00eancia do projeto que derruba o novo decreto sobre o Imposto de Opera\u00e7\u00f5es Financeiras (IOF)<\/a>, publicado na \u00faltima semana. A medida foi anunciada pelo presidente da C\u00e2mara dos Deputados,&nbsp;<a class=\"\" href=\"https:\/\/oglobo.globo.com\/tudo-sobre\/politico\/hugo-motta\">Hugo Motta<\/a>&nbsp;(Republicanos-PB), ap\u00f3s reuni\u00e3o com l\u00edderes da Casa na quinta-feira.<\/p>\n\n\n\n<p>&#8220;Informo que o Col\u00e9gio de L\u00edderes se reuniu hoje e decidiu pautar a urg\u00eancia do PDL (Projeto de Decreto Legislativo) que susta os efeitos do novo decreto do governo que trata de aumento do IOF. Conforme tenho dito nos \u00faltimos dias, o clima na C\u00e2mara n\u00e3o \u00e9 favor\u00e1vel para o aumento de impostos com objetivo arrecadat\u00f3rio para resolver nossos problemas fiscais&#8221;, escreveu Motta nas redes sociais.<\/p>\n\n\n\n<p>Para a urg\u00eancia ser aprovada, \u00e9 necess\u00e1rio o voto favor\u00e1vel de 257 dos 513 deputados. Esse instrumento permite que o projeto seja analisado direto no plen\u00e1rio, sem precisar passar pelas comiss\u00f5es, o que acelera a tributa\u00e7\u00e3o. O projeto em si, ou seja, o m\u00e9rito do texto, n\u00e3o deve ser votado nesta segunda.<\/p>\n\n\n\n<h2 class=\"wp-block-heading\">Reuni\u00e3o com Lula<\/h2>\n\n\n\n<p>Em meio \u00e0 amea\u00e7a de derrubada das medidas do governo,&nbsp;<a class=\"\" href=\"https:\/\/oglobo.globo.com\/economia\/noticia\/2025\/06\/14\/lula-se-reune-com-hugo-motta-e-ministros-em-meio-a-negociacoes-por-pacote-fiscal.ghtml\">o presidente Luiz In\u00e1cio Lula da Silva se reuniu com o presidente da C\u00e2mara, Hugo Motta (Republicanos-PB), neste domingo<\/a>, no Pal\u00e1cio do Alvorada.<\/p>\n","protected":false},"excerpt":{"rendered":"<p>A&nbsp;C\u00e2mara dos Deputados&nbsp;vai votar nesta segunda-feira a&nbsp;urg\u00eancia do projeto que derruba o novo decreto sobre o Imposto de Opera\u00e7\u00f5es Financeiras (IOF), publicado na \u00faltima semana. A medida foi anunciada pelo presidente da C\u00e2mara dos Deputados,&nbsp;Hugo Motta&nbsp;(Republicanos-PB), ap\u00f3s reuni\u00e3o com l\u00edderes da Casa na quinta-feira. &#8220;Informo que o Col\u00e9gio de L\u00edderes se reuniu hoje e decidiu [&hellip;]<\/p>\n","protected":false},"author":2,"featured_media":30879,"comment_status":"open","ping_status":"open","sticky":false,"template":"","format":"standard","meta":{"_jetpack_memberships_contains_paid_content":false,"footnotes":""},"categories":[19],"tags":[],"class_list":["post-30878","post","type-post","status-publish","format-standard","has-post-thumbnail","hentry","category-economia"],"aioseo_notices":[],"jetpack_featured_media_url":"https:\/\/i0.wp.com\/minutobahia24h.com.br\/wp-content\/uploads\/2025\/06\/Sem-titulo-219.jpg?fit=888%2C592&ssl=1","jetpack_sharing_enabled":true,"_links":{"self":[{"href":"https:\/\/minutobahia24h.com.br\/index.php?rest_route=\/wp\/v2\/posts\/30878","targetHints":{"allow":["GET"]}}],"collection":[{"href":"https:\/\/minutobahia24h.com.br\/index.php?rest_route=\/wp\/v2\/posts"}],"about":[{"href":"https:\/\/minutobahia24h.com.br\/index.php?rest_route=\/wp\/v2\/types\/post"}],"author":[{"embeddable":true,"href":"https:\/\/minutobahia24h.com.br\/index.php?rest_route=\/wp\/v2\/users\/2"}],"replies":[{"embeddable":true,"href":"https:\/\/minutobahia24h.com.br\/index.php?rest_route=%2Fwp%2Fv2%2Fcomments&post=30878"}],"version-history":[{"count":1,"href":"https:\/\/minutobahia24h.com.br\/index.php?rest_route=\/wp\/v2\/posts\/30878\/revisions"}],"predecessor-version":[{"id":30880,"href":"https:\/\/minutobahia24h.com.br\/index.php?rest_route=\/wp\/v2\/posts\/30878\/revisions\/30880"}],"wp:featuredmedia":[{"embeddable":true,"href":"https:\/\/minutobahia24h.com.br\/index.php?rest_route=\/wp\/v2\/media\/30879"}],"wp:attachment":[{"href":"https:\/\/minutobahia24h.com.br\/index.php?rest_route=%2Fwp%2Fv2%2Fmedia&parent=30878"}],"wp:term":[{"taxonomy":"category","embeddable":true,"href":"https:\/\/minutobahia24h.com.br\/index.php?rest_route=%2Fwp%2Fv2%2Fcategories&post=30878"},{"taxonomy":"post_tag","embeddable":true,"href":"https:\/\/minutobahia24h.com.br\/index.php?rest_route=%2Fwp%2Fv2%2Ftags&post=30878"}],"curies":[{"name":"wp","href":"https:\/\/api.w.org\/{rel}","templated":true}]}}