{"id":30645,"date":"2025-06-11T12:34:40","date_gmt":"2025-06-11T15:34:40","guid":{"rendered":"https:\/\/minutobahia24h.com.br\/?p=30645"},"modified":"2025-06-11T12:34:55","modified_gmt":"2025-06-11T15:34:55","slug":"camara-de-andorinha-antecipa-16a-sessao-ordinaria-e-autoriza-municipio-a-celebrar-convenios","status":"publish","type":"post","link":"https:\/\/minutobahia24h.com.br\/?p=30645","title":{"rendered":"C\u00e2mara de Andorinha antecipa 16\u00aa Sess\u00e3o Ordin\u00e1ria e autoriza munic\u00edpio a celebrar conv\u00eanios"},"content":{"rendered":"<div class=\"wp-block-image\">\n<figure class=\"aligncenter size-large\"><img data-recalc-dims=\"1\" fetchpriority=\"high\" decoding=\"async\" width=\"800\" height=\"1000\" src=\"https:\/\/i0.wp.com\/minutobahia24h.com.br\/wp-content\/uploads\/2025\/06\/img-20250611-wa08068721322755656294063-819x1024.jpg?resize=800%2C1000&#038;ssl=1\" alt=\"\" class=\"wp-image-30643\" srcset=\"https:\/\/i0.wp.com\/minutobahia24h.com.br\/wp-content\/uploads\/2025\/06\/img-20250611-wa08068721322755656294063.jpg?resize=819%2C1024&amp;ssl=1 819w, https:\/\/i0.wp.com\/minutobahia24h.com.br\/wp-content\/uploads\/2025\/06\/img-20250611-wa08068721322755656294063.jpg?resize=240%2C300&amp;ssl=1 240w, https:\/\/i0.wp.com\/minutobahia24h.com.br\/wp-content\/uploads\/2025\/06\/img-20250611-wa08068721322755656294063.jpg?resize=768%2C960&amp;ssl=1 768w, https:\/\/i0.wp.com\/minutobahia24h.com.br\/wp-content\/uploads\/2025\/06\/img-20250611-wa08068721322755656294063.jpg?resize=750%2C938&amp;ssl=1 750w, https:\/\/i0.wp.com\/minutobahia24h.com.br\/wp-content\/uploads\/2025\/06\/img-20250611-wa08068721322755656294063.jpg?w=1080&amp;ssl=1 1080w\" sizes=\"(max-width: 800px) 100vw, 800px\" \/><\/figure>\n<\/div>\n\n\n<p>Em raz\u00e3o da relev\u00e2ncia das pautas em discuss\u00e3o, a C\u00e2mara de Vereadores de Andorinha realizou, nesta ter\u00e7a-feira (10), a 16\u00aa Sess\u00e3o Ordin\u00e1ria do primeiro per\u00edodo legislativo de 2025, antecipando a data prevista. Presidida pelo vereador Cleriston Grig\u00f3rio, a sess\u00e3o iniciou com a leitura e aprova\u00e7\u00e3o da ata da reuni\u00e3o anterior.<br><br>Um dos destaques da sess\u00e3o foi a apresenta\u00e7\u00e3o do Projeto de Lei n\u00ba 13\/25, de autoria do Poder Executivo, que autoriza o munic\u00edpio a firmar conv\u00eanios com secretarias e \u00f3rg\u00e3os federais, estaduais e municipais. A proposta tamb\u00e9m permite a celebra\u00e7\u00e3o de cons\u00f3rcios intermunicipais para a concess\u00e3o tempor\u00e1ria de m\u00e1quinas, equipamentos e servidores. Ap\u00f3s an\u00e1lise pela Comiss\u00e3o de Finan\u00e7as, o projeto foi aprovado por unanimidade e segue para san\u00e7\u00e3o do prefeito Adilberto Evangelista.<br><br>A Comiss\u00e3o de Educa\u00e7\u00e3o, Sa\u00fade, Cultura e Assist\u00eancia Social emitiu parecer favor\u00e1vel ao Projeto de Lei n\u00ba 12\/25, que institui o Programa de Incentivo \u00e0 Educa\u00e7\u00e3o de Jovens e Adultos (EJA), com foco na alfabetiza\u00e7\u00e3o e erradica\u00e7\u00e3o do analfabetismo no munic\u00edpio. A proposta foi aprovada com 8 votos a favor e 2 absten\u00e7\u00f5es.<\/p>\n\n\n<div class=\"wp-block-image\">\n<figure class=\"aligncenter size-large\"><img data-recalc-dims=\"1\" decoding=\"async\" width=\"800\" height=\"1000\" src=\"https:\/\/i0.wp.com\/minutobahia24h.com.br\/wp-content\/uploads\/2025\/06\/img-20250611-wa08115528438934580556107-819x1024.jpg?resize=800%2C1000&#038;ssl=1\" alt=\"\" class=\"wp-image-30644\" srcset=\"https:\/\/i0.wp.com\/minutobahia24h.com.br\/wp-content\/uploads\/2025\/06\/img-20250611-wa08115528438934580556107.jpg?resize=819%2C1024&amp;ssl=1 819w, https:\/\/i0.wp.com\/minutobahia24h.com.br\/wp-content\/uploads\/2025\/06\/img-20250611-wa08115528438934580556107.jpg?resize=240%2C300&amp;ssl=1 240w, https:\/\/i0.wp.com\/minutobahia24h.com.br\/wp-content\/uploads\/2025\/06\/img-20250611-wa08115528438934580556107.jpg?resize=768%2C960&amp;ssl=1 768w, https:\/\/i0.wp.com\/minutobahia24h.com.br\/wp-content\/uploads\/2025\/06\/img-20250611-wa08115528438934580556107.jpg?resize=750%2C938&amp;ssl=1 750w, https:\/\/i0.wp.com\/minutobahia24h.com.br\/wp-content\/uploads\/2025\/06\/img-20250611-wa08115528438934580556107.jpg?w=1080&amp;ssl=1 1080w\" sizes=\"(max-width: 800px) 100vw, 800px\" \/><\/figure>\n<\/div>\n\n\n<p>Outro projeto aprovado por unanimidade foi o PL n\u00ba 005\/25, do vereador Ednilson Nascimento, que declara a tradicional Fogueira do Pedro Anjo como patrim\u00f4nio cultural imaterial de Andorinha, valorizando a cultura local.<br><br>Foi apresentado o Projeto de Lei n\u00ba 006\/25, que altera a Lei n\u00ba 306\/2009, estabelecendo a identifica\u00e7\u00e3o visual obrigat\u00f3ria em ve\u00edculos oficiais do munic\u00edpio. A medida determina que todos os carros da frota, inclu\u00eddos os arrendados ou cedidos, dever\u00e3o exibir nas laterais, cap\u00f4 e porta malas a logomarca da prefeitura, com indica\u00e7\u00e3o da secretaria ou \u00f3rg\u00e3o respons\u00e1vel.<br><br>Em sua fala, o presidente Cleriston Grig\u00f3rio celebrou a implanta\u00e7\u00e3o do Ponto SAC no munic\u00edpio, fruto de indica\u00e7\u00f5es suas e do vereador Nen\u00ea do D\u00e1rio. &#8220;Em apenas seis meses de governo, conseguimos esse avan\u00e7o, que vai facilitar a emiss\u00e3o de documentos e oferecer cursos profissionalizantes, evitando que a popula\u00e7\u00e3o precise se deslocar para outras cidades&#8221;, destacou.<br><br><br>ASCOM \u2013 C\u00e2mara de Vereadores de Andorinha<\/p>\n","protected":false},"excerpt":{"rendered":"<p>Em raz\u00e3o da relev\u00e2ncia das pautas em discuss\u00e3o, a C\u00e2mara de Vereadores de Andorinha realizou, nesta ter\u00e7a-feira (10), a 16\u00aa Sess\u00e3o Ordin\u00e1ria do primeiro per\u00edodo legislativo de 2025, antecipando a data prevista. Presidida pelo vereador Cleriston Grig\u00f3rio, a sess\u00e3o iniciou com a leitura e aprova\u00e7\u00e3o da ata da reuni\u00e3o anterior. Um dos destaques da sess\u00e3o [&hellip;]<\/p>\n","protected":false},"author":2,"featured_media":30643,"comment_status":"open","ping_status":"open","sticky":false,"template":"","format":"standard","meta":{"_jetpack_memberships_contains_paid_content":false,"footnotes":""},"categories":[3],"tags":[55],"class_list":["post-30645","post","type-post","status-publish","format-standard","has-post-thumbnail","hentry","category-regional","tag-andorinha"],"aioseo_notices":[],"jetpack_featured_media_url":"https:\/\/i0.wp.com\/minutobahia24h.com.br\/wp-content\/uploads\/2025\/06\/img-20250611-wa08068721322755656294063.jpg?fit=1080%2C1350&ssl=1","jetpack_sharing_enabled":true,"_links":{"self":[{"href":"https:\/\/minutobahia24h.com.br\/index.php?rest_route=\/wp\/v2\/posts\/30645","targetHints":{"allow":["GET"]}}],"collection":[{"href":"https:\/\/minutobahia24h.com.br\/index.php?rest_route=\/wp\/v2\/posts"}],"about":[{"href":"https:\/\/minutobahia24h.com.br\/index.php?rest_route=\/wp\/v2\/types\/post"}],"author":[{"embeddable":true,"href":"https:\/\/minutobahia24h.com.br\/index.php?rest_route=\/wp\/v2\/users\/2"}],"replies":[{"embeddable":true,"href":"https:\/\/minutobahia24h.com.br\/index.php?rest_route=%2Fwp%2Fv2%2Fcomments&post=30645"}],"version-history":[{"count":1,"href":"https:\/\/minutobahia24h.com.br\/index.php?rest_route=\/wp\/v2\/posts\/30645\/revisions"}],"predecessor-version":[{"id":30646,"href":"https:\/\/minutobahia24h.com.br\/index.php?rest_route=\/wp\/v2\/posts\/30645\/revisions\/30646"}],"wp:featuredmedia":[{"embeddable":true,"href":"https:\/\/minutobahia24h.com.br\/index.php?rest_route=\/wp\/v2\/media\/30643"}],"wp:attachment":[{"href":"https:\/\/minutobahia24h.com.br\/index.php?rest_route=%2Fwp%2Fv2%2Fmedia&parent=30645"}],"wp:term":[{"taxonomy":"category","embeddable":true,"href":"https:\/\/minutobahia24h.com.br\/index.php?rest_route=%2Fwp%2Fv2%2Fcategories&post=30645"},{"taxonomy":"post_tag","embeddable":true,"href":"https:\/\/minutobahia24h.com.br\/index.php?rest_route=%2Fwp%2Fv2%2Ftags&post=30645"}],"curies":[{"name":"wp","href":"https:\/\/api.w.org\/{rel}","templated":true}]}}