{"id":30473,"date":"2025-06-09T14:53:03","date_gmt":"2025-06-09T17:53:03","guid":{"rendered":"https:\/\/minutobahia24h.com.br\/?p=30473"},"modified":"2025-06-09T14:53:04","modified_gmt":"2025-06-09T17:53:04","slug":"caem-e-1-lugar-em-atencao-basica-entre-as-38-cidades-da-macrorregiao-e-11o-entre-os-417-municipios-da-bahia","status":"publish","type":"post","link":"https:\/\/minutobahia24h.com.br\/?p=30473","title":{"rendered":"Ca\u00e9m \u00e9 1\u00b0 lugar em Aten\u00e7\u00e3o B\u00e1sica entre as 38 cidades da macrorregi\u00e3o e 11\u00ba entre os 417 munic\u00edpios da Bahia"},"content":{"rendered":"<div class=\"wp-block-image\">\n<figure class=\"aligncenter size-full\"><img data-recalc-dims=\"1\" fetchpriority=\"high\" decoding=\"async\" width=\"640\" height=\"453\" src=\"https:\/\/i0.wp.com\/minutobahia24h.com.br\/wp-content\/uploads\/2025\/06\/Sem-titulo-119.jpg?resize=640%2C453&#038;ssl=1\" alt=\"\" class=\"wp-image-30474\" srcset=\"https:\/\/i0.wp.com\/minutobahia24h.com.br\/wp-content\/uploads\/2025\/06\/Sem-titulo-119.jpg?w=640&amp;ssl=1 640w, https:\/\/i0.wp.com\/minutobahia24h.com.br\/wp-content\/uploads\/2025\/06\/Sem-titulo-119.jpg?resize=300%2C212&amp;ssl=1 300w, https:\/\/i0.wp.com\/minutobahia24h.com.br\/wp-content\/uploads\/2025\/06\/Sem-titulo-119.jpg?resize=120%2C86&amp;ssl=1 120w\" sizes=\"(max-width: 640px) 100vw, 640px\" \/><\/figure>\n<\/div>\n\n\n<p>Na avalia\u00e7\u00e3o do primeiro quadrimestre do ano de 2025, do Programa Previne Brasil, divulgado nesta semana pelo Minist\u00e9rio da Sa\u00fade, Ca\u00e9m manteve a 1\u00aa coloca\u00e7\u00e3o entre os 38 munic\u00edpios da macrorregi\u00e3o e d\u00e9cimo primeiro lugar na Bahia.<\/p>\n\n\n\n<p>Conforme o prefeito Arnaldinho, esse resultado \u00e9 fruto dos investimentos que a gest\u00e3o municipal tem realizado na Aten\u00e7\u00e3o B\u00e1sica, aumento de profissionais para atender as demandas da popula\u00e7\u00e3o, reorganiza\u00e7\u00e3o de fluxos e de processos de trabalho, reformas das Unidades de Sa\u00fade, entre outros.<\/p>\n\n\n\n<p>\u201cNosso objetivo \u00e9 levar uma assist\u00eancia de mais qualidade para a nossa popula\u00e7\u00e3o, seja na Sa\u00fade, como em outras \u00e1reas que tamb\u00e9m achamos essenciais, como a Educa\u00e7\u00e3o, Assist\u00eancia Social, Infraestrutura e Agricultura. Queremos agradecer a todas as equipes pelo engajamento, pela coragem, pela for\u00e7a, pelo desempenho, porque sabemos que n\u00e3o \u00e9 f\u00e1cil, \u00e9 uma tarefa \u00e1rdua de todos os dias, mas deixamos aqui o nosso sincero agradecimento a cada profissional comprometido com essa miss\u00e3o de melhorar a sa\u00fade de nossa popula\u00e7\u00e3o\u201d.<\/p>\n\n\n\n<p>Previne Brasil \u2013 O programa federal avalia a performance das cidades, baseando-se nos 7 indicadores da Aten\u00e7\u00e3o Prim\u00e1ria, a cada quatro meses. Os resultados est\u00e3o dispon\u00edveis no site do Minist\u00e9rio da Sa\u00fade.<\/p>\n\n\n\n<p>O Programa Previne Brasil estabelece novo modelo de financiamento de custeio da Aten\u00e7\u00e3o Prim\u00e1ria \u00e0 Sa\u00fade no \u00e2mbito do Sistema \u00danico de Sa\u00fade (SUS. O novo modelo de financiamento altera algumas formas de repasse das transfer\u00eancias para os munic\u00edpios, que passam a ser distribu\u00eddas com base em crit\u00e9rios, entre eles, pagamento por desempenho e incentivo para a\u00e7\u00f5es estrat\u00e9gicas, com foco em aumentar o acesso das pessoas aos servi\u00e7os da Aten\u00e7\u00e3o Prim\u00e1ria e fortalecer o v\u00ednculo entre a popula\u00e7\u00e3o e a equipe de Aten\u00e7\u00e3o B\u00e1sica.<\/p>\n\n\n\n<p>Fonte: Jacobina 24 Horas<\/p>\n","protected":false},"excerpt":{"rendered":"<p>Na avalia\u00e7\u00e3o do primeiro quadrimestre do ano de 2025, do Programa Previne Brasil, divulgado nesta semana pelo Minist\u00e9rio da Sa\u00fade, Ca\u00e9m manteve a 1\u00aa coloca\u00e7\u00e3o entre os 38 munic\u00edpios da macrorregi\u00e3o e d\u00e9cimo primeiro lugar na Bahia. Conforme o prefeito Arnaldinho, esse resultado \u00e9 fruto dos investimentos que a gest\u00e3o municipal tem realizado na Aten\u00e7\u00e3o [&hellip;]<\/p>\n","protected":false},"author":2,"featured_media":30474,"comment_status":"open","ping_status":"open","sticky":false,"template":"","format":"standard","meta":{"_jetpack_memberships_contains_paid_content":false,"footnotes":""},"categories":[3],"tags":[],"class_list":["post-30473","post","type-post","status-publish","format-standard","has-post-thumbnail","hentry","category-regional"],"aioseo_notices":[],"jetpack_featured_media_url":"https:\/\/i0.wp.com\/minutobahia24h.com.br\/wp-content\/uploads\/2025\/06\/Sem-titulo-119.jpg?fit=640%2C453&ssl=1","jetpack_sharing_enabled":true,"_links":{"self":[{"href":"https:\/\/minutobahia24h.com.br\/index.php?rest_route=\/wp\/v2\/posts\/30473","targetHints":{"allow":["GET"]}}],"collection":[{"href":"https:\/\/minutobahia24h.com.br\/index.php?rest_route=\/wp\/v2\/posts"}],"about":[{"href":"https:\/\/minutobahia24h.com.br\/index.php?rest_route=\/wp\/v2\/types\/post"}],"author":[{"embeddable":true,"href":"https:\/\/minutobahia24h.com.br\/index.php?rest_route=\/wp\/v2\/users\/2"}],"replies":[{"embeddable":true,"href":"https:\/\/minutobahia24h.com.br\/index.php?rest_route=%2Fwp%2Fv2%2Fcomments&post=30473"}],"version-history":[{"count":1,"href":"https:\/\/minutobahia24h.com.br\/index.php?rest_route=\/wp\/v2\/posts\/30473\/revisions"}],"predecessor-version":[{"id":30475,"href":"https:\/\/minutobahia24h.com.br\/index.php?rest_route=\/wp\/v2\/posts\/30473\/revisions\/30475"}],"wp:featuredmedia":[{"embeddable":true,"href":"https:\/\/minutobahia24h.com.br\/index.php?rest_route=\/wp\/v2\/media\/30474"}],"wp:attachment":[{"href":"https:\/\/minutobahia24h.com.br\/index.php?rest_route=%2Fwp%2Fv2%2Fmedia&parent=30473"}],"wp:term":[{"taxonomy":"category","embeddable":true,"href":"https:\/\/minutobahia24h.com.br\/index.php?rest_route=%2Fwp%2Fv2%2Fcategories&post=30473"},{"taxonomy":"post_tag","embeddable":true,"href":"https:\/\/minutobahia24h.com.br\/index.php?rest_route=%2Fwp%2Fv2%2Ftags&post=30473"}],"curies":[{"name":"wp","href":"https:\/\/api.w.org\/{rel}","templated":true}]}}