{"id":30470,"date":"2025-06-09T14:51:43","date_gmt":"2025-06-09T17:51:43","guid":{"rendered":"https:\/\/minutobahia24h.com.br\/?p=30470"},"modified":"2025-06-09T14:51:45","modified_gmt":"2025-06-09T17:51:45","slug":"casa-nova-em-clima-festivo-anisio-viana-lanca-festa-do-interior-2025","status":"publish","type":"post","link":"https:\/\/minutobahia24h.com.br\/?p=30470","title":{"rendered":"Casa Nova: Em clima festivo, Anisio Viana lan\u00e7a Festa do Interior 2025"},"content":{"rendered":"<div class=\"wp-block-image\">\n<figure class=\"aligncenter size-full\"><img data-recalc-dims=\"1\" fetchpriority=\"high\" decoding=\"async\" width=\"750\" height=\"499\" src=\"https:\/\/i0.wp.com\/minutobahia24h.com.br\/wp-content\/uploads\/2025\/06\/Sem-titulo-118.jpg?resize=750%2C499&#038;ssl=1\" alt=\"\" class=\"wp-image-30471\" srcset=\"https:\/\/i0.wp.com\/minutobahia24h.com.br\/wp-content\/uploads\/2025\/06\/Sem-titulo-118.jpg?w=750&amp;ssl=1 750w, https:\/\/i0.wp.com\/minutobahia24h.com.br\/wp-content\/uploads\/2025\/06\/Sem-titulo-118.jpg?resize=300%2C200&amp;ssl=1 300w\" sizes=\"(max-width: 750px) 100vw, 750px\" \/><figcaption class=\"wp-element-caption\">Foto: Ascom PMCN\/divulga\u00e7\u00e3o<br><\/figcaption><\/figure>\n<\/div>\n\n\n<p>Em Casa Nova, Norte da Bahia, o prefeito Anisio Viana anunciou oficialmente, nesse domingo (8), a programa\u00e7\u00e3o da Festa do Interior 2025, um dos eventos mais tradicionais do Vale do S\u00e3o Francisco. O lan\u00e7amento aconteceu nas Dunas de Casa Nova, cart\u00e3o-postal da cidade, reunindo um grande p\u00fablico ao som contagiante de Raffa Castro e da banda Voa Voa, que embalaram o clima festivo da tarde.<\/p>\n\n\n\n<p>Com o tema \u2018Resgate das Tradi\u00e7\u00f5es\u2019, a Festa do Interior 2025 marca o reencontro do povo de Casa Nova com sua cultura, identidade e alegria. Em sua fala durante o lan\u00e7amento, Anisio Viana destacou o compromisso da gest\u00e3o com a valoriza\u00e7\u00e3o da cultura popular. \u201c<em>\u00c9 uma alegria imensa anunciar o resgate das nossas tradi\u00e7\u00f5es. Essa festa que foi criada pelo meu pai Gilson Viana, quando prefeito, agora vai voltar ao povo. Vamos devolver \u00e0 nossa cidade a cultura. Ser\u00e1 uma festa democr\u00e1tica, sem privatiza\u00e7\u00e3o, onde todos ter\u00e3o acesso e espa\u00e7o<\/em>\u201c, disse o prefeito.<\/p>\n\n\n\n<p>A programa\u00e7\u00e3o oficial da festa promete tr\u00eas noites de muito forr\u00f3, emo\u00e7\u00e3o e mem\u00f3rias vivas do Sert\u00e3o, entre os dias 11 e 13 de julho, na Pra\u00e7a de Eventos da cidade, com grandes nomes da m\u00fasica nacional e regional. A valoriza\u00e7\u00e3o dos artistas locais e dos sanfoneiros da terra tamb\u00e9m \u00e9 prioridade nesta edi\u00e7\u00e3o, garantindo espa\u00e7o e destaque \u00e0queles que mant\u00eam viva a ess\u00eancia da festa. Al\u00e9m dos shows, o dia 13 (domingo) contar\u00e1 com uma atra\u00e7\u00e3o especial para as crian\u00e7as: o parque de divers\u00f5es ter\u00e1 acesso gratuito, garantindo inclus\u00e3o e alegria para toda a fam\u00edlia.<\/p>\n\n\n\n<p>A trabalhadora rural Maria Laura Lima, que acompanhou o lan\u00e7amento nas Dunas, aprovou a grade e o formato da festa. \u201c<em>\u00c9 uma alegria ver nossa tradi\u00e7\u00e3o sendo valorizada de novo. A festa promete ser linda e j\u00e1 estou na expectativa<\/em>\u201c, disse.<\/p>\n\n\n\n<p><strong>Programa\u00e7\u00e3o<\/strong><\/p>\n\n\n\n<p>Sexta \u2013 11\/07<\/p>\n\n\n\n<p>Lim\u00e3o com Mel<\/p>\n\n\n\n<p>Seu Desejo<\/p>\n\n\n\n<p>Marcinho Sensa\u00e7\u00e3o<\/p>\n\n\n\n<p>S\u00e1bado \u2013 12\/07<\/p>\n\n\n\n<p>Gustavo Mioto<\/p>\n\n\n\n<p>Fl\u00e1vio Leandro<\/p>\n\n\n\n<p>Asas Livres<\/p>\n\n\n\n<p>Canind\u00e9<\/p>\n\n\n\n<p>Domingo \u2013 13\/07<\/p>\n\n\n\n<p>Tarc\u00edsio do Acordeon<\/p>\n\n\n\n<p>Heitor Costa<\/p>\n\n\n\n<p>Filhos de Jorge<\/p>\n\n\n\n<p>Deivinho Novaes<\/p>\n\n\n\n<p>carlosbritto<\/p>\n","protected":false},"excerpt":{"rendered":"<p>Em Casa Nova, Norte da Bahia, o prefeito Anisio Viana anunciou oficialmente, nesse domingo (8), a programa\u00e7\u00e3o da Festa do Interior 2025, um dos eventos mais tradicionais do Vale do S\u00e3o Francisco. O lan\u00e7amento aconteceu nas Dunas de Casa Nova, cart\u00e3o-postal da cidade, reunindo um grande p\u00fablico ao som contagiante de Raffa Castro e da [&hellip;]<\/p>\n","protected":false},"author":2,"featured_media":30471,"comment_status":"open","ping_status":"open","sticky":false,"template":"","format":"standard","meta":{"_jetpack_memberships_contains_paid_content":false,"footnotes":""},"categories":[3],"tags":[],"class_list":["post-30470","post","type-post","status-publish","format-standard","has-post-thumbnail","hentry","category-regional"],"aioseo_notices":[],"jetpack_featured_media_url":"https:\/\/i0.wp.com\/minutobahia24h.com.br\/wp-content\/uploads\/2025\/06\/Sem-titulo-118.jpg?fit=750%2C499&ssl=1","jetpack_sharing_enabled":true,"_links":{"self":[{"href":"https:\/\/minutobahia24h.com.br\/index.php?rest_route=\/wp\/v2\/posts\/30470","targetHints":{"allow":["GET"]}}],"collection":[{"href":"https:\/\/minutobahia24h.com.br\/index.php?rest_route=\/wp\/v2\/posts"}],"about":[{"href":"https:\/\/minutobahia24h.com.br\/index.php?rest_route=\/wp\/v2\/types\/post"}],"author":[{"embeddable":true,"href":"https:\/\/minutobahia24h.com.br\/index.php?rest_route=\/wp\/v2\/users\/2"}],"replies":[{"embeddable":true,"href":"https:\/\/minutobahia24h.com.br\/index.php?rest_route=%2Fwp%2Fv2%2Fcomments&post=30470"}],"version-history":[{"count":1,"href":"https:\/\/minutobahia24h.com.br\/index.php?rest_route=\/wp\/v2\/posts\/30470\/revisions"}],"predecessor-version":[{"id":30472,"href":"https:\/\/minutobahia24h.com.br\/index.php?rest_route=\/wp\/v2\/posts\/30470\/revisions\/30472"}],"wp:featuredmedia":[{"embeddable":true,"href":"https:\/\/minutobahia24h.com.br\/index.php?rest_route=\/wp\/v2\/media\/30471"}],"wp:attachment":[{"href":"https:\/\/minutobahia24h.com.br\/index.php?rest_route=%2Fwp%2Fv2%2Fmedia&parent=30470"}],"wp:term":[{"taxonomy":"category","embeddable":true,"href":"https:\/\/minutobahia24h.com.br\/index.php?rest_route=%2Fwp%2Fv2%2Fcategories&post=30470"},{"taxonomy":"post_tag","embeddable":true,"href":"https:\/\/minutobahia24h.com.br\/index.php?rest_route=%2Fwp%2Fv2%2Ftags&post=30470"}],"curies":[{"name":"wp","href":"https:\/\/api.w.org\/{rel}","templated":true}]}}