{"id":30420,"date":"2025-06-09T06:56:59","date_gmt":"2025-06-09T09:56:59","guid":{"rendered":"https:\/\/minutobahia24h.com.br\/?p=30420"},"modified":"2025-06-09T06:57:01","modified_gmt":"2025-06-09T09:57:01","slug":"investimento-alto-aluguel-para-o-sao-joao-na-bahia-chega-a-r-15-mil","status":"publish","type":"post","link":"https:\/\/minutobahia24h.com.br\/?p=30420","title":{"rendered":"Investimento alto: aluguel para o S\u00e3o Jo\u00e3o na Bahia chega a R$ 15 mil"},"content":{"rendered":"<div class=\"wp-block-image\">\n<figure class=\"aligncenter size-large\"><img data-recalc-dims=\"1\" fetchpriority=\"high\" decoding=\"async\" width=\"800\" height=\"534\" src=\"https:\/\/i0.wp.com\/minutobahia24h.com.br\/wp-content\/uploads\/2025\/06\/Sem-titulo-106-1024x683.jpg?resize=800%2C534&#038;ssl=1\" alt=\"\" class=\"wp-image-30421\" srcset=\"https:\/\/i0.wp.com\/minutobahia24h.com.br\/wp-content\/uploads\/2025\/06\/Sem-titulo-106.jpg?resize=1024%2C683&amp;ssl=1 1024w, https:\/\/i0.wp.com\/minutobahia24h.com.br\/wp-content\/uploads\/2025\/06\/Sem-titulo-106.jpg?resize=300%2C200&amp;ssl=1 300w, https:\/\/i0.wp.com\/minutobahia24h.com.br\/wp-content\/uploads\/2025\/06\/Sem-titulo-106.jpg?resize=768%2C512&amp;ssl=1 768w, https:\/\/i0.wp.com\/minutobahia24h.com.br\/wp-content\/uploads\/2025\/06\/Sem-titulo-106.jpg?resize=750%2C500&amp;ssl=1 750w, https:\/\/i0.wp.com\/minutobahia24h.com.br\/wp-content\/uploads\/2025\/06\/Sem-titulo-106.jpg?w=1080&amp;ssl=1 1080w\" sizes=\"(max-width: 800px) 100vw, 800px\" \/><figcaption class=\"wp-element-caption\">Cachoeira \u00e9 uma cidades mais procuradas para o S\u00e3o Jo\u00e3o &#8211;\u00a0Foto: Raphael Muller \/ Ag. A TARDE<br><br><\/figcaption><\/figure>\n<\/div>\n\n\n<p>De 18 a 24 de junho, a&nbsp;<a href=\"https:\/\/atarde.com.br\/bahia\" target=\"_blank\" rel=\"noreferrer noopener\">Bahia<\/a>&nbsp;celebrar\u00e1 oficialmente o&nbsp;<a href=\"https:\/\/atarde.com.br\/sao-joao\" target=\"_blank\" rel=\"noreferrer noopener\">S\u00e3o Jo\u00e3o<\/a>, em mais de 270 munic\u00edpios, com investimento de mais de R$ 7 milh\u00f5es. Para os habitantes das cidades com os festejos mais famosos, o per\u00edodo \u00e9 uma oportunidade de conseguir uma renda extra com o aluguel de im\u00f3veis durante as datas da festa.<\/p>\n\n\n\n<p>Em Santo Ant\u00f4nio de Jesus, j\u00e1 n\u00e3o h\u00e1 casas dispon\u00edveis para o per\u00edodo, como conta F\u00e1bio Braga, corretor e delegado regional do Conselho Regional de Corretores de Im\u00f3veis Bahia (Creci-BA). \u201cOs turistas come\u00e7aram a procurar em mar\u00e7o. Muitos moradores saem da pr\u00f3pria casa e v\u00e3o passar o S\u00e3o Jo\u00e3o com familiares para locar o espa\u00e7o e ganhar um dinheiro a mais\u201d, diz.<\/p>\n\n\n\n<p>Na cidade, cujas principais atra\u00e7\u00f5es incluem Jorge e Mateus, Simone Mendes, Xand Avi\u00e3o, Daniel e Ana Castela, o pacote de cinco dias de aluguel em casas mais simples varia entre R$ 3 mil e R$ 5 mil. J\u00e1 im\u00f3veis com mais estrutura, como piscina e churrasqueira, custam entre R$ 8 mil e R$ 15 mil, segundo Braga. \u201cO perfil dos clientes \u00e9 cada vez mais diversificado. Tem muitos grupos de jovens ou grupos com tr\u00eas ou quatro casais, mas tamb\u00e9m v\u00eam fam\u00edlias com crian\u00e7as\u201d, conta o corretor.<\/p>\n\n\n\n<h2 class=\"wp-block-heading\">Lideran\u00e7a no investimento<\/h2>\n\n\n\n<p>Em Cruz das Almas, que lidera o investimento para o S\u00e3o Jo\u00e3o, com R$ 9,29 milh\u00f5es, a Prefeitura estima que 500 mil pessoas participaram da festa, com ocupa\u00e7\u00e3o total da rede hoteleira local e um aumento de 30% nos pre\u00e7os dos alugu\u00e9is de temporada.<\/p>\n\n\n\n<p>A expectativa de faturamento \u00e9 de cerca de R$ 50 milh\u00f5es, com proje\u00e7\u00e3o de crescimento de 50% nas vendas do com\u00e9rcio. \u201cJ\u00e1 alugamos 21 im\u00f3veis, e o pessoal continua procurando\u201d, celebra o corretor Jeov\u00e1 Junior. Ele conta que o pacote de loca\u00e7\u00e3o de seis dias varia de R$ 3 mil a R $8 mil &#8211; quanto mais perto do circuito da festa, maior o valor.<\/p>\n\n\n\n<p>O S\u00e3o Jo\u00e3o de Cruz das Almas est\u00e1 marcado para ocorrer entre os dias 19 e 24 de junho e contar\u00e1 com uma grade de 30 atra\u00e7\u00f5es, entre elas nomes como Wesley Safad\u00e3o, Simone Mendes, Nattan, Xand Avi\u00e3o, Tarc\u00edsio do Acordeon e Mari Fernandez.<\/p>\n\n\n\n<p>\u201cQuando mais diversificados s\u00e3o os g\u00eaneros musicais da programa\u00e7\u00e3o, maior \u00e9 a procura por alugu\u00e9is para esse per\u00edodo\u201d, comenta Sandra Pureza, esposa de Jeov\u00e1 e tamb\u00e9m corretora. O sucesso dos festejos juninos \u00e9 tamanho que o casal tem observado uma nova modalidade de aluguel: \u201cMuitos jovens est\u00e3o alugando casas ou kitnets sem mob\u00edlia alguma. Eles trazem apenas um colch\u00e3o, s\u00f3 para dormir mesmo, enquanto curtem os dias de festa por aqui e em outras cidades da regi\u00e3o\u201d, contam.<\/p>\n\n\n\n<p>Mesmo os munic\u00edpios que n\u00e3o t\u00eam tanta tradi\u00e7\u00e3o junina come\u00e7am a atrair a aten\u00e7\u00e3o dos turistas. \u00c9 o caso de Valen\u00e7a, no baixo sul do estado, que contar\u00e1 com shows de Bell Marques, Belo, Lim\u00e3o com Mel, Adelm\u00e1rio Coelho, Leonardo, L\u00e9o Santana e Solange Almeida, entre outros. \u201cComecei a receber liga\u00e7\u00f5es de poss\u00edveis clientes querendo casas para alugar e estou procurando esses im\u00f3veis na cidade. Historicamente, n\u00e3o temos essa demanda. Por aqui, as pessoas n\u00e3o t\u00eam o h\u00e1bito de sair de suas casas para alugar para terceiros\u201d, conta o corretor Ailton Andrade.<\/p>\n\n\n\n<h2 class=\"wp-block-heading\">Contrato de loca\u00e7\u00e3o<\/h2>\n\n\n\n<p>Para quem vai alugar seu im\u00f3vel, F\u00e1bio Braga recomenda sempre formalizar a transa\u00e7\u00e3o por meio de um contrato. Esse documento deve especificar o n\u00famero m\u00e1ximo de ocupantes e conter um invent\u00e1rio detalhado dos itens existentes na propriedade.<\/p>\n\n\n\n<p>O corretor tamb\u00e9m indica a realiza\u00e7\u00e3o de uma vistoria minuciosa, com registro em fotos e v\u00eddeos, verificando o funcionamento de eletrodom\u00e9sticos e demais equipamentos. \u201cEsse procedimento deve ser repetido na devolu\u00e7\u00e3o do im\u00f3vel, garantindo que tudo permane\u00e7a em bom estado\u201d, ressalta.<\/p>\n\n\n\n<p>Braga sugere ainda que os propriet\u00e1rios solicitem um valor cau\u00e7\u00e3o como garantia. Em rela\u00e7\u00e3o \u00e0s contas de consumo, como \u00e1gua e luz, a dica \u00e9 conferir os medidores no momento da sa\u00edda dos h\u00f3spedes, calcular os gastos e repass\u00e1-los aos locat\u00e1rios.<\/p>\n\n\n\n<p>Para completar, ele recomenda incluir no valor do aluguel uma taxa para servi\u00e7os de limpeza e manuten\u00e7\u00e3o, preferencialmente realizados por algu\u00e9m de confian\u00e7a do propriet\u00e1rio. Essa medida ajuda a assegurar a conserva\u00e7\u00e3o do espa\u00e7o e evita eventuais dores de cabe\u00e7a ap\u00f3s o uso.<\/p>\n\n\n\n<p>Atarde<\/p>\n","protected":false},"excerpt":{"rendered":"<p>De 18 a 24 de junho, a&nbsp;Bahia&nbsp;celebrar\u00e1 oficialmente o&nbsp;S\u00e3o Jo\u00e3o, em mais de 270 munic\u00edpios, com investimento de mais de R$ 7 milh\u00f5es. Para os habitantes das cidades com os festejos mais famosos, o per\u00edodo \u00e9 uma oportunidade de conseguir uma renda extra com o aluguel de im\u00f3veis durante as datas da festa. Em Santo [&hellip;]<\/p>\n","protected":false},"author":2,"featured_media":30421,"comment_status":"open","ping_status":"open","sticky":false,"template":"","format":"standard","meta":{"_jetpack_memberships_contains_paid_content":false,"footnotes":""},"categories":[46],"tags":[],"class_list":["post-30420","post","type-post","status-publish","format-standard","has-post-thumbnail","hentry","category-noticia"],"aioseo_notices":[],"jetpack_featured_media_url":"https:\/\/i0.wp.com\/minutobahia24h.com.br\/wp-content\/uploads\/2025\/06\/Sem-titulo-106.jpg?fit=1080%2C720&ssl=1","jetpack_sharing_enabled":true,"_links":{"self":[{"href":"https:\/\/minutobahia24h.com.br\/index.php?rest_route=\/wp\/v2\/posts\/30420","targetHints":{"allow":["GET"]}}],"collection":[{"href":"https:\/\/minutobahia24h.com.br\/index.php?rest_route=\/wp\/v2\/posts"}],"about":[{"href":"https:\/\/minutobahia24h.com.br\/index.php?rest_route=\/wp\/v2\/types\/post"}],"author":[{"embeddable":true,"href":"https:\/\/minutobahia24h.com.br\/index.php?rest_route=\/wp\/v2\/users\/2"}],"replies":[{"embeddable":true,"href":"https:\/\/minutobahia24h.com.br\/index.php?rest_route=%2Fwp%2Fv2%2Fcomments&post=30420"}],"version-history":[{"count":1,"href":"https:\/\/minutobahia24h.com.br\/index.php?rest_route=\/wp\/v2\/posts\/30420\/revisions"}],"predecessor-version":[{"id":30422,"href":"https:\/\/minutobahia24h.com.br\/index.php?rest_route=\/wp\/v2\/posts\/30420\/revisions\/30422"}],"wp:featuredmedia":[{"embeddable":true,"href":"https:\/\/minutobahia24h.com.br\/index.php?rest_route=\/wp\/v2\/media\/30421"}],"wp:attachment":[{"href":"https:\/\/minutobahia24h.com.br\/index.php?rest_route=%2Fwp%2Fv2%2Fmedia&parent=30420"}],"wp:term":[{"taxonomy":"category","embeddable":true,"href":"https:\/\/minutobahia24h.com.br\/index.php?rest_route=%2Fwp%2Fv2%2Fcategories&post=30420"},{"taxonomy":"post_tag","embeddable":true,"href":"https:\/\/minutobahia24h.com.br\/index.php?rest_route=%2Fwp%2Fv2%2Ftags&post=30420"}],"curies":[{"name":"wp","href":"https:\/\/api.w.org\/{rel}","templated":true}]}}