{"id":30417,"date":"2025-06-09T06:54:38","date_gmt":"2025-06-09T09:54:38","guid":{"rendered":"https:\/\/minutobahia24h.com.br\/?p=30417"},"modified":"2025-06-09T06:54:41","modified_gmt":"2025-06-09T09:54:41","slug":"diretoria-afasta-guarda-municipal-que-atirou-em-casal-em-piata-orgao-promete-rigor-na-investigacao","status":"publish","type":"post","link":"https:\/\/minutobahia24h.com.br\/?p=30417","title":{"rendered":"Diretoria afasta guarda municipal que atirou em casal em Piat\u00e3; \u00f3rg\u00e3o promete rigor na investiga\u00e7\u00e3o"},"content":{"rendered":"<div class=\"wp-block-image\">\n<figure class=\"aligncenter size-full\"><img data-recalc-dims=\"1\" fetchpriority=\"high\" decoding=\"async\" width=\"800\" height=\"448\" src=\"https:\/\/i0.wp.com\/minutobahia24h.com.br\/wp-content\/uploads\/2025\/06\/Sem-titulo-105.jpg?resize=800%2C448&#038;ssl=1\" alt=\"\" class=\"wp-image-30418\" srcset=\"https:\/\/i0.wp.com\/minutobahia24h.com.br\/wp-content\/uploads\/2025\/06\/Sem-titulo-105.jpg?w=800&amp;ssl=1 800w, https:\/\/i0.wp.com\/minutobahia24h.com.br\/wp-content\/uploads\/2025\/06\/Sem-titulo-105.jpg?resize=300%2C168&amp;ssl=1 300w, https:\/\/i0.wp.com\/minutobahia24h.com.br\/wp-content\/uploads\/2025\/06\/Sem-titulo-105.jpg?resize=768%2C430&amp;ssl=1 768w, https:\/\/i0.wp.com\/minutobahia24h.com.br\/wp-content\/uploads\/2025\/06\/Sem-titulo-105.jpg?resize=750%2C420&amp;ssl=1 750w\" sizes=\"(max-width: 800px) 100vw, 800px\" \/><figcaption class=\"wp-element-caption\">Durante opera\u00e7\u00e3o contra furtos, guarda civil disparou contra motorista que tentou fugir, ferindo tamb\u00e9m uma passageira.\u00a0\u00a0|\u00a0\u00a0\u00a0<img decoding=\"async\" width=\"17\" height=\"17\" data-src=\"https:\/\/www.bnews.com.br\/static\/img\/camera_icon.svg\" alt=\"Bnews - Divulga\u00e7\u00e3o\" src=\"data:image\/gif;base64,R0lGODlhAQABAAAAACH5BAEKAAEALAAAAAABAAEAAAICTAEAOw==\" class=\"lazyload\"><noscript><img decoding=\"async\" width=\"17\" height=\"17\" src=\"https:\/\/www.bnews.com.br\/static\/img\/camera_icon.svg\" alt=\"Bnews - Divulga\u00e7\u00e3o\"><\/noscript>\u00a0Leitor BNews<br><a href=\"https:\/\/www.bnews.com.br\/autor\/redacao-bnews\/\"><\/a><\/figcaption><\/figure>\n<\/div>\n\n\n<p>A Diretoria de Seguran\u00e7a Urbana e Preven\u00e7\u00e3o \u00e0 Viol\u00eancia, vinculada \u00e0 Secretaria Municipal de Ordem P\u00fablica (Semop), comandada pelo coronel da reserva da Pol\u00edcia Militar, Humberto Sturaro,\u00a0<a href=\"https:\/\/www.bnews.com.br\/noticias\/policia\/urgente-homem-e-mulher-sao-baleados-durante-abordagem-da-guarda-civil-em-salvador-veja-video.html\" target=\"_blank\" rel=\"noreferrer noopener\">se manifestou sobre o epis\u00f3dio envolvendo um guarda civil municipal que baleou um homem e uma mulher durante uma abordagem na Avenida Tamburugy, em Piat\u00e3, na orla de Salvador<\/a>. O caso ocorreu durante a opera\u00e7\u00e3o &#8220;Anti-Acta&#8221;, que atua na regi\u00e3o a pedido dos moradores, preocupados com o aumento nos furtos de ve\u00edculos, neste domingo (8).<\/p>\n\n\n\n<p>De acordo com a nota enviada ao&nbsp;<strong>BNEWS<\/strong>, o motorista abordado teria dado marcha \u00e0 r\u00e9 de forma brusca ao avistar os guardas, o que levou a uma persegui\u00e7\u00e3o e, na sequ\u00eancia, ao disparo de arma de fogo por um dos motociclistas da corpora\u00e7\u00e3o. O tiro atingiu o condutor de rasp\u00e3o e tamb\u00e9m feriu levemente uma mulher que o acompanhava no carro.<\/p>\n\n\n\n<p>A diretoria informou que, diante da gravidade do ocorrido, o agente foi afastado imediatamente de suas fun\u00e7\u00f5es e encaminhado para acompanhamento psicol\u00f3gico.<\/p>\n\n\n\n<p>A nota destaca que foi aberta uma apura\u00e7\u00e3o interna para investigar a conduta do servidor e que, caso sejam comprovadas neglig\u00eancia, imper\u00edcia ou imprud\u00eancia, o porte de arma do guarda ser\u00e1 cassado, al\u00e9m da aplica\u00e7\u00e3o de san\u00e7\u00f5es disciplinares cab\u00edveis.<\/p>\n\n\n\n<p>&#8220;\u00c9 fundamental deixar claro que, se constatada culpabilidade, o agente perder\u00e1 o porte de arma. A Guarda Civil atua para proteger, mas seus membros devem ter plena consci\u00eancia da responsabilidade que isso exige. Estamos atentos e vamos para cima quando necess\u00e1rio&#8221;, refor\u00e7ou a diretoria.<\/p>\n\n\n\n<p>Ainda segundo o \u00f3rg\u00e3o, o agente ter\u00e1 assegurado o direito \u00e0 ampla defesa e ao contradit\u00f3rio durante o processo investigativo. O caso tamb\u00e9m est\u00e1 sendo acompanhado pela Corregedoria da Guarda Civil Municipal.<\/p>\n\n\n\n<p>As v\u00edtimas foram socorridas ao Hospital Roberto Santos e, segundo informa\u00e7\u00f5es, est\u00e3o fora de perigo. De acordo com a Guarda Municipal, ap\u00f3s alta m\u00e9dica, eles ser\u00e3o levados \u00e0 Central de Flagrantes para o registro do ocorrido.<\/p>\n\n\n\n<p>Bnews<\/p>\n","protected":false},"excerpt":{"rendered":"<p>A Diretoria de Seguran\u00e7a Urbana e Preven\u00e7\u00e3o \u00e0 Viol\u00eancia, vinculada \u00e0 Secretaria Municipal de Ordem P\u00fablica (Semop), comandada pelo coronel da reserva da Pol\u00edcia Militar, Humberto Sturaro,\u00a0se manifestou sobre o epis\u00f3dio envolvendo um guarda civil municipal que baleou um homem e uma mulher durante uma abordagem na Avenida Tamburugy, em Piat\u00e3, na orla de Salvador. [&hellip;]<\/p>\n","protected":false},"author":2,"featured_media":30418,"comment_status":"open","ping_status":"open","sticky":false,"template":"","format":"standard","meta":{"_jetpack_memberships_contains_paid_content":false,"footnotes":""},"categories":[3],"tags":[],"class_list":["post-30417","post","type-post","status-publish","format-standard","has-post-thumbnail","hentry","category-regional"],"aioseo_notices":[],"jetpack_featured_media_url":"https:\/\/i0.wp.com\/minutobahia24h.com.br\/wp-content\/uploads\/2025\/06\/Sem-titulo-105.jpg?fit=800%2C448&ssl=1","jetpack_sharing_enabled":true,"_links":{"self":[{"href":"https:\/\/minutobahia24h.com.br\/index.php?rest_route=\/wp\/v2\/posts\/30417","targetHints":{"allow":["GET"]}}],"collection":[{"href":"https:\/\/minutobahia24h.com.br\/index.php?rest_route=\/wp\/v2\/posts"}],"about":[{"href":"https:\/\/minutobahia24h.com.br\/index.php?rest_route=\/wp\/v2\/types\/post"}],"author":[{"embeddable":true,"href":"https:\/\/minutobahia24h.com.br\/index.php?rest_route=\/wp\/v2\/users\/2"}],"replies":[{"embeddable":true,"href":"https:\/\/minutobahia24h.com.br\/index.php?rest_route=%2Fwp%2Fv2%2Fcomments&post=30417"}],"version-history":[{"count":1,"href":"https:\/\/minutobahia24h.com.br\/index.php?rest_route=\/wp\/v2\/posts\/30417\/revisions"}],"predecessor-version":[{"id":30419,"href":"https:\/\/minutobahia24h.com.br\/index.php?rest_route=\/wp\/v2\/posts\/30417\/revisions\/30419"}],"wp:featuredmedia":[{"embeddable":true,"href":"https:\/\/minutobahia24h.com.br\/index.php?rest_route=\/wp\/v2\/media\/30418"}],"wp:attachment":[{"href":"https:\/\/minutobahia24h.com.br\/index.php?rest_route=%2Fwp%2Fv2%2Fmedia&parent=30417"}],"wp:term":[{"taxonomy":"category","embeddable":true,"href":"https:\/\/minutobahia24h.com.br\/index.php?rest_route=%2Fwp%2Fv2%2Fcategories&post=30417"},{"taxonomy":"post_tag","embeddable":true,"href":"https:\/\/minutobahia24h.com.br\/index.php?rest_route=%2Fwp%2Fv2%2Ftags&post=30417"}],"curies":[{"name":"wp","href":"https:\/\/api.w.org\/{rel}","templated":true}]}}