{"id":30338,"date":"2025-06-06T07:29:37","date_gmt":"2025-06-06T10:29:37","guid":{"rendered":"https:\/\/minutobahia24h.com.br\/?p=30338"},"modified":"2025-06-06T07:29:38","modified_gmt":"2025-06-06T10:29:38","slug":"feira-do-meio-ambiente-mobiliza-jacobina-com-acoes-educativas-e-ecologicas-na-praca-da-matriz-nesta-sexta-feira","status":"publish","type":"post","link":"https:\/\/minutobahia24h.com.br\/?p=30338","title":{"rendered":"Feira do Meio Ambiente mobiliza Jacobina com a\u00e7\u00f5es educativas e ecol\u00f3gicas na Pra\u00e7a da Matriz nesta sexta-feira"},"content":{"rendered":"<div class=\"wp-block-image\">\n<figure class=\"aligncenter size-full\"><img data-recalc-dims=\"1\" fetchpriority=\"high\" decoding=\"async\" width=\"509\" height=\"640\" src=\"https:\/\/i0.wp.com\/minutobahia24h.com.br\/wp-content\/uploads\/2025\/06\/Sem-titulo-86.jpg?resize=509%2C640&#038;ssl=1\" alt=\"\" class=\"wp-image-30340\" srcset=\"https:\/\/i0.wp.com\/minutobahia24h.com.br\/wp-content\/uploads\/2025\/06\/Sem-titulo-86.jpg?w=509&amp;ssl=1 509w, https:\/\/i0.wp.com\/minutobahia24h.com.br\/wp-content\/uploads\/2025\/06\/Sem-titulo-86.jpg?resize=239%2C300&amp;ssl=1 239w\" sizes=\"(max-width: 509px) 100vw, 509px\" \/><\/figure>\n<\/div>\n\n\n<p>Nesta sexta-feira (6), a Prefeitura de Jacobina realiza a Feira do Meio Ambiente na Pra\u00e7a da Matriz, das 8h30 \u00e0s 13h, como parte da programa\u00e7\u00e3o da Semana do Meio Ambiente. A iniciativa, organizada pela Secretaria Municipal de Meio Ambiente, tem como tema \u201cNossa Riqueza, Nossa Biodiversidade\u201d e re\u00fane uma s\u00e9rie de atividades voltadas \u00e0 educa\u00e7\u00e3o ambiental e ao engajamento comunit\u00e1rio.<\/p>\n\n\n\n<p>A programa\u00e7\u00e3o inclui oficinas, exposi\u00e7\u00f5es tem\u00e1ticas, a\u00e7\u00f5es de conscientiza\u00e7\u00e3o ecol\u00f3gica, vacina\u00e7\u00e3o e doa\u00e7\u00e3o de animais, reunindo estudantes, educadores, profissionais da sa\u00fade e representantes de diversas institui\u00e7\u00f5es. O evento \u00e9 aberto ao p\u00fablico e tem como objetivo fortalecer a cultura de preserva\u00e7\u00e3o ambiental no munic\u00edpio.<\/p>\n\n\n\n<p>\u201cO cuidado com o meio ambiente come\u00e7a com a informa\u00e7\u00e3o. A feira \u00e9 uma oportunidade de ampliar esse di\u00e1logo com a popula\u00e7\u00e3o\u201d, afirmou o secret\u00e1rio municipal de Meio Ambiente, Daniel Moura.<\/p>\n\n\n\n<p>A prefeita de Jacobina, Valdice Castro, tamb\u00e9m destacou a import\u00e2ncia da a\u00e7\u00e3o: \u201cEstamos unindo esfor\u00e7os para construir uma cidade mais sustent\u00e1vel, com participa\u00e7\u00e3o ativa da comunidade.\u201d<\/p>\n\n\n\n<p>augustourgente<\/p>\n","protected":false},"excerpt":{"rendered":"<p>Nesta sexta-feira (6), a Prefeitura de Jacobina realiza a Feira do Meio Ambiente na Pra\u00e7a da Matriz, das 8h30 \u00e0s 13h, como parte da programa\u00e7\u00e3o da Semana do Meio Ambiente. A iniciativa, organizada pela Secretaria Municipal de Meio Ambiente, tem como tema \u201cNossa Riqueza, Nossa Biodiversidade\u201d e re\u00fane uma s\u00e9rie de atividades voltadas \u00e0 educa\u00e7\u00e3o [&hellip;]<\/p>\n","protected":false},"author":2,"featured_media":30340,"comment_status":"open","ping_status":"open","sticky":false,"template":"","format":"standard","meta":{"_jetpack_memberships_contains_paid_content":false,"footnotes":""},"categories":[3],"tags":[],"class_list":["post-30338","post","type-post","status-publish","format-standard","has-post-thumbnail","hentry","category-regional"],"aioseo_notices":[],"jetpack_featured_media_url":"https:\/\/i0.wp.com\/minutobahia24h.com.br\/wp-content\/uploads\/2025\/06\/Sem-titulo-86.jpg?fit=509%2C640&ssl=1","jetpack_sharing_enabled":true,"_links":{"self":[{"href":"https:\/\/minutobahia24h.com.br\/index.php?rest_route=\/wp\/v2\/posts\/30338","targetHints":{"allow":["GET"]}}],"collection":[{"href":"https:\/\/minutobahia24h.com.br\/index.php?rest_route=\/wp\/v2\/posts"}],"about":[{"href":"https:\/\/minutobahia24h.com.br\/index.php?rest_route=\/wp\/v2\/types\/post"}],"author":[{"embeddable":true,"href":"https:\/\/minutobahia24h.com.br\/index.php?rest_route=\/wp\/v2\/users\/2"}],"replies":[{"embeddable":true,"href":"https:\/\/minutobahia24h.com.br\/index.php?rest_route=%2Fwp%2Fv2%2Fcomments&post=30338"}],"version-history":[{"count":1,"href":"https:\/\/minutobahia24h.com.br\/index.php?rest_route=\/wp\/v2\/posts\/30338\/revisions"}],"predecessor-version":[{"id":30341,"href":"https:\/\/minutobahia24h.com.br\/index.php?rest_route=\/wp\/v2\/posts\/30338\/revisions\/30341"}],"wp:featuredmedia":[{"embeddable":true,"href":"https:\/\/minutobahia24h.com.br\/index.php?rest_route=\/wp\/v2\/media\/30340"}],"wp:attachment":[{"href":"https:\/\/minutobahia24h.com.br\/index.php?rest_route=%2Fwp%2Fv2%2Fmedia&parent=30338"}],"wp:term":[{"taxonomy":"category","embeddable":true,"href":"https:\/\/minutobahia24h.com.br\/index.php?rest_route=%2Fwp%2Fv2%2Fcategories&post=30338"},{"taxonomy":"post_tag","embeddable":true,"href":"https:\/\/minutobahia24h.com.br\/index.php?rest_route=%2Fwp%2Fv2%2Ftags&post=30338"}],"curies":[{"name":"wp","href":"https:\/\/api.w.org\/{rel}","templated":true}]}}