{"id":30332,"date":"2025-06-06T07:25:41","date_gmt":"2025-06-06T10:25:41","guid":{"rendered":"https:\/\/minutobahia24h.com.br\/?p=30332"},"modified":"2025-06-06T07:25:43","modified_gmt":"2025-06-06T10:25:43","slug":"salvador-registra-aumento-na-taxa-de-fumantes-diarios-de-vapes-e-variacao-e-queda-de-cigarros-eletronicos","status":"publish","type":"post","link":"https:\/\/minutobahia24h.com.br\/?p=30332","title":{"rendered":"Salvador registra aumento na taxa de fumantes di\u00e1rios de vapes e varia\u00e7\u00e3o e queda de cigarros eletr\u00f4nicos"},"content":{"rendered":"<div class=\"wp-block-image\">\n<figure class=\"aligncenter size-large\"><img data-recalc-dims=\"1\" fetchpriority=\"high\" decoding=\"async\" width=\"800\" height=\"420\" src=\"https:\/\/i0.wp.com\/minutobahia24h.com.br\/wp-content\/uploads\/2025\/06\/Sem-titulo-83-1024x538.jpg?resize=800%2C420&#038;ssl=1\" alt=\"\" class=\"wp-image-30333\" srcset=\"https:\/\/i0.wp.com\/minutobahia24h.com.br\/wp-content\/uploads\/2025\/06\/Sem-titulo-83.jpg?resize=1024%2C538&amp;ssl=1 1024w, https:\/\/i0.wp.com\/minutobahia24h.com.br\/wp-content\/uploads\/2025\/06\/Sem-titulo-83.jpg?resize=300%2C158&amp;ssl=1 300w, https:\/\/i0.wp.com\/minutobahia24h.com.br\/wp-content\/uploads\/2025\/06\/Sem-titulo-83.jpg?resize=768%2C403&amp;ssl=1 768w, https:\/\/i0.wp.com\/minutobahia24h.com.br\/wp-content\/uploads\/2025\/06\/Sem-titulo-83.jpg?resize=750%2C394&amp;ssl=1 750w, https:\/\/i0.wp.com\/minutobahia24h.com.br\/wp-content\/uploads\/2025\/06\/Sem-titulo-83.jpg?resize=1140%2C599&amp;ssl=1 1140w, https:\/\/i0.wp.com\/minutobahia24h.com.br\/wp-content\/uploads\/2025\/06\/Sem-titulo-83.jpg?w=1200&amp;ssl=1 1200w\" sizes=\"(max-width: 800px) 100vw, 800px\" \/><figcaption class=\"wp-element-caption\">Foto: Jo\u00e9dson Alves\/Ag\u00eancia Brasil<br><\/figcaption><\/figure>\n<\/div>\n\n\n<p>O relat\u00f3rio da Vigil\u00e2ncia de Fatores de Risco e Prote\u00e7\u00e3o (Vigitel Brasil) 2006-2023, que acompanha fatores de risco para doen\u00e7as cr\u00f4nicas nas capitais brasileiras e no Distrito Federal, trouxe dados sobre o consumo de tabaco em Salvador. Uma das quest\u00f5es apresentadas no levantamento foi a respeito do percentual de adultos fumantes na capital baiana, entre 2006 a 2023.&nbsp;<\/p>\n\n\n\n<p>Segundo o estudo, acessado pela reportagem do Bahia Not\u00edcias, neste per\u00edodo de 17 anos, o percentual de pessoas que fumam era de 11,2% em 2006 e caiu para 4,5% em 2023, uma queda de 6,7%.&nbsp;<\/p>\n\n\n\n<p>O relat\u00f3rio mostrou ainda que houve uma diminui\u00e7\u00e3o nos indicadores de fumantes que consomem mais de 20 cigarros diariamente, de 3,2% em 2006 para 0,6% em 2023, uma subtra\u00e7\u00e3o de 2,6 pontos percentuais.&nbsp;<\/p>\n\n\n\n<p>Ainda na cidade, a pesquisa tamb\u00e9m trouxe taxas de fumantes passivos no domic\u00edlio (pessoas que n\u00e3o fumam, mas s\u00e3o expostas \u00e0 fuma\u00e7a do tabaco em ambientes fechados, como casas, locais de trabalho ou outros espa\u00e7os). O percentual foi de 10,7% em 2009 para 4,2% em 2023.&nbsp;<\/p>\n\n\n\n<p>A porcentagem de fumantes passivos no trabalho tamb\u00e9m come\u00e7ou a ser coletado em 2009, e caminhou de 12,4% em 2009 para 4,0% em 2023. Indo na contram\u00e3o da tend\u00eancia de redu\u00e7\u00e3o na preval\u00eancia de tabagismo em Salvador, para fumantes em geral e para fumantes pesados e exposi\u00e7\u00e3o ao fumo passivo, o uso de cigarro eletr\u00f4nico variou posteriormente e cresceu.&nbsp;<\/p>\n\n\n\n<p>O \u00edndice do produto come\u00e7ou a ser coletado em 2019. Na ocasi\u00e3o, a capital baiana obteve cerca de 1,0% de adultos, com mais de 18 anos, que afirmaram fazer uso do produto diariamente ou ocasionalmente. No ano seguinte, o percentual caiu pela metade (0,5), no entanto, voltou a crescer em 2021 com 1,2%. Em 2023, a taxa tamb\u00e9m subiu para 1,3%.<\/p>\n\n\n\n<p>Seguindo a lista de capitais e o Distrito Federal pelo percentual de consumo de cigarro eletr\u00f4nico em 2023, de forma decrescente, Salvador, com 1,3%, ocupa a 20\u00aa posi\u00e7\u00e3o na lista de 27 localidades. Isso a coloca na parte inferior da lista em termos de preval\u00eancia, sendo a 8\u00aa capital\/DF com o menor percentual de uso de cigarro eletr\u00f4nico em 2023, segundo os dados do Vigitel.<\/p>\n\n\n\n<p>De acordo com os dados mais recentes dispon\u00edveis no relat\u00f3rio, referentes ao ano de 2023, a capital da Bahia ficou na terceira coloca\u00e7\u00e3o nos percentuais de adultos que usaram vapes eletr\u00f4nico no Nordeste, perdendo somente para S\u00e3o Lu\u00eds (MA) e Teresina (PI).&nbsp;<\/p>\n\n\n\n<p>Entre todas as capitais e o Distrito Federal, Salvador, aparece com 4,2%, est\u00e1 entre as que possuem os menores percentuais de fumantes passivos no domic\u00edlio em 2023. Diversas capitais apresentaram percentuais mais altos, como Macap\u00e1 (8,7%), Palmas (7,9%) e Rio de Janeiro (7,8%).<\/p>\n\n\n\n<p>BN<\/p>\n","protected":false},"excerpt":{"rendered":"<p>O relat\u00f3rio da Vigil\u00e2ncia de Fatores de Risco e Prote\u00e7\u00e3o (Vigitel Brasil) 2006-2023, que acompanha fatores de risco para doen\u00e7as cr\u00f4nicas nas capitais brasileiras e no Distrito Federal, trouxe dados sobre o consumo de tabaco em Salvador. Uma das quest\u00f5es apresentadas no levantamento foi a respeito do percentual de adultos fumantes na capital baiana, entre [&hellip;]<\/p>\n","protected":false},"author":2,"featured_media":30333,"comment_status":"open","ping_status":"open","sticky":false,"template":"","format":"standard","meta":{"_jetpack_memberships_contains_paid_content":false,"footnotes":""},"categories":[18],"tags":[],"class_list":["post-30332","post","type-post","status-publish","format-standard","has-post-thumbnail","hentry","category-saude"],"aioseo_notices":[],"jetpack_featured_media_url":"https:\/\/i0.wp.com\/minutobahia24h.com.br\/wp-content\/uploads\/2025\/06\/Sem-titulo-83.jpg?fit=1200%2C630&ssl=1","jetpack_sharing_enabled":true,"_links":{"self":[{"href":"https:\/\/minutobahia24h.com.br\/index.php?rest_route=\/wp\/v2\/posts\/30332","targetHints":{"allow":["GET"]}}],"collection":[{"href":"https:\/\/minutobahia24h.com.br\/index.php?rest_route=\/wp\/v2\/posts"}],"about":[{"href":"https:\/\/minutobahia24h.com.br\/index.php?rest_route=\/wp\/v2\/types\/post"}],"author":[{"embeddable":true,"href":"https:\/\/minutobahia24h.com.br\/index.php?rest_route=\/wp\/v2\/users\/2"}],"replies":[{"embeddable":true,"href":"https:\/\/minutobahia24h.com.br\/index.php?rest_route=%2Fwp%2Fv2%2Fcomments&post=30332"}],"version-history":[{"count":1,"href":"https:\/\/minutobahia24h.com.br\/index.php?rest_route=\/wp\/v2\/posts\/30332\/revisions"}],"predecessor-version":[{"id":30334,"href":"https:\/\/minutobahia24h.com.br\/index.php?rest_route=\/wp\/v2\/posts\/30332\/revisions\/30334"}],"wp:featuredmedia":[{"embeddable":true,"href":"https:\/\/minutobahia24h.com.br\/index.php?rest_route=\/wp\/v2\/media\/30333"}],"wp:attachment":[{"href":"https:\/\/minutobahia24h.com.br\/index.php?rest_route=%2Fwp%2Fv2%2Fmedia&parent=30332"}],"wp:term":[{"taxonomy":"category","embeddable":true,"href":"https:\/\/minutobahia24h.com.br\/index.php?rest_route=%2Fwp%2Fv2%2Fcategories&post=30332"},{"taxonomy":"post_tag","embeddable":true,"href":"https:\/\/minutobahia24h.com.br\/index.php?rest_route=%2Fwp%2Fv2%2Ftags&post=30332"}],"curies":[{"name":"wp","href":"https:\/\/api.w.org\/{rel}","templated":true}]}}