{"id":30307,"date":"2025-06-05T11:24:27","date_gmt":"2025-06-05T14:24:27","guid":{"rendered":"https:\/\/minutobahia24h.com.br\/?p=30307"},"modified":"2025-06-05T11:24:28","modified_gmt":"2025-06-05T14:24:28","slug":"vacinacao-contra-a-gripe-e-liberada-para-toda-a-populacao-a-partir-de-6-meses-em-filadelfia","status":"publish","type":"post","link":"https:\/\/minutobahia24h.com.br\/?p=30307","title":{"rendered":"Vacina\u00e7\u00e3o contra a gripe \u00e9 liberada para toda a popula\u00e7\u00e3o a partir de 6 meses em Filad\u00e9lfia"},"content":{"rendered":"<div class=\"wp-block-image\">\n<figure class=\"aligncenter size-large\"><img data-recalc-dims=\"1\" fetchpriority=\"high\" decoding=\"async\" width=\"800\" height=\"1000\" src=\"https:\/\/i0.wp.com\/minutobahia24h.com.br\/wp-content\/uploads\/2025\/06\/WhatsApp-Image-2025-06-05-at-10.37.28-819x1024.jpeg?resize=800%2C1000&#038;ssl=1\" alt=\"\" class=\"wp-image-30308\" srcset=\"https:\/\/i0.wp.com\/minutobahia24h.com.br\/wp-content\/uploads\/2025\/06\/WhatsApp-Image-2025-06-05-at-10.37.28.jpeg?resize=819%2C1024&amp;ssl=1 819w, https:\/\/i0.wp.com\/minutobahia24h.com.br\/wp-content\/uploads\/2025\/06\/WhatsApp-Image-2025-06-05-at-10.37.28.jpeg?resize=240%2C300&amp;ssl=1 240w, https:\/\/i0.wp.com\/minutobahia24h.com.br\/wp-content\/uploads\/2025\/06\/WhatsApp-Image-2025-06-05-at-10.37.28.jpeg?resize=768%2C960&amp;ssl=1 768w, https:\/\/i0.wp.com\/minutobahia24h.com.br\/wp-content\/uploads\/2025\/06\/WhatsApp-Image-2025-06-05-at-10.37.28.jpeg?resize=750%2C938&amp;ssl=1 750w, https:\/\/i0.wp.com\/minutobahia24h.com.br\/wp-content\/uploads\/2025\/06\/WhatsApp-Image-2025-06-05-at-10.37.28.jpeg?w=1080&amp;ssl=1 1080w\" sizes=\"(max-width: 800px) 100vw, 800px\" \/><\/figure>\n<\/div>\n\n\n<p>A Prefeitura Municipal de Filad\u00e9lfia, por meio da Secretaria de Sa\u00fade, informa que est\u00e1 liberada a vacina\u00e7\u00e3o contra a gripe (Influenza) para todas as pessoas a partir de 6 meses de idade.<\/p>\n\n\n\n<p>A amplia\u00e7\u00e3o do p\u00fablico-alvo segue orienta\u00e7\u00e3o do Minist\u00e9rio da Sa\u00fade e tem como objetivo aumentar a cobertura vacinal e proteger a popula\u00e7\u00e3o contra os v\u00edrus que causam a gripe, especialmente neste per\u00edodo do ano com maior incid\u00eancia de doen\u00e7as respirat\u00f3rias.<\/p>\n\n\n\n<p>Para se vacinar, basta procurar a Unidade de Sa\u00fade mais pr\u00f3xima da sua resid\u00eancia, dentro do hor\u00e1rio de atendimento da unidade, portando os seguintes documentos:<br>\u2022 Cart\u00e3o do SUS<br>\u2022 Caderneta de vacina\u00e7\u00e3o<\/p>\n\n\n\n<p>A Secretaria de Sa\u00fade refor\u00e7a que a vacina \u00e9 segura, gratuita e uma das principais formas de preven\u00e7\u00e3o contra complica\u00e7\u00f5es causadas pela gripe, como pneumonias e interna\u00e7\u00f5es hospitalares.<\/p>\n\n\n\n<p>\u201cVacinar \u00e9 um ato de cuidado com voc\u00ea, com sua fam\u00edlia e com toda a comunidade. N\u00e3o deixe de se proteger\u201d, refor\u00e7a a gest\u00e3o municipal.<\/p>\n\n\n\n<p>A Prefeitura segue comprometida com a sa\u00fade p\u00fablica e conta com o apoio da popula\u00e7\u00e3o para ampliar a cobertura vacinal em todo o munic\u00edpio.<\/p>\n\n\n\n<p>\u2014<\/p>\n\n\n\n<p>Prefeitura de Filad\u00e9lfia<br>Governo da Renova\u00e7\u00e3o<\/p>\n","protected":false},"excerpt":{"rendered":"<p>A Prefeitura Municipal de Filad\u00e9lfia, por meio da Secretaria de Sa\u00fade, informa que est\u00e1 liberada a vacina\u00e7\u00e3o contra a gripe (Influenza) para todas as pessoas a partir de 6 meses de idade. A amplia\u00e7\u00e3o do p\u00fablico-alvo segue orienta\u00e7\u00e3o do Minist\u00e9rio da Sa\u00fade e tem como objetivo aumentar a cobertura vacinal e proteger a popula\u00e7\u00e3o contra [&hellip;]<\/p>\n","protected":false},"author":2,"featured_media":30308,"comment_status":"open","ping_status":"open","sticky":false,"template":"","format":"standard","meta":{"_jetpack_memberships_contains_paid_content":false,"footnotes":""},"categories":[3],"tags":[],"class_list":["post-30307","post","type-post","status-publish","format-standard","has-post-thumbnail","hentry","category-regional"],"aioseo_notices":[],"jetpack_featured_media_url":"https:\/\/i0.wp.com\/minutobahia24h.com.br\/wp-content\/uploads\/2025\/06\/WhatsApp-Image-2025-06-05-at-10.37.28.jpeg?fit=1080%2C1350&ssl=1","jetpack_sharing_enabled":true,"_links":{"self":[{"href":"https:\/\/minutobahia24h.com.br\/index.php?rest_route=\/wp\/v2\/posts\/30307","targetHints":{"allow":["GET"]}}],"collection":[{"href":"https:\/\/minutobahia24h.com.br\/index.php?rest_route=\/wp\/v2\/posts"}],"about":[{"href":"https:\/\/minutobahia24h.com.br\/index.php?rest_route=\/wp\/v2\/types\/post"}],"author":[{"embeddable":true,"href":"https:\/\/minutobahia24h.com.br\/index.php?rest_route=\/wp\/v2\/users\/2"}],"replies":[{"embeddable":true,"href":"https:\/\/minutobahia24h.com.br\/index.php?rest_route=%2Fwp%2Fv2%2Fcomments&post=30307"}],"version-history":[{"count":1,"href":"https:\/\/minutobahia24h.com.br\/index.php?rest_route=\/wp\/v2\/posts\/30307\/revisions"}],"predecessor-version":[{"id":30309,"href":"https:\/\/minutobahia24h.com.br\/index.php?rest_route=\/wp\/v2\/posts\/30307\/revisions\/30309"}],"wp:featuredmedia":[{"embeddable":true,"href":"https:\/\/minutobahia24h.com.br\/index.php?rest_route=\/wp\/v2\/media\/30308"}],"wp:attachment":[{"href":"https:\/\/minutobahia24h.com.br\/index.php?rest_route=%2Fwp%2Fv2%2Fmedia&parent=30307"}],"wp:term":[{"taxonomy":"category","embeddable":true,"href":"https:\/\/minutobahia24h.com.br\/index.php?rest_route=%2Fwp%2Fv2%2Fcategories&post=30307"},{"taxonomy":"post_tag","embeddable":true,"href":"https:\/\/minutobahia24h.com.br\/index.php?rest_route=%2Fwp%2Fv2%2Ftags&post=30307"}],"curies":[{"name":"wp","href":"https:\/\/api.w.org\/{rel}","templated":true}]}}