{"id":30301,"date":"2025-06-05T11:22:03","date_gmt":"2025-06-05T14:22:03","guid":{"rendered":"https:\/\/minutobahia24h.com.br\/?p=30301"},"modified":"2025-06-05T11:22:05","modified_gmt":"2025-06-05T14:22:05","slug":"casos-de-mao-pe-e-boca-levam-a-suspensao-de-aulas-em-quatro-cmeis-de-jacobina","status":"publish","type":"post","link":"https:\/\/minutobahia24h.com.br\/?p=30301","title":{"rendered":"Casos de \u201cM\u00e3o, P\u00e9 e Boca\u201d levam \u00e0 suspens\u00e3o de aulas em quatro CMEIs de Jacobina"},"content":{"rendered":"<div class=\"wp-block-image\">\n<figure class=\"aligncenter size-full\"><img data-recalc-dims=\"1\" fetchpriority=\"high\" decoding=\"async\" width=\"800\" height=\"534\" src=\"https:\/\/i0.wp.com\/minutobahia24h.com.br\/wp-content\/uploads\/2025\/06\/Sem-titulo-81.jpg?resize=800%2C534&#038;ssl=1\" alt=\"\" class=\"wp-image-30302\" srcset=\"https:\/\/i0.wp.com\/minutobahia24h.com.br\/wp-content\/uploads\/2025\/06\/Sem-titulo-81.jpg?w=1024&amp;ssl=1 1024w, https:\/\/i0.wp.com\/minutobahia24h.com.br\/wp-content\/uploads\/2025\/06\/Sem-titulo-81.jpg?resize=300%2C200&amp;ssl=1 300w, https:\/\/i0.wp.com\/minutobahia24h.com.br\/wp-content\/uploads\/2025\/06\/Sem-titulo-81.jpg?resize=768%2C512&amp;ssl=1 768w, https:\/\/i0.wp.com\/minutobahia24h.com.br\/wp-content\/uploads\/2025\/06\/Sem-titulo-81.jpg?resize=750%2C500&amp;ssl=1 750w\" sizes=\"(max-width: 800px) 100vw, 800px\" \/><figcaption class=\"wp-element-caption\">Foto: Ilustra\u00e7\u00e3o<br><br><a href=\"https:\/\/www.blogger.com\/share-post.g?blogID=4768830971217871790&amp;postID=3580005802695426703&amp;target=email\" target=\"_blank\" rel=\"noreferrer noopener\"><\/a><\/figcaption><\/figure>\n<\/div>\n\n\n<p>A Secretaria Municipal da Educa\u00e7\u00e3o de Jacobina divulgou comunicado oficial nesta quarta-feira (4) informando a ado\u00e7\u00e3o de medidas emergenciais diante do aumento de casos da s\u00edndrome \u201cm\u00e3o, p\u00e9 e boca\u201d em unidades escolares da rede municipal. A decis\u00e3o tem como objetivo conter a dissemina\u00e7\u00e3o da doen\u00e7a entre crian\u00e7as e profissionais da educa\u00e7\u00e3o.<\/p>\n\n\n\n<p>Segundo o comunicado, desde o in\u00edcio da incid\u00eancia dos casos nas escolas, em maio, a Secretaria tem seguido orienta\u00e7\u00f5es t\u00e9cnicas da Secretaria Municipal de Sa\u00fade. As a\u00e7\u00f5es incluem monitoramento cont\u00ednuo em parceria com os gestores escolares, reuni\u00f5es com equipes pedag\u00f3gicas e a realiza\u00e7\u00e3o de sanitiza\u00e7\u00e3o em unidades onde houve maior n\u00famero de registros da doen\u00e7a.<a><\/a><\/p>\n\n\n\n<p>Mais recentemente, ap\u00f3s a identifica\u00e7\u00e3o de novos casos em quatro Centros Municipais de Educa\u00e7\u00e3o Infantil (CMEIs) \u2014 Jaime Sampaio, Ol\u00edvia Santos, In\u00eas Lages e Enoque Silva \u2014, a Secretaria acionou de forma imediata o setor de Vigil\u00e2ncia \u00e0 Sa\u00fade. Em resposta, ficou determinada a suspens\u00e3o das aulas nos dias 5 e 6 de junho nessas quatro unidades, com a finalidade de permitir a higieniza\u00e7\u00e3o completa dos ambientes escolares.<\/p>\n\n\n\n<p>A Secretaria refor\u00e7ou que a suspens\u00e3o tempor\u00e1ria das atividades ser\u00e1 restrita exclusivamente \u00e0s unidades citadas. As demais escolas da rede municipal seguem em funcionamento normal.<\/p>\n\n\n\n<p>O secret\u00e1rio municipal da Educa\u00e7\u00e3o, Roberval Henrique Ferreira, agradeceu a compreens\u00e3o das fam\u00edlias e da comunidade escolar, reiterando o compromisso da gest\u00e3o com a seguran\u00e7a e o bem-estar de alunos e profissionais.<\/p>\n\n\n\n<p>Jacobina 24h<\/p>\n","protected":false},"excerpt":{"rendered":"<p>A Secretaria Municipal da Educa\u00e7\u00e3o de Jacobina divulgou comunicado oficial nesta quarta-feira (4) informando a ado\u00e7\u00e3o de medidas emergenciais diante do aumento de casos da s\u00edndrome \u201cm\u00e3o, p\u00e9 e boca\u201d em unidades escolares da rede municipal. A decis\u00e3o tem como objetivo conter a dissemina\u00e7\u00e3o da doen\u00e7a entre crian\u00e7as e profissionais da educa\u00e7\u00e3o. Segundo o comunicado, [&hellip;]<\/p>\n","protected":false},"author":2,"featured_media":30302,"comment_status":"open","ping_status":"open","sticky":false,"template":"","format":"standard","meta":{"_jetpack_memberships_contains_paid_content":false,"footnotes":""},"categories":[3],"tags":[],"class_list":["post-30301","post","type-post","status-publish","format-standard","has-post-thumbnail","hentry","category-regional"],"aioseo_notices":[],"jetpack_featured_media_url":"https:\/\/i0.wp.com\/minutobahia24h.com.br\/wp-content\/uploads\/2025\/06\/Sem-titulo-81.jpg?fit=1024%2C683&ssl=1","jetpack_sharing_enabled":true,"_links":{"self":[{"href":"https:\/\/minutobahia24h.com.br\/index.php?rest_route=\/wp\/v2\/posts\/30301","targetHints":{"allow":["GET"]}}],"collection":[{"href":"https:\/\/minutobahia24h.com.br\/index.php?rest_route=\/wp\/v2\/posts"}],"about":[{"href":"https:\/\/minutobahia24h.com.br\/index.php?rest_route=\/wp\/v2\/types\/post"}],"author":[{"embeddable":true,"href":"https:\/\/minutobahia24h.com.br\/index.php?rest_route=\/wp\/v2\/users\/2"}],"replies":[{"embeddable":true,"href":"https:\/\/minutobahia24h.com.br\/index.php?rest_route=%2Fwp%2Fv2%2Fcomments&post=30301"}],"version-history":[{"count":1,"href":"https:\/\/minutobahia24h.com.br\/index.php?rest_route=\/wp\/v2\/posts\/30301\/revisions"}],"predecessor-version":[{"id":30303,"href":"https:\/\/minutobahia24h.com.br\/index.php?rest_route=\/wp\/v2\/posts\/30301\/revisions\/30303"}],"wp:featuredmedia":[{"embeddable":true,"href":"https:\/\/minutobahia24h.com.br\/index.php?rest_route=\/wp\/v2\/media\/30302"}],"wp:attachment":[{"href":"https:\/\/minutobahia24h.com.br\/index.php?rest_route=%2Fwp%2Fv2%2Fmedia&parent=30301"}],"wp:term":[{"taxonomy":"category","embeddable":true,"href":"https:\/\/minutobahia24h.com.br\/index.php?rest_route=%2Fwp%2Fv2%2Fcategories&post=30301"},{"taxonomy":"post_tag","embeddable":true,"href":"https:\/\/minutobahia24h.com.br\/index.php?rest_route=%2Fwp%2Fv2%2Ftags&post=30301"}],"curies":[{"name":"wp","href":"https:\/\/api.w.org\/{rel}","templated":true}]}}