{"id":30293,"date":"2025-06-05T09:12:57","date_gmt":"2025-06-05T12:12:57","guid":{"rendered":"https:\/\/minutobahia24h.com.br\/?p=30293"},"modified":"2025-06-05T09:12:58","modified_gmt":"2025-06-05T12:12:58","slug":"prefeitura-de-filadelfia-lanca-o-sao-joao-2025-com-programacao-nos-bairros-povoados-e-escolas","status":"publish","type":"post","link":"https:\/\/minutobahia24h.com.br\/?p=30293","title":{"rendered":"Prefeitura de Filad\u00e9lfia lan\u00e7a o S\u00e3o Jo\u00e3o 2025 com programa\u00e7\u00e3o nos bairros, povoados e escolas"},"content":{"rendered":"<div class=\"wp-block-image\">\n<figure class=\"aligncenter size-large\"><img data-recalc-dims=\"1\" fetchpriority=\"high\" decoding=\"async\" width=\"800\" height=\"1000\" src=\"https:\/\/i0.wp.com\/minutobahia24h.com.br\/wp-content\/uploads\/2025\/06\/WhatsApp-Image-2025-06-05-at-09.07.11-819x1024.jpeg?resize=800%2C1000&#038;ssl=1\" alt=\"\" class=\"wp-image-30294\" srcset=\"https:\/\/i0.wp.com\/minutobahia24h.com.br\/wp-content\/uploads\/2025\/06\/WhatsApp-Image-2025-06-05-at-09.07.11.jpeg?resize=819%2C1024&amp;ssl=1 819w, https:\/\/i0.wp.com\/minutobahia24h.com.br\/wp-content\/uploads\/2025\/06\/WhatsApp-Image-2025-06-05-at-09.07.11.jpeg?resize=240%2C300&amp;ssl=1 240w, https:\/\/i0.wp.com\/minutobahia24h.com.br\/wp-content\/uploads\/2025\/06\/WhatsApp-Image-2025-06-05-at-09.07.11.jpeg?resize=768%2C960&amp;ssl=1 768w, https:\/\/i0.wp.com\/minutobahia24h.com.br\/wp-content\/uploads\/2025\/06\/WhatsApp-Image-2025-06-05-at-09.07.11.jpeg?resize=750%2C938&amp;ssl=1 750w, https:\/\/i0.wp.com\/minutobahia24h.com.br\/wp-content\/uploads\/2025\/06\/WhatsApp-Image-2025-06-05-at-09.07.11.jpeg?w=1080&amp;ssl=1 1080w\" sizes=\"(max-width: 800px) 100vw, 800px\" \/><\/figure>\n<\/div>\n\n\n<p>A Prefeitura de Filad\u00e9lfia deu in\u00edcio oficialmente ao S\u00e3o Jo\u00e3o 2025, refor\u00e7ando seu compromisso com a valoriza\u00e7\u00e3o da cultura popular e o fortalecimento das tradi\u00e7\u00f5es nordestinas. Neste ano, os festejos juninos ganhar\u00e3o ainda mais capilaridade, com uma programa\u00e7\u00e3o especial que contempla bairros, povoados, escolas e o aguardado Arrai\u00e1 Municip\u00e1.<\/p>\n\n\n\n<p>A proposta da gest\u00e3o municipal \u00e9 transformar todo o munic\u00edpio em um grande palco de celebra\u00e7\u00e3o, com eventos descentralizados que promovem o forr\u00f3 tradicional, a conviv\u00eancia comunit\u00e1ria e a movimenta\u00e7\u00e3o da economia local. A a\u00e7\u00e3o representa n\u00e3o apenas um investimento em cultura e lazer, mas tamb\u00e9m em gera\u00e7\u00e3o de renda e fortalecimento do sentimento de pertencimento da popula\u00e7\u00e3o.<\/p>\n\n\n\n<figure class=\"wp-block-gallery has-nested-images columns-default is-cropped wp-block-gallery-1 is-layout-flex wp-block-gallery-is-layout-flex\">\n<figure class=\"wp-block-image size-large\"><img data-recalc-dims=\"1\" decoding=\"async\" width=\"800\" height=\"1000\" data-id=\"30296\" src=\"https:\/\/i0.wp.com\/minutobahia24h.com.br\/wp-content\/uploads\/2025\/06\/WhatsApp-Image-2025-06-05-at-09.07.11-1-819x1024.jpeg?resize=800%2C1000&#038;ssl=1\" alt=\"\" class=\"wp-image-30296\" srcset=\"https:\/\/i0.wp.com\/minutobahia24h.com.br\/wp-content\/uploads\/2025\/06\/WhatsApp-Image-2025-06-05-at-09.07.11-1.jpeg?resize=819%2C1024&amp;ssl=1 819w, https:\/\/i0.wp.com\/minutobahia24h.com.br\/wp-content\/uploads\/2025\/06\/WhatsApp-Image-2025-06-05-at-09.07.11-1.jpeg?resize=240%2C300&amp;ssl=1 240w, https:\/\/i0.wp.com\/minutobahia24h.com.br\/wp-content\/uploads\/2025\/06\/WhatsApp-Image-2025-06-05-at-09.07.11-1.jpeg?resize=768%2C960&amp;ssl=1 768w, https:\/\/i0.wp.com\/minutobahia24h.com.br\/wp-content\/uploads\/2025\/06\/WhatsApp-Image-2025-06-05-at-09.07.11-1.jpeg?resize=1229%2C1536&amp;ssl=1 1229w, https:\/\/i0.wp.com\/minutobahia24h.com.br\/wp-content\/uploads\/2025\/06\/WhatsApp-Image-2025-06-05-at-09.07.11-1.jpeg?resize=750%2C938&amp;ssl=1 750w, https:\/\/i0.wp.com\/minutobahia24h.com.br\/wp-content\/uploads\/2025\/06\/WhatsApp-Image-2025-06-05-at-09.07.11-1.jpeg?resize=1140%2C1425&amp;ssl=1 1140w, https:\/\/i0.wp.com\/minutobahia24h.com.br\/wp-content\/uploads\/2025\/06\/WhatsApp-Image-2025-06-05-at-09.07.11-1.jpeg?w=1280&amp;ssl=1 1280w\" sizes=\"(max-width: 800px) 100vw, 800px\" \/><\/figure>\n\n\n\n<figure class=\"wp-block-image size-large\"><img data-recalc-dims=\"1\" decoding=\"async\" width=\"800\" height=\"1000\" data-id=\"30295\" src=\"https:\/\/i0.wp.com\/minutobahia24h.com.br\/wp-content\/uploads\/2025\/06\/WhatsApp-Image-2025-06-05-at-09.07.12-819x1024.jpeg?resize=800%2C1000&#038;ssl=1\" alt=\"\" class=\"wp-image-30295\" srcset=\"https:\/\/i0.wp.com\/minutobahia24h.com.br\/wp-content\/uploads\/2025\/06\/WhatsApp-Image-2025-06-05-at-09.07.12.jpeg?resize=819%2C1024&amp;ssl=1 819w, https:\/\/i0.wp.com\/minutobahia24h.com.br\/wp-content\/uploads\/2025\/06\/WhatsApp-Image-2025-06-05-at-09.07.12.jpeg?resize=240%2C300&amp;ssl=1 240w, https:\/\/i0.wp.com\/minutobahia24h.com.br\/wp-content\/uploads\/2025\/06\/WhatsApp-Image-2025-06-05-at-09.07.12.jpeg?resize=768%2C960&amp;ssl=1 768w, https:\/\/i0.wp.com\/minutobahia24h.com.br\/wp-content\/uploads\/2025\/06\/WhatsApp-Image-2025-06-05-at-09.07.12.jpeg?resize=1229%2C1536&amp;ssl=1 1229w, https:\/\/i0.wp.com\/minutobahia24h.com.br\/wp-content\/uploads\/2025\/06\/WhatsApp-Image-2025-06-05-at-09.07.12.jpeg?resize=750%2C938&amp;ssl=1 750w, https:\/\/i0.wp.com\/minutobahia24h.com.br\/wp-content\/uploads\/2025\/06\/WhatsApp-Image-2025-06-05-at-09.07.12.jpeg?resize=1140%2C1425&amp;ssl=1 1140w, https:\/\/i0.wp.com\/minutobahia24h.com.br\/wp-content\/uploads\/2025\/06\/WhatsApp-Image-2025-06-05-at-09.07.12.jpeg?w=1280&amp;ssl=1 1280w\" sizes=\"(max-width: 800px) 100vw, 800px\" \/><\/figure>\n<\/figure>\n\n\n\n<p>A Prefeitura est\u00e1 oferecendo suporte estrutural, organizacional e art\u00edstico \u00e0s comunidades e institui\u00e7\u00f5es que realizam festejos, garantindo seguran\u00e7a, participa\u00e7\u00e3o popular e o resgate das ra\u00edzes juninas. As escolas tamb\u00e9m ter\u00e3o programa\u00e7\u00e3o pr\u00f3pria, refor\u00e7ando o car\u00e1ter educativo e cultural das comemora\u00e7\u00f5es.<\/p>\n\n\n\n<p>\u201cO S\u00e3o Jo\u00e3o \u00e9 uma das maiores express\u00f5es da nossa identidade. Apoiar esses festejos \u00e9 respeitar nossa hist\u00f3ria, movimentar a cidade e cuidar da alma do nosso povo\u201d, afirmou o prefeito Dr. Andr\u00e9.<\/p>\n\n\n\n<p>Com carinho, planejamento e respeito \u00e0s tradi\u00e7\u00f5es, o S\u00e3o Jo\u00e3o 2025 de Filad\u00e9lfia promete ser um dos mais animados e acolhedores dos \u00faltimos anos, celebrando com alegria aquilo que o povo nordestino tem de mais bonito: sua cultura, sua m\u00fasica e sua uni\u00e3o.<br>\u2014<br>Prefeitura de Filad\u00e9lfia<br>Governo da Renova\u00e7\u00e3o<\/p>\n","protected":false},"excerpt":{"rendered":"<p>A Prefeitura de Filad\u00e9lfia deu in\u00edcio oficialmente ao S\u00e3o Jo\u00e3o 2025, refor\u00e7ando seu compromisso com a valoriza\u00e7\u00e3o da cultura popular e o fortalecimento das tradi\u00e7\u00f5es nordestinas. Neste ano, os festejos juninos ganhar\u00e3o ainda mais capilaridade, com uma programa\u00e7\u00e3o especial que contempla bairros, povoados, escolas e o aguardado Arrai\u00e1 Municip\u00e1. A proposta da gest\u00e3o municipal \u00e9 [&hellip;]<\/p>\n","protected":false},"author":2,"featured_media":30294,"comment_status":"open","ping_status":"open","sticky":false,"template":"","format":"standard","meta":{"_jetpack_memberships_contains_paid_content":false,"footnotes":""},"categories":[3],"tags":[],"class_list":["post-30293","post","type-post","status-publish","format-standard","has-post-thumbnail","hentry","category-regional"],"aioseo_notices":[],"jetpack_featured_media_url":"https:\/\/i0.wp.com\/minutobahia24h.com.br\/wp-content\/uploads\/2025\/06\/WhatsApp-Image-2025-06-05-at-09.07.11.jpeg?fit=1080%2C1350&ssl=1","jetpack_sharing_enabled":true,"_links":{"self":[{"href":"https:\/\/minutobahia24h.com.br\/index.php?rest_route=\/wp\/v2\/posts\/30293","targetHints":{"allow":["GET"]}}],"collection":[{"href":"https:\/\/minutobahia24h.com.br\/index.php?rest_route=\/wp\/v2\/posts"}],"about":[{"href":"https:\/\/minutobahia24h.com.br\/index.php?rest_route=\/wp\/v2\/types\/post"}],"author":[{"embeddable":true,"href":"https:\/\/minutobahia24h.com.br\/index.php?rest_route=\/wp\/v2\/users\/2"}],"replies":[{"embeddable":true,"href":"https:\/\/minutobahia24h.com.br\/index.php?rest_route=%2Fwp%2Fv2%2Fcomments&post=30293"}],"version-history":[{"count":1,"href":"https:\/\/minutobahia24h.com.br\/index.php?rest_route=\/wp\/v2\/posts\/30293\/revisions"}],"predecessor-version":[{"id":30297,"href":"https:\/\/minutobahia24h.com.br\/index.php?rest_route=\/wp\/v2\/posts\/30293\/revisions\/30297"}],"wp:featuredmedia":[{"embeddable":true,"href":"https:\/\/minutobahia24h.com.br\/index.php?rest_route=\/wp\/v2\/media\/30294"}],"wp:attachment":[{"href":"https:\/\/minutobahia24h.com.br\/index.php?rest_route=%2Fwp%2Fv2%2Fmedia&parent=30293"}],"wp:term":[{"taxonomy":"category","embeddable":true,"href":"https:\/\/minutobahia24h.com.br\/index.php?rest_route=%2Fwp%2Fv2%2Fcategories&post=30293"},{"taxonomy":"post_tag","embeddable":true,"href":"https:\/\/minutobahia24h.com.br\/index.php?rest_route=%2Fwp%2Fv2%2Ftags&post=30293"}],"curies":[{"name":"wp","href":"https:\/\/api.w.org\/{rel}","templated":true}]}}