{"id":30278,"date":"2025-06-05T07:28:52","date_gmt":"2025-06-05T10:28:52","guid":{"rendered":"https:\/\/minutobahia24h.com.br\/?p=30278"},"modified":"2025-06-05T07:28:54","modified_gmt":"2025-06-05T10:28:54","slug":"bolsonaro-presta-depoimento-nesta-quinta-a-pf-em-investigacao-sobre-atuacao-de-eduardo-nos-eua","status":"publish","type":"post","link":"https:\/\/minutobahia24h.com.br\/?p=30278","title":{"rendered":"Bolsonaro presta depoimento nesta quinta \u00e0 PF em investiga\u00e7\u00e3o sobre atua\u00e7\u00e3o de Eduardo nos EUA"},"content":{"rendered":"<div class=\"wp-block-image\">\n<figure class=\"aligncenter size-full\"><img data-recalc-dims=\"1\" fetchpriority=\"high\" decoding=\"async\" width=\"800\" height=\"449\" src=\"https:\/\/i0.wp.com\/minutobahia24h.com.br\/wp-content\/uploads\/2025\/06\/WhatsApp-Image-2025-06-04-at-23.51.02-7.jpeg?resize=800%2C449&#038;ssl=1\" alt=\"\" class=\"wp-image-30279\" srcset=\"https:\/\/i0.wp.com\/minutobahia24h.com.br\/wp-content\/uploads\/2025\/06\/WhatsApp-Image-2025-06-04-at-23.51.02-7.jpeg?w=983&amp;ssl=1 983w, https:\/\/i0.wp.com\/minutobahia24h.com.br\/wp-content\/uploads\/2025\/06\/WhatsApp-Image-2025-06-04-at-23.51.02-7.jpeg?resize=300%2C168&amp;ssl=1 300w, https:\/\/i0.wp.com\/minutobahia24h.com.br\/wp-content\/uploads\/2025\/06\/WhatsApp-Image-2025-06-04-at-23.51.02-7.jpeg?resize=768%2C431&amp;ssl=1 768w, https:\/\/i0.wp.com\/minutobahia24h.com.br\/wp-content\/uploads\/2025\/06\/WhatsApp-Image-2025-06-04-at-23.51.02-7.jpeg?resize=750%2C421&amp;ssl=1 750w\" sizes=\"(max-width: 800px) 100vw, 800px\" \/><figcaption class=\"wp-element-caption\">O ex-presidente da Rep\u00fablica Jair Bolsonaro \u2014 Foto: Jornal Nacional\/ Reprodu\u00e7\u00e3o<br><\/figcaption><\/figure>\n<\/div>\n\n\n<p>A Pol\u00edcia Federal marcou para esta quinta-feira (5) o depoimento do ex-presidente&nbsp;<a class=\"\" href=\"https:\/\/g1.globo.com\/politica\/politico\/jair-bolsonaro\/\">Jair Bolsonaro<\/a>&nbsp;em um inqu\u00e9rito que apura a atua\u00e7\u00e3o do deputado federal licenciado&nbsp;<a class=\"\" href=\"https:\/\/g1.globo.com\/politica\/politico\/eduardo-bolsonaro\/\">Eduardo Bolsonaro<\/a>&nbsp;(PL-SP) nos Estados Unidos contra autoridades brasileiras.<\/p>\n\n\n\n<p>A investiga\u00e7\u00e3o foi aberta a pedido da Procuradoria-Geral da Rep\u00fablica (PGR), que v\u00ea ind\u00edcios de que o ex-presidente tenha sido beneficiado diretamente pelas a\u00e7\u00f5es do filho. Segundo a PGR, Jair Bolsonaro chegou a declarar que ajudaria a bancar a perman\u00eancia de Eduardo nos EUA.<\/p>\n\n\n\n<h2 class=\"wp-block-heading\">O que est\u00e1 sendo investigado?<\/h2>\n\n\n\n<p>Eduardo Bolsonaro \u00e9 suspeito de tentar influenciar o governo norte-americano, especialmente aliados do ex-presidente Donald Trump, a impor san\u00e7\u00f5es contra ministros do Supremo Tribunal Federal (STF).<\/p>\n\n\n\n<p>Para a PGR, essa conduta pode configurar crimes como coa\u00e7\u00e3o no curso do processo, obstru\u00e7\u00e3o de investiga\u00e7\u00f5es sobre organiza\u00e7\u00e3o criminosa e tentativa de aboli\u00e7\u00e3o violenta do Estado de Direito. As a\u00e7\u00f5es, segundo o \u00f3rg\u00e3o, tamb\u00e9m teriam como objetivo interferir nos processos que envolvem Jair Bolsonaro.<\/p>\n\n\n\n<h2 class=\"wp-block-heading\">Por que Bolsonaro ser\u00e1 ouvido?<\/h2>\n\n\n\n<p>A Procuradoria-Geral da Rep\u00fablica argumenta que o ex-presidente Jair Bolsonaro seria diretamente beneficiado pelas a\u00e7\u00f5es do filho. Al\u00e9m disso, ele teria declarado que \u00e9 respons\u00e1vel por custear a perman\u00eancia de Eduardo nos Estados Unidos.<\/p>\n\n\n\n<p>A PGR quer esclarecer se houve envolvimento direto ou apoio do ex-presidente nas estrat\u00e9gias do filho para pressionar o STF. O ministro Alexandre de Moraes, relator do caso no Supremo, autorizou a oitiva de Bolsonaro e de outras testemunhas, incluindo diplomatas brasileiros nos EUA e parlamentares como Lindbergh Farias (PT-RJ), que cobrou apura\u00e7\u00e3o formal da C\u00e2mara.<\/p>\n\n\n\n<h2 class=\"wp-block-heading\">O que Eduardo disse ao se mudar para os EUA?<\/h2>\n\n\n<div class=\"wp-block-image\">\n<figure class=\"aligncenter\"><img data-recalc-dims=\"1\" decoding=\"async\" src=\"https:\/\/i0.wp.com\/s2-g1.glbimg.com\/OKJS3qVVLlkGEg4UKwhAaRO-gsE%3D\/0x0%3A800x449\/984x0\/smart\/filters%3Astrip_icc%28%29\/i.s3.glbimg.com\/v1\/AUTH_59edd422c0c84a879bd37670ae4f538a\/internal_photos\/bs\/2025\/e\/X\/BjrrEQRGiebQpODd84hA\/eduardo.webp?w=800&#038;ssl=1\" alt=\"Eduardo Bolsonaro tem se reunido com parlamentares republicanos em Washington, como Cory Mills \u2014 Foto: Reprodu\u00e7\u00e3o \/ X\"\/><\/figure>\n<\/div>\n\n\n<p>Eduardo Bolsonaro tem se reunido com parlamentares republicanos em Washington, como Cory Mills \u2014 Foto: Reprodu\u00e7\u00e3o \/ X<\/p>\n\n\n\n<p>Em mar\u00e7o deste ano, Eduardo Bolsonaro anunciou que tiraria licen\u00e7a do mandato parlamentar para morar nos Estados Unidos. Desde o fim de fevereiro, ele vive no pa\u00eds.<\/p>\n\n\n\n<p>Ao justificar a mudan\u00e7a, Eduardo fez cr\u00edticas p\u00fablicas ao STF, em especial ao ministro Alexandre de Moraes, respons\u00e1vel por inqu\u00e9ritos envolvendo o ex-presidente e aliados. Em entrevistas e postagens nas redes sociais, o deputado afirmou estar trabalhando para que o governo dos EUA adote san\u00e7\u00f5es contra ministros da Suprema Corte brasileira.<\/p>\n\n\n\n<p>Segundo a PGR, essas declara\u00e7\u00f5es t\u00eam tom intimidat\u00f3rio e buscam interferir no andamento das investiga\u00e7\u00f5es em curso no Brasil.<\/p>\n\n\n\n<p><\/p>\n","protected":false},"excerpt":{"rendered":"<p>A Pol\u00edcia Federal marcou para esta quinta-feira (5) o depoimento do ex-presidente&nbsp;Jair Bolsonaro&nbsp;em um inqu\u00e9rito que apura a atua\u00e7\u00e3o do deputado federal licenciado&nbsp;Eduardo Bolsonaro&nbsp;(PL-SP) nos Estados Unidos contra autoridades brasileiras. A investiga\u00e7\u00e3o foi aberta a pedido da Procuradoria-Geral da Rep\u00fablica (PGR), que v\u00ea ind\u00edcios de que o ex-presidente tenha sido beneficiado diretamente pelas a\u00e7\u00f5es do [&hellip;]<\/p>\n","protected":false},"author":2,"featured_media":30279,"comment_status":"open","ping_status":"open","sticky":false,"template":"","format":"standard","meta":{"_jetpack_memberships_contains_paid_content":false,"footnotes":""},"categories":[39],"tags":[],"class_list":["post-30278","post","type-post","status-publish","format-standard","has-post-thumbnail","hentry","category-politica"],"aioseo_notices":[],"jetpack_featured_media_url":"https:\/\/i0.wp.com\/minutobahia24h.com.br\/wp-content\/uploads\/2025\/06\/WhatsApp-Image-2025-06-04-at-23.51.02-7.jpeg?fit=983%2C552&ssl=1","jetpack_sharing_enabled":true,"_links":{"self":[{"href":"https:\/\/minutobahia24h.com.br\/index.php?rest_route=\/wp\/v2\/posts\/30278","targetHints":{"allow":["GET"]}}],"collection":[{"href":"https:\/\/minutobahia24h.com.br\/index.php?rest_route=\/wp\/v2\/posts"}],"about":[{"href":"https:\/\/minutobahia24h.com.br\/index.php?rest_route=\/wp\/v2\/types\/post"}],"author":[{"embeddable":true,"href":"https:\/\/minutobahia24h.com.br\/index.php?rest_route=\/wp\/v2\/users\/2"}],"replies":[{"embeddable":true,"href":"https:\/\/minutobahia24h.com.br\/index.php?rest_route=%2Fwp%2Fv2%2Fcomments&post=30278"}],"version-history":[{"count":1,"href":"https:\/\/minutobahia24h.com.br\/index.php?rest_route=\/wp\/v2\/posts\/30278\/revisions"}],"predecessor-version":[{"id":30280,"href":"https:\/\/minutobahia24h.com.br\/index.php?rest_route=\/wp\/v2\/posts\/30278\/revisions\/30280"}],"wp:featuredmedia":[{"embeddable":true,"href":"https:\/\/minutobahia24h.com.br\/index.php?rest_route=\/wp\/v2\/media\/30279"}],"wp:attachment":[{"href":"https:\/\/minutobahia24h.com.br\/index.php?rest_route=%2Fwp%2Fv2%2Fmedia&parent=30278"}],"wp:term":[{"taxonomy":"category","embeddable":true,"href":"https:\/\/minutobahia24h.com.br\/index.php?rest_route=%2Fwp%2Fv2%2Fcategories&post=30278"},{"taxonomy":"post_tag","embeddable":true,"href":"https:\/\/minutobahia24h.com.br\/index.php?rest_route=%2Fwp%2Fv2%2Ftags&post=30278"}],"curies":[{"name":"wp","href":"https:\/\/api.w.org\/{rel}","templated":true}]}}