{"id":30275,"date":"2025-06-05T07:27:08","date_gmt":"2025-06-05T10:27:08","guid":{"rendered":"https:\/\/minutobahia24h.com.br\/?p=30275"},"modified":"2025-06-05T07:27:09","modified_gmt":"2025-06-05T10:27:09","slug":"equador-x-brasil-veja-provaveis-escalacoes-horario-e-onde-assistir","status":"publish","type":"post","link":"https:\/\/minutobahia24h.com.br\/?p=30275","title":{"rendered":"Equador x Brasil: Veja prov\u00e1veis escala\u00e7\u00f5es, hor\u00e1rio e onde assistir"},"content":{"rendered":"<div class=\"wp-block-image\">\n<figure class=\"aligncenter size-large\"><img data-recalc-dims=\"1\" fetchpriority=\"high\" decoding=\"async\" width=\"800\" height=\"420\" src=\"https:\/\/i0.wp.com\/minutobahia24h.com.br\/wp-content\/uploads\/2025\/06\/WhatsApp-Image-2025-06-04-at-23.51.02-6-1024x538.jpeg?resize=800%2C420&#038;ssl=1\" alt=\"\" class=\"wp-image-30276\" srcset=\"https:\/\/i0.wp.com\/minutobahia24h.com.br\/wp-content\/uploads\/2025\/06\/WhatsApp-Image-2025-06-04-at-23.51.02-6.jpeg?resize=1024%2C538&amp;ssl=1 1024w, https:\/\/i0.wp.com\/minutobahia24h.com.br\/wp-content\/uploads\/2025\/06\/WhatsApp-Image-2025-06-04-at-23.51.02-6.jpeg?resize=300%2C158&amp;ssl=1 300w, https:\/\/i0.wp.com\/minutobahia24h.com.br\/wp-content\/uploads\/2025\/06\/WhatsApp-Image-2025-06-04-at-23.51.02-6.jpeg?resize=768%2C403&amp;ssl=1 768w, https:\/\/i0.wp.com\/minutobahia24h.com.br\/wp-content\/uploads\/2025\/06\/WhatsApp-Image-2025-06-04-at-23.51.02-6.jpeg?resize=750%2C394&amp;ssl=1 750w, https:\/\/i0.wp.com\/minutobahia24h.com.br\/wp-content\/uploads\/2025\/06\/WhatsApp-Image-2025-06-04-at-23.51.02-6.jpeg?resize=1140%2C599&amp;ssl=1 1140w, https:\/\/i0.wp.com\/minutobahia24h.com.br\/wp-content\/uploads\/2025\/06\/WhatsApp-Image-2025-06-04-at-23.51.02-6.jpeg?w=1200&amp;ssl=1 1200w\" sizes=\"(max-width: 800px) 100vw, 800px\" \/><figcaption class=\"wp-element-caption\">Montagem: Thiago Tolentino\/Bahia Not\u00edcias<br><\/figcaption><\/figure>\n<\/div>\n\n\n<p>A Sele\u00e7\u00e3o Brasileira volta a campo nesta quinta-feira (5) pelas Eliminat\u00f3rias da Copa do Mundo de 2026, em um duelo que carrega ares de recome\u00e7o. No Est\u00e1dio Monumental de Guayaquil, o Brasil enfrenta o Equador, \u00e0s 20h (hor\u00e1rio de Bras\u00edlia), pela 15\u00aa rodada, em um jogo que marca a aguardada estreia de Carlo Ancelotti no comando t\u00e9cnico da equipe.<\/p>\n\n\n\n<p>Atualmente o\u00a0clima na Sele\u00e7\u00e3o \u00e9 de reformula\u00e7\u00e3o, tanto no campo quanto nos bastidores. Com nova presid\u00eancia, mudan\u00e7as na comiss\u00e3o t\u00e9cnica e \u00e2nimos renovados, a expectativa gira em torno da reconstru\u00e7\u00e3o do time a menos de um ano da Copa do Mundo.<\/p>\n\n\n\n<p>Dentro de campo, o Brasil ocupa atualmente a quarta coloca\u00e7\u00e3o das Eliminat\u00f3rias, somando 21 pontos, com uma campanha de seis vit\u00f3rias, tr\u00eas empates e cinco derrotas. A \u00faltima partida foi marcada pela dura goleada sofrida por 4 a 1 diante da Argentina, no Monumental de Nu\u00f1ez. Uma vit\u00f3ria diante dos equatorianos pode fazer a Sele\u00e7\u00e3o assumir a vice-coloca\u00e7\u00e3o da tabela, desde que o Uruguai n\u00e3o ven\u00e7a sua partida na rodada.<\/p>\n\n\n\n<p>O zagueiro Marquinhos, capit\u00e3o do PSG e rec\u00e9m-campe\u00e3o da Liga dos Campe\u00f5es, ser\u00e1\u00a0uma das lideran\u00e7as desse processo de transi\u00e7\u00e3o. Ele destacou o impacto da chegada de Ancelotti.<\/p>\n\n\n\n<p><strong>&#8220;As expectativas, os desejos e a ambi\u00e7\u00e3o s\u00e3o as melhores poss\u00edveis. Nosso treinador j\u00e1 mostrou a for\u00e7a que tem no futebol mundial, e foi por isso que a Sele\u00e7\u00e3o apostou nele t\u00e3o perto da Copa. No PSG eu percebi que as din\u00e2micas podem mudar muito r\u00e1pido, e espero que isso aconte\u00e7a aqui tamb\u00e9m. Ele foi muito claro nos planos de jogo e tem uma leitura t\u00e1tica muito apurada, sabe se adaptar aos jogadores que tem nas m\u00e3os&#8221;&nbsp;afirmou o defensor.<\/strong><\/p>\n\n\n\n<p><strong>Para o compromisso desta noite, Ancelotti indicou no \u00faltimo treino um prov\u00e1vel time, que deve contar com: Alisson; Vanderson, Alexsandro , Marquinhos e Alex Sandro; Casemiro, Andreas Pereira, Andrey Santos e Est\u00eav\u00e3o; Vin\u00edcius J\u00fanior e Richarlison. Vale lembrar que Raphinha cumpre suspens\u00e3o autom\u00e1tica e n\u00e3o joga no confronto de logo mais.<\/strong><\/p>\n\n\n\n<p><img data-recalc-dims=\"1\" decoding=\"async\" alt=\"\" src=\"https:\/\/i0.wp.com\/www.bahianoticias.com.br\/fotos\/esportes_noticias\/74385\/mg\/TEMPLATE%20BN%20TESTE%20%283%29.jpg?w=800&#038;ssl=1\"><br><em>Montagem: Thiago Tolentino\/Bahia Not\u00edcias<\/em><\/p>\n\n\n\n<p><strong>EQUADOR<\/strong><\/p>\n\n\n\n<p><strong>Vice-l\u00edder da competi\u00e7\u00e3o, a Sele\u00e7\u00e3o Equatoriana ter\u00e1 um desafio decisivo contra o Brasil. Com 23 pontos, a &#8220;La Tri&#8221; pode encaminhar a classifica\u00e7\u00e3o para o Mundial em caso de vit\u00f3ria, dependendo ainda de uma combina\u00e7\u00e3o de resultados.<\/strong><\/p>\n\n\n\n<p><strong>A equipe comandada pelo argentino Sebasti\u00e1n Beccacece chega embalada, mas precisar\u00e1 lidar com desfalques importantes. Os atacantes Enner Valencia, do Internacional, e Gonzalo Plata, do Flamengo, n\u00e3o devem estar \u00e0 disposi\u00e7\u00e3o. Ambos foram vetados por problemas f\u00edsicos, com os clubes brasileiros enviando comunicados oficiais \u00e0 Federa\u00e7\u00e3o Equatoriana. Ainda assim, Valencia segue com o grupo e tentar\u00e1, at\u00e9 os \u00faltimos testes, reunir condi\u00e7\u00f5es de jogo, enquanto Plata j\u00e1 retornou ao Rio de Janeiro e est\u00e1 oficialmente fora da partida.<\/strong><\/p>\n\n\n\n<p><strong>Apesar da boa fase da sele\u00e7\u00e3o equatoriana, o t\u00e9cnico Beccacece fez quest\u00e3o de afastar qualquer discurso que minimize a for\u00e7a da Sele\u00e7\u00e3o Brasileira. Na entrevista coletiva realizada nesta quarta-feira (4), o treinador foi categ\u00f3rico ao rebater quem sugere que o Brasil vive momento de fragilidade.<\/strong><\/p>\n\n\n\n<p><strong>&#8220;Achar que o Brasil \u00e9 fraco \u00e9 um erro, para mim, \u00e9 um grande erro. Se n\u00e3o terminaram em primeiro, terminaram em segundo. Eles t\u00eam um elenco de primeira linha, al\u00e9m do melhor treinador do mundo em trabalhar com grandes nomes e atletas experientes&#8221;, afirmou o t\u00e9cnico, referindo-se \u00e0 estreia do italiano Carlo Ancelotti no comando da Sele\u00e7\u00e3o Brasileira.<\/strong><\/p>\n\n\n\n<p><strong>O cen\u00e1rio \u00e9 claro para o Equador: al\u00e9m de vencer os brasileiros, a equipe torce por um empate entre Venezuela e Bol\u00edvia, que se enfrentam no pr\u00f3ximo dia 6, para assegurar matematicamente sua vaga na Copa do Mundo de 2026. Caso contr\u00e1rio, a defini\u00e7\u00e3o ficar\u00e1 para as \u00faltimas rodadas.<\/strong><br><br>&nbsp;<\/p>\n\n\n\n<p><strong>FICHA T\u00c9CNICA&nbsp;<br>Equador x Brasil<br>Eliminat\u00f3rias da Copa do Mundo &#8211; 15\u00aa rodada<br>Local:&nbsp;<\/strong>Monumental de Guayaquil, no Equador<br><strong>Data:&nbsp;<\/strong>05\/06\/2025<br><strong>Hor\u00e1rio:&nbsp;<\/strong>20h (de Bras\u00edlia)<br><strong>\u00c1rbitro:&nbsp;<\/strong>Piero Maza (CHI)<br><strong>Assistentes:&nbsp;<\/strong>Claudio Urrutia (CHI) e Alejandro Molina (CHI)<br><strong>VAR:&nbsp;<\/strong>Jose Cabero (CHI)<br><strong>Transmiss\u00e3o:&nbsp;<\/strong>TV Globo e SporTV<\/p>\n\n\n\n<p><strong>Equador:&nbsp;<\/strong>Gal\u00edndez; Ord\u00f3\u00f1ez, Pacho, Hincapi\u00e9 e Estupi\u00f1\u00e1n; Mois\u00e9s Caicedo, Vite e Alan Franco; Castillo (Minda), Kendry Paez e Enner Valencia (Kevin Rodr\u00edguez).<strong>&nbsp;T\u00e9cnico:&nbsp;<\/strong>Sebasti\u00e1n Beccacece<\/p>\n\n\n\n<p><br><strong>Bahia:\u00a0<\/strong>Alisson; Vanderson, Danilo, Marquinhos e Alex Sandro; Casemiro, Andreas Pereira, Andrey Santos e Est\u00eav\u00e3o; Vin\u00edcius J\u00fanior e Richarlison. <strong>T\u00e9cnico:\u00a0<\/strong>Carlo Ancelotti<\/p>\n\n\n\n<p>BN<\/p>\n","protected":false},"excerpt":{"rendered":"<p>A Sele\u00e7\u00e3o Brasileira volta a campo nesta quinta-feira (5) pelas Eliminat\u00f3rias da Copa do Mundo de 2026, em um duelo que carrega ares de recome\u00e7o. No Est\u00e1dio Monumental de Guayaquil, o Brasil enfrenta o Equador, \u00e0s 20h (hor\u00e1rio de Bras\u00edlia), pela 15\u00aa rodada, em um jogo que marca a aguardada estreia de Carlo Ancelotti no [&hellip;]<\/p>\n","protected":false},"author":2,"featured_media":30276,"comment_status":"open","ping_status":"open","sticky":false,"template":"","format":"standard","meta":{"_jetpack_memberships_contains_paid_content":false,"footnotes":""},"categories":[20],"tags":[],"class_list":["post-30275","post","type-post","status-publish","format-standard","has-post-thumbnail","hentry","category-esporte"],"aioseo_notices":[],"jetpack_featured_media_url":"https:\/\/i0.wp.com\/minutobahia24h.com.br\/wp-content\/uploads\/2025\/06\/WhatsApp-Image-2025-06-04-at-23.51.02-6.jpeg?fit=1200%2C630&ssl=1","jetpack_sharing_enabled":true,"_links":{"self":[{"href":"https:\/\/minutobahia24h.com.br\/index.php?rest_route=\/wp\/v2\/posts\/30275","targetHints":{"allow":["GET"]}}],"collection":[{"href":"https:\/\/minutobahia24h.com.br\/index.php?rest_route=\/wp\/v2\/posts"}],"about":[{"href":"https:\/\/minutobahia24h.com.br\/index.php?rest_route=\/wp\/v2\/types\/post"}],"author":[{"embeddable":true,"href":"https:\/\/minutobahia24h.com.br\/index.php?rest_route=\/wp\/v2\/users\/2"}],"replies":[{"embeddable":true,"href":"https:\/\/minutobahia24h.com.br\/index.php?rest_route=%2Fwp%2Fv2%2Fcomments&post=30275"}],"version-history":[{"count":1,"href":"https:\/\/minutobahia24h.com.br\/index.php?rest_route=\/wp\/v2\/posts\/30275\/revisions"}],"predecessor-version":[{"id":30277,"href":"https:\/\/minutobahia24h.com.br\/index.php?rest_route=\/wp\/v2\/posts\/30275\/revisions\/30277"}],"wp:featuredmedia":[{"embeddable":true,"href":"https:\/\/minutobahia24h.com.br\/index.php?rest_route=\/wp\/v2\/media\/30276"}],"wp:attachment":[{"href":"https:\/\/minutobahia24h.com.br\/index.php?rest_route=%2Fwp%2Fv2%2Fmedia&parent=30275"}],"wp:term":[{"taxonomy":"category","embeddable":true,"href":"https:\/\/minutobahia24h.com.br\/index.php?rest_route=%2Fwp%2Fv2%2Fcategories&post=30275"},{"taxonomy":"post_tag","embeddable":true,"href":"https:\/\/minutobahia24h.com.br\/index.php?rest_route=%2Fwp%2Fv2%2Ftags&post=30275"}],"curies":[{"name":"wp","href":"https:\/\/api.w.org\/{rel}","templated":true}]}}