{"id":30229,"date":"2025-06-05T06:47:03","date_gmt":"2025-06-05T09:47:03","guid":{"rendered":"https:\/\/minutobahia24h.com.br\/?p=30229"},"modified":"2025-06-05T06:47:05","modified_gmt":"2025-06-05T09:47:05","slug":"secretaria-de-saude-de-juazeiro-divulga-cronograma-de-vacinacao-contra-a-influenza-nesta-quinta-feira-5","status":"publish","type":"post","link":"https:\/\/minutobahia24h.com.br\/?p=30229","title":{"rendered":"Secretaria de Sa\u00fade de Juazeiro divulga cronograma de vacina\u00e7\u00e3o contra a Influenza nesta quinta-feira (5)"},"content":{"rendered":"<div class=\"wp-block-image\">\n<figure class=\"aligncenter size-full\"><img data-recalc-dims=\"1\" fetchpriority=\"high\" decoding=\"async\" width=\"500\" height=\"625\" src=\"https:\/\/i0.wp.com\/minutobahia24h.com.br\/wp-content\/uploads\/2025\/06\/Sem-titulo-71.jpg?resize=500%2C625&#038;ssl=1\" alt=\"\" class=\"wp-image-30230\" srcset=\"https:\/\/i0.wp.com\/minutobahia24h.com.br\/wp-content\/uploads\/2025\/06\/Sem-titulo-71.jpg?w=500&amp;ssl=1 500w, https:\/\/i0.wp.com\/minutobahia24h.com.br\/wp-content\/uploads\/2025\/06\/Sem-titulo-71.jpg?resize=240%2C300&amp;ssl=1 240w\" sizes=\"(max-width: 500px) 100vw, 500px\" \/><\/figure>\n<\/div>\n\n\n<p>A Secretaria de Sa\u00fade de Juazeiro\/Sesau informa \u00e0 popula\u00e7\u00e3o que nesta quinta-feira (5), realizar\u00e1 uma a\u00e7\u00e3o especial de vacina\u00e7\u00e3o contra a Influenza em dois hor\u00e1rios e locais estrat\u00e9gicos, com o objetivo de ampliar a cobertura vacinal e facilitar o acesso \u00e0 imuniza\u00e7\u00e3o.<\/p>\n\n\n\n<p>Das 8h \u00e0s 12h, a vacina\u00e7\u00e3o acontecer\u00e1 na Policl\u00ednica Municipal, localizada na Orla I, no Centro da cidade. J\u00e1 no per\u00edodo da noite, das 17h \u00e0s 20h30, ser\u00e1 realizado o Coruj\u00e3o da Vacina\u00e7\u00e3o contra a Influenza, na Universidade Federal do Vale do S\u00e3o Francisco\/Univasf.<\/p>\n\n\n\n<p>O Coruj\u00e3o contar\u00e1 com a presen\u00e7a do Z\u00e9 Gotinha, s\u00edmbolo nacional das campanhas de vacina\u00e7\u00e3o, trazendo alegria e conscientiza\u00e7\u00e3o ao p\u00fablico presente, especialmente \u00e0s crian\u00e7as.<\/p>\n\n\n\n<p>Para se vacinar, \u00e9 necess\u00e1rio apresentar um documento de identifica\u00e7\u00e3o. A Sesau refor\u00e7a que a vacina est\u00e1 liberada para toda a popula\u00e7\u00e3o acima de 6 meses de idade.<\/p>\n\n\n\n<p>A vacina\u00e7\u00e3o segue dispon\u00edvel nas Unidades B\u00e1sicas de Sa\u00fade\/UBSs da sede do munic\u00edpio, das 7h30 \u00e0s 12h e das 13h30 \u00e0s 17h, e no interior, das 7h \u00e0s 13h, de segunda \u00e0 sexta-feira.<\/p>\n\n\n\n<p>A Farm\u00e1cia Central, localizada ao lado do Camel\u00f3dromo, na Pra\u00e7a Padre Pedro Pereira Primo (Centro), tamb\u00e9m continuar\u00e1 ofertando a vacina, de segunda a sexta-feira, das 8h \u00e0s 17h.<\/p>\n\n\n\n<p>Camila Santana \u2013 Ascom PMJ\/ Sesau<\/p>\n","protected":false},"excerpt":{"rendered":"<p>A Secretaria de Sa\u00fade de Juazeiro\/Sesau informa \u00e0 popula\u00e7\u00e3o que nesta quinta-feira (5), realizar\u00e1 uma a\u00e7\u00e3o especial de vacina\u00e7\u00e3o contra a Influenza em dois hor\u00e1rios e locais estrat\u00e9gicos, com o objetivo de ampliar a cobertura vacinal e facilitar o acesso \u00e0 imuniza\u00e7\u00e3o. Das 8h \u00e0s 12h, a vacina\u00e7\u00e3o acontecer\u00e1 na Policl\u00ednica Municipal, localizada na Orla [&hellip;]<\/p>\n","protected":false},"author":2,"featured_media":30230,"comment_status":"open","ping_status":"open","sticky":false,"template":"","format":"standard","meta":{"_jetpack_memberships_contains_paid_content":false,"footnotes":""},"categories":[3],"tags":[],"class_list":["post-30229","post","type-post","status-publish","format-standard","has-post-thumbnail","hentry","category-regional"],"aioseo_notices":[],"jetpack_featured_media_url":"https:\/\/i0.wp.com\/minutobahia24h.com.br\/wp-content\/uploads\/2025\/06\/Sem-titulo-71.jpg?fit=500%2C625&ssl=1","jetpack_sharing_enabled":true,"_links":{"self":[{"href":"https:\/\/minutobahia24h.com.br\/index.php?rest_route=\/wp\/v2\/posts\/30229","targetHints":{"allow":["GET"]}}],"collection":[{"href":"https:\/\/minutobahia24h.com.br\/index.php?rest_route=\/wp\/v2\/posts"}],"about":[{"href":"https:\/\/minutobahia24h.com.br\/index.php?rest_route=\/wp\/v2\/types\/post"}],"author":[{"embeddable":true,"href":"https:\/\/minutobahia24h.com.br\/index.php?rest_route=\/wp\/v2\/users\/2"}],"replies":[{"embeddable":true,"href":"https:\/\/minutobahia24h.com.br\/index.php?rest_route=%2Fwp%2Fv2%2Fcomments&post=30229"}],"version-history":[{"count":1,"href":"https:\/\/minutobahia24h.com.br\/index.php?rest_route=\/wp\/v2\/posts\/30229\/revisions"}],"predecessor-version":[{"id":30231,"href":"https:\/\/minutobahia24h.com.br\/index.php?rest_route=\/wp\/v2\/posts\/30229\/revisions\/30231"}],"wp:featuredmedia":[{"embeddable":true,"href":"https:\/\/minutobahia24h.com.br\/index.php?rest_route=\/wp\/v2\/media\/30230"}],"wp:attachment":[{"href":"https:\/\/minutobahia24h.com.br\/index.php?rest_route=%2Fwp%2Fv2%2Fmedia&parent=30229"}],"wp:term":[{"taxonomy":"category","embeddable":true,"href":"https:\/\/minutobahia24h.com.br\/index.php?rest_route=%2Fwp%2Fv2%2Fcategories&post=30229"},{"taxonomy":"post_tag","embeddable":true,"href":"https:\/\/minutobahia24h.com.br\/index.php?rest_route=%2Fwp%2Fv2%2Ftags&post=30229"}],"curies":[{"name":"wp","href":"https:\/\/api.w.org\/{rel}","templated":true}]}}