{"id":30143,"date":"2025-06-03T15:08:36","date_gmt":"2025-06-03T18:08:36","guid":{"rendered":"https:\/\/minutobahia24h.com.br\/?p=30143"},"modified":"2025-06-03T15:08:38","modified_gmt":"2025-06-03T18:08:38","slug":"cantor-da-banda-desejo-de-menina-tem-prisao-revogada-pela-justica-de-pernambuco","status":"publish","type":"post","link":"https:\/\/minutobahia24h.com.br\/?p=30143","title":{"rendered":"Cantor da Banda Desejo de Menina tem pris\u00e3o revogada pela justi\u00e7a de Pernambuco"},"content":{"rendered":"<div class=\"wp-block-image\">\n<figure class=\"aligncenter size-full\"><img data-recalc-dims=\"1\" fetchpriority=\"high\" decoding=\"async\" width=\"796\" height=\"449\" src=\"https:\/\/i0.wp.com\/minutobahia24h.com.br\/wp-content\/uploads\/2025\/06\/Sem-titulo-48.jpg?resize=796%2C449&#038;ssl=1\" alt=\"\" class=\"wp-image-30144\" srcset=\"https:\/\/i0.wp.com\/minutobahia24h.com.br\/wp-content\/uploads\/2025\/06\/Sem-titulo-48.jpg?w=796&amp;ssl=1 796w, https:\/\/i0.wp.com\/minutobahia24h.com.br\/wp-content\/uploads\/2025\/06\/Sem-titulo-48.jpg?resize=300%2C169&amp;ssl=1 300w, https:\/\/i0.wp.com\/minutobahia24h.com.br\/wp-content\/uploads\/2025\/06\/Sem-titulo-48.jpg?resize=768%2C433&amp;ssl=1 768w, https:\/\/i0.wp.com\/minutobahia24h.com.br\/wp-content\/uploads\/2025\/06\/Sem-titulo-48.jpg?resize=750%2C423&amp;ssl=1 750w\" sizes=\"(max-width: 796px) 100vw, 796px\" \/><figcaption class=\"wp-element-caption\"><sub>Foto: Reprodu\u00e7\u00e3o \/ Redes Sociais<\/sub><br><\/figcaption><\/figure>\n<\/div>\n\n\n<p>O cantor Lenno Ferreira, vocalista da banda Desejo de Menina, dever\u00e1 ser solto nas pr\u00f3ximas horas ap\u00f3s uma decis\u00e3o da justi\u00e7a de Pernambuco. A informa\u00e7\u00e3o, obtida pelo ClickPB, foi confirmada pela defesa do artista. A decis\u00e3o foi emitida nesta segunda-feira (2) a noite e por ser necess\u00e1ria uma tramita\u00e7\u00e3o entre a justi\u00e7a de Pernambuco para informar a justi\u00e7a da Para\u00edba, a soltura do artista dever\u00e1 ocorrer nesta ter\u00e7a-feira (3).<\/p>\n\n\n\n<p>Lenno estava preso desde a madrugada do domingo (1\u00ba) devido ao cumprimento de um mandado de pris\u00e3o expedido pela justi\u00e7a pernambucana, durante uma a\u00e7\u00e3o da Pol\u00edcia Militar da Para\u00edba. Conforme o Tenente-Coronel Fl\u00e1vio, do 1\u00b0 Batalh\u00e3o (BPM), explicou \u00e0 reportagem do ClickPB, a pris\u00e3o preventiva se deu devido a um mandado expedido pela justi\u00e7a de Pernambuco. A pris\u00e3o ocorreu por volta das 2h, ap\u00f3s o t\u00e9rmino do show no bairro de Jaguaribe, em um evento de S\u00e3o Jo\u00e3o de rua. Segundo a Pol\u00edcia Civil detalhou em nota enviada \u00e0 imprensa, Lenno \u00e9 acusado de homic\u00eddio culposo no tr\u00e2nsito e embriaguez ao volante.<\/p>\n\n\n\n<h4 class=\"wp-block-heading\"><strong><mark>Acidente tr\u00e1gico<\/mark><\/strong><\/h4>\n\n\n\n<p>O mandado de pris\u00e3o preventiva \u00e9 referente a um acidente que o cantor se envolveu, no \u00faltimo dia 5 de maio, na BR-428. A informa\u00e7\u00e3o foi confirmada pela Pol\u00edcia Militar. \u00c0 \u00e9poca, segundo populares, Lenno era o motorista de uma Range Rover que acabou colidindo com uma Van, no km 116, trecho da rodovia que corta o munic\u00edpio de Santa Maria da Boa Vista.<\/p>\n\n\n\n<p>Conforme a PRF, o carro de luxo bateu na parte de tr\u00e1s da van. Em seguida, a van capotou e a Range Rover desceu a ribanceira. Segundo a PRF, o motorista do carro sofreu ferimentos leves, se recusou a fazer o teste do baf\u00f4metro e foi autuado. Na van estavam 15 pessoas. Sete ficaram feridas e foram encaminhadas as unidades de sa\u00fade na regi\u00e3o. Uma delas, a banc\u00e1ria Thiara Freire, de 33 anos, n\u00e3o resistiu e morreu na hora.<\/p>\n\n\n\n<p>blogdoeloiltoncajuhy<\/p>\n","protected":false},"excerpt":{"rendered":"<p>O cantor Lenno Ferreira, vocalista da banda Desejo de Menina, dever\u00e1 ser solto nas pr\u00f3ximas horas ap\u00f3s uma decis\u00e3o da justi\u00e7a de Pernambuco. A informa\u00e7\u00e3o, obtida pelo ClickPB, foi confirmada pela defesa do artista. A decis\u00e3o foi emitida nesta segunda-feira (2) a noite e por ser necess\u00e1ria uma tramita\u00e7\u00e3o entre a justi\u00e7a de Pernambuco para [&hellip;]<\/p>\n","protected":false},"author":2,"featured_media":30144,"comment_status":"open","ping_status":"open","sticky":false,"template":"","format":"standard","meta":{"_jetpack_memberships_contains_paid_content":false,"footnotes":""},"categories":[46],"tags":[],"class_list":["post-30143","post","type-post","status-publish","format-standard","has-post-thumbnail","hentry","category-noticia"],"aioseo_notices":[],"jetpack_featured_media_url":"https:\/\/i0.wp.com\/minutobahia24h.com.br\/wp-content\/uploads\/2025\/06\/Sem-titulo-48.jpg?fit=796%2C449&ssl=1","jetpack_sharing_enabled":true,"_links":{"self":[{"href":"https:\/\/minutobahia24h.com.br\/index.php?rest_route=\/wp\/v2\/posts\/30143","targetHints":{"allow":["GET"]}}],"collection":[{"href":"https:\/\/minutobahia24h.com.br\/index.php?rest_route=\/wp\/v2\/posts"}],"about":[{"href":"https:\/\/minutobahia24h.com.br\/index.php?rest_route=\/wp\/v2\/types\/post"}],"author":[{"embeddable":true,"href":"https:\/\/minutobahia24h.com.br\/index.php?rest_route=\/wp\/v2\/users\/2"}],"replies":[{"embeddable":true,"href":"https:\/\/minutobahia24h.com.br\/index.php?rest_route=%2Fwp%2Fv2%2Fcomments&post=30143"}],"version-history":[{"count":1,"href":"https:\/\/minutobahia24h.com.br\/index.php?rest_route=\/wp\/v2\/posts\/30143\/revisions"}],"predecessor-version":[{"id":30145,"href":"https:\/\/minutobahia24h.com.br\/index.php?rest_route=\/wp\/v2\/posts\/30143\/revisions\/30145"}],"wp:featuredmedia":[{"embeddable":true,"href":"https:\/\/minutobahia24h.com.br\/index.php?rest_route=\/wp\/v2\/media\/30144"}],"wp:attachment":[{"href":"https:\/\/minutobahia24h.com.br\/index.php?rest_route=%2Fwp%2Fv2%2Fmedia&parent=30143"}],"wp:term":[{"taxonomy":"category","embeddable":true,"href":"https:\/\/minutobahia24h.com.br\/index.php?rest_route=%2Fwp%2Fv2%2Fcategories&post=30143"},{"taxonomy":"post_tag","embeddable":true,"href":"https:\/\/minutobahia24h.com.br\/index.php?rest_route=%2Fwp%2Fv2%2Ftags&post=30143"}],"curies":[{"name":"wp","href":"https:\/\/api.w.org\/{rel}","templated":true}]}}