{"id":30140,"date":"2025-06-03T15:07:15","date_gmt":"2025-06-03T18:07:15","guid":{"rendered":"https:\/\/minutobahia24h.com.br\/?p=30140"},"modified":"2025-06-03T15:07:17","modified_gmt":"2025-06-03T18:07:17","slug":"governo-federal-assume-projeto-de-ferrovia-salvador-feira-de-santana","status":"publish","type":"post","link":"https:\/\/minutobahia24h.com.br\/?p=30140","title":{"rendered":"Governo federal assume projeto de ferrovia Salvador-Feira de Santana"},"content":{"rendered":"<div class=\"wp-block-image\">\n<figure class=\"aligncenter size-full\"><img data-recalc-dims=\"1\" fetchpriority=\"high\" decoding=\"async\" width=\"800\" height=\"444\" src=\"https:\/\/i0.wp.com\/minutobahia24h.com.br\/wp-content\/uploads\/2025\/06\/Sem-titulo-47.jpg?resize=800%2C444&#038;ssl=1\" alt=\"\" class=\"wp-image-30141\" srcset=\"https:\/\/i0.wp.com\/minutobahia24h.com.br\/wp-content\/uploads\/2025\/06\/Sem-titulo-47.jpg?w=900&amp;ssl=1 900w, https:\/\/i0.wp.com\/minutobahia24h.com.br\/wp-content\/uploads\/2025\/06\/Sem-titulo-47.jpg?resize=300%2C167&amp;ssl=1 300w, https:\/\/i0.wp.com\/minutobahia24h.com.br\/wp-content\/uploads\/2025\/06\/Sem-titulo-47.jpg?resize=768%2C427&amp;ssl=1 768w, https:\/\/i0.wp.com\/minutobahia24h.com.br\/wp-content\/uploads\/2025\/06\/Sem-titulo-47.jpg?resize=750%2C417&amp;ssl=1 750w\" sizes=\"(max-width: 800px) 100vw, 800px\" \/><figcaption class=\"wp-element-caption\">Trajeto passaria por Salvador e Feira de Santana, com extens\u00e3o aproximada de 98 km &#8211;\u00a0Foto: Reprodu\u00e7\u00e3o | Di\u00e1rio do Transporte<br><\/figcaption><\/figure>\n<\/div>\n\n\n<p>O projeto de constru\u00e7\u00e3o de uma ferrovia para ligar Salvador a Feira de Santana sofreu uma mudan\u00e7a significativa, o que indica que pode finalmente sair do papel. A Secretaria de Desenvolvimento Urbano do Estado (Sedur) informou ao&nbsp;<strong>Portal A TARDE<\/strong>&nbsp;que o&nbsp;<a href=\"https:\/\/atarde.com.br\/politica\/bahia\/jeronimo-explica-estudo-para-implantacao-de-trem-salvador-feira-129967\" target=\"_blank\" rel=\"noreferrer noopener\"><strong>estudo encomendado pelo Governo da Bahia \u00e0 CCR Metr\u00f4 Bahia<\/strong><\/a>&nbsp;&#8211; empresa concession\u00e1ria do Sistema Metrovi\u00e1rio Salvador e Lauro de Freitas (SMSL) &#8211; para a viabiliza\u00e7\u00e3o da obra foi descontinuado.<\/p>\n\n\n\n<p>A pasta explicou que a interrup\u00e7\u00e3o se deu porque o Governo Federal est\u00e1&nbsp;<strong>desenvolvendo um novo estudo voltado \u00e0 implanta\u00e7\u00e3o do trem entre os dois maiores munic\u00edpios do estado.<\/strong>&nbsp;De acordo com a Sedur, \u201ca decis\u00e3o visa evitar a sobreposi\u00e7\u00e3o de esfor\u00e7os e garantir uma melhor coordena\u00e7\u00e3o entre as esferas estadual e federal.\u201d<\/p>\n\n\n\n<p>A modifica\u00e7\u00e3o do projeto coincide com o interesse de uma empresa. Na semana passada, a Ag\u00eancia Nacional de Transportes Terrestres (ANTT) publicou no Di\u00e1rio Oficial da Uni\u00e3o (DOU) o requerimento da TIC Bahia Ltda. para&nbsp;<strong>obten\u00e7\u00e3o de uma outorga de autoriza\u00e7\u00e3o ferrovi\u00e1ria.<\/strong><\/p>\n\n\n\n<p>Conforme explicou a ANTT, o objetivo da publica\u00e7\u00e3o&nbsp;<strong>foi tornar p\u00fablico o interesse da empresa na explora\u00e7\u00e3o de estrada de ferro&nbsp;<\/strong>com foco no transporte misto, de cargas e passageiros. De acordo com o pedido,&nbsp;<strong>o trajeto passaria por Salvador e Feira de Santana,&nbsp;<\/strong>com extens\u00e3o aproximada de 98 km.<\/p>\n\n\n\n<p>Ainda de acordo com o \u00f3rg\u00e3o federal, a previs\u00e3o para o in\u00edcio das obras ou esbo\u00e7o do projeto est\u00e3o em an\u00e1lise por parte da \u00e1rea t\u00e9cnica desta Ag\u00eancia.<\/p>\n\n\n\n<h2 class=\"wp-block-heading\">O projeto<\/h2>\n\n\n\n<p>O projeto foi revelado ao&nbsp;<strong>Portal A TARDE&nbsp;<\/strong>pela secret\u00e1ria da Sedur, Jusmari Oliveira (PSD), em junho do ano passado. Na \u00e9poca, a&nbsp;<a href=\"https:\/\/atarde.com.br\/politica\/bahia\/estudos-para-trem-salvador-feira-devem-ser-concluidos-em-ate-8-meses-1274867\" target=\"_blank\" rel=\"noreferrer noopener\"><strong>previs\u00e3o era de que os estudos de viabilidade fossem conclu\u00eddos no per\u00edodo de seis a oito meses.<\/strong><\/a><\/p>\n\n\n\n<p>A Manifesta\u00e7\u00e3o de Interesse P\u00fablico (MIP) encaminhada pela CCR ao governo de Jer\u00f4nimo Rodrigues (PT) foi revelada pelo<strong>&nbsp;Portal A TARDE&nbsp;<\/strong>ainda em agosto de 2023. A previs\u00e3o da empresa era de que o novo modal de transporte intercidades atendesse diretamente a aproximadamente 4 milh\u00f5es de pessoas, reunindo as popula\u00e7\u00f5es de Salvador, de Feira de Santana e de outras cidades no percurso, como Sim\u00f5es Filho, Candeias e Santo Amaro.<\/p>\n\n\n\n<p>A CCR estimava tamb\u00e9m que a constru\u00e7\u00e3o do sistema custaria R$ 2,6 bilh\u00f5es aos cofres p\u00fablicos, com um custo operacional, depois de pronto, de R$ 280 milh\u00f5es por ano. A ideia da concession\u00e1ria era de uma nova parceria p\u00fablico-privada (PPP) para tocar a obra e administrar o modal por um prazo de 30 anos.<\/p>\n\n\n\n<p>O projeto da CCR projetava que o tempo estimado que os 103 quil\u00f4metros que separam as duas cidades fossem transpostos em apenas 45 minutos. No documento, a CCR aponta que o novo trem aproveitaria a chegada do SMSL \u00e0s proximidades de \u00c1guas Claras, indicando que a esta\u00e7\u00e3o de partida do sistema poderia ser instalada na regi\u00e3o.<\/p>\n\n\n\n<p>Atarde<\/p>\n","protected":false},"excerpt":{"rendered":"<p>O projeto de constru\u00e7\u00e3o de uma ferrovia para ligar Salvador a Feira de Santana sofreu uma mudan\u00e7a significativa, o que indica que pode finalmente sair do papel. A Secretaria de Desenvolvimento Urbano do Estado (Sedur) informou ao&nbsp;Portal A TARDE&nbsp;que o&nbsp;estudo encomendado pelo Governo da Bahia \u00e0 CCR Metr\u00f4 Bahia&nbsp;&#8211; empresa concession\u00e1ria do Sistema Metrovi\u00e1rio Salvador [&hellip;]<\/p>\n","protected":false},"author":2,"featured_media":30141,"comment_status":"open","ping_status":"open","sticky":false,"template":"","format":"standard","meta":{"_jetpack_memberships_contains_paid_content":false,"footnotes":""},"categories":[46],"tags":[],"class_list":["post-30140","post","type-post","status-publish","format-standard","has-post-thumbnail","hentry","category-noticia"],"aioseo_notices":[],"jetpack_featured_media_url":"https:\/\/i0.wp.com\/minutobahia24h.com.br\/wp-content\/uploads\/2025\/06\/Sem-titulo-47.jpg?fit=900%2C500&ssl=1","jetpack_sharing_enabled":true,"_links":{"self":[{"href":"https:\/\/minutobahia24h.com.br\/index.php?rest_route=\/wp\/v2\/posts\/30140","targetHints":{"allow":["GET"]}}],"collection":[{"href":"https:\/\/minutobahia24h.com.br\/index.php?rest_route=\/wp\/v2\/posts"}],"about":[{"href":"https:\/\/minutobahia24h.com.br\/index.php?rest_route=\/wp\/v2\/types\/post"}],"author":[{"embeddable":true,"href":"https:\/\/minutobahia24h.com.br\/index.php?rest_route=\/wp\/v2\/users\/2"}],"replies":[{"embeddable":true,"href":"https:\/\/minutobahia24h.com.br\/index.php?rest_route=%2Fwp%2Fv2%2Fcomments&post=30140"}],"version-history":[{"count":1,"href":"https:\/\/minutobahia24h.com.br\/index.php?rest_route=\/wp\/v2\/posts\/30140\/revisions"}],"predecessor-version":[{"id":30142,"href":"https:\/\/minutobahia24h.com.br\/index.php?rest_route=\/wp\/v2\/posts\/30140\/revisions\/30142"}],"wp:featuredmedia":[{"embeddable":true,"href":"https:\/\/minutobahia24h.com.br\/index.php?rest_route=\/wp\/v2\/media\/30141"}],"wp:attachment":[{"href":"https:\/\/minutobahia24h.com.br\/index.php?rest_route=%2Fwp%2Fv2%2Fmedia&parent=30140"}],"wp:term":[{"taxonomy":"category","embeddable":true,"href":"https:\/\/minutobahia24h.com.br\/index.php?rest_route=%2Fwp%2Fv2%2Fcategories&post=30140"},{"taxonomy":"post_tag","embeddable":true,"href":"https:\/\/minutobahia24h.com.br\/index.php?rest_route=%2Fwp%2Fv2%2Ftags&post=30140"}],"curies":[{"name":"wp","href":"https:\/\/api.w.org\/{rel}","templated":true}]}}